{"id":195131,"date":"2026-01-21T16:45:23","date_gmt":"2026-01-21T19:45:23","guid":{"rendered":"https:\/\/upla.cl\/noticias\/?p=195131"},"modified":"2026-01-21T16:45:23","modified_gmt":"2026-01-21T19:45:23","slug":"artista-upla-pablo-villegas-presenta-escultura-contemporanea-en-terraza-del-museo-baburizza","status":"publish","type":"post","link":"https:\/\/upla.cl\/noticias\/2026\/01\/21\/artista-upla-pablo-villegas-presenta-escultura-contemporanea-en-terraza-del-museo-baburizza\/","title":{"rendered":"Artista UPLA Pablo Villegas presenta escultura contempor\u00e1nea en terraza del Museo Baburizza"},"content":{"rendered":"<p><a href=\"https:\/\/upla.cl\/noticias\/wp-content\/uploads\/2026\/01\/Pablo-Villegas1.jpg\"><img loading=\"lazy\" decoding=\"async\" class=\"alignright  wp-image-195132\" src=\"https:\/\/upla.cl\/noticias\/wp-content\/uploads\/2026\/01\/Pablo-Villegas1-1024x713.jpg\" alt=\"\" width=\"351\" height=\"244\" srcset=\"https:\/\/upla.cl\/noticias\/wp-content\/uploads\/2026\/01\/Pablo-Villegas1-1024x713.jpg 1024w, https:\/\/upla.cl\/noticias\/wp-content\/uploads\/2026\/01\/Pablo-Villegas1-300x209.jpg 300w, https:\/\/upla.cl\/noticias\/wp-content\/uploads\/2026\/01\/Pablo-Villegas1-150x104.jpg 150w, https:\/\/upla.cl\/noticias\/wp-content\/uploads\/2026\/01\/Pablo-Villegas1-768x535.jpg 768w, https:\/\/upla.cl\/noticias\/wp-content\/uploads\/2026\/01\/Pablo-Villegas1-1536x1070.jpg 1536w, https:\/\/upla.cl\/noticias\/wp-content\/uploads\/2026\/01\/Pablo-Villegas1-110x75.jpg 110w, https:\/\/upla.cl\/noticias\/wp-content\/uploads\/2026\/01\/Pablo-Villegas1.jpg 1920w\" sizes=\"auto, (max-width: 351px) 100vw, 351px\" \/><\/a>Con la obra <strong>\u201cBrotar\u201d del artista Pablo Villegas<\/strong> Rodr\u00edguez, el <strong>Museo de Bellas Artes de Valpara\u00edso<\/strong> en el marco de su d\u00e9cima versi\u00f3n, exhibe una nueva intervenci\u00f3n escult\u00f3rica en la terraza del <strong>Palacio Baburizza.<\/strong> Esta iniciativa tiene como objetivo generar un contraste entre las obras estables de la pinacoteca -correspondientes a los siglos XIX y XX- y la producci\u00f3n contempor\u00e1nea impulsada por artistas de la ciudad.<\/p>\n<p>La escultura, realizada en metal\/fierro soldado, con p\u00e1tina de \u00f3xido y pintura, tiene unas dimensiones de 1,80 x 56 x 50 cm. <strong>La pieza forma parte de la exposici\u00f3n \u201cSin trono ni reina\u201d (2024), una muestra cuyo eje conceptual se articula en torno a la experiencia del perder y el fracasar,<\/strong> y a las formas en que los seres humanos nos posicionamos, renacemos y desarrollamos resiliencia frente a la adversidad.<\/p>\n<p><strong>Rafael Torres, director del Museo Baburizza,<\/strong> <strong>destac\u00f3 llevar a cabo estas acciones en un museo de arte cl\u00e1sico.<\/strong> \u201cEste 2026 se cumplen 10 a\u00f1os desde que presentamos la primera escultura contempor\u00e1nea en el museo, lo que nos ha permitido conocer el trabajo de diversos artistas locales que forman parte de la escena art\u00edstica de Valpara\u00edso. <strong>En esta ocasi\u00f3n nos acompa\u00f1a Pablo Rodr\u00edguez, docente con una importante trayectoria en el trabajo escult\u00f3rico.<\/strong> Estamos muy contentos de exhibir su obra y que pueda ser conocida por cientos de personas que nos visitaran durante la temporada estival\u201d.<\/p>\n<p><a href=\"https:\/\/upla.cl\/noticias\/wp-content\/uploads\/2026\/01\/Pablo-Villegas2.jpg\"><img loading=\"lazy\" decoding=\"async\" class=\"alignright size-medium wp-image-195133\" src=\"https:\/\/upla.cl\/noticias\/wp-content\/uploads\/2026\/01\/Pablo-Villegas2-300x233.jpg\" alt=\"\" width=\"300\" height=\"233\" srcset=\"https:\/\/upla.cl\/noticias\/wp-content\/uploads\/2026\/01\/Pablo-Villegas2-300x233.jpg 300w, https:\/\/upla.cl\/noticias\/wp-content\/uploads\/2026\/01\/Pablo-Villegas2-1024x797.jpg 1024w, https:\/\/upla.cl\/noticias\/wp-content\/uploads\/2026\/01\/Pablo-Villegas2-150x117.jpg 150w, https:\/\/upla.cl\/noticias\/wp-content\/uploads\/2026\/01\/Pablo-Villegas2-768x598.jpg 768w, https:\/\/upla.cl\/noticias\/wp-content\/uploads\/2026\/01\/Pablo-Villegas2.jpg 1059w\" sizes=\"auto, (max-width: 300px) 100vw, 300px\" \/><\/a>Por su parte, <strong>Pablo Villegas, artista y autor de la obra, expres\u00f3: \u201cPara m\u00ed es un honor exponer en el Museo de Bellas Artes de Valpara\u00edso, porque es un espacio cultural de lo m\u00e1s importantes de la ciudad.<\/strong> Que piensen en el trabajo de uno, y <strong>que te inviten es fundamental para nuestra carrera, porque uno se siente acogido por Valpara\u00edso\u201d.<\/strong><\/p>\n<p>El docente de la Facultad de Arte de la Universidad de Playa Ancha, coment\u00f3 adem\u00e1s que<strong> la obra \u201cBrotar\u201d, \u201cevoca ese instante en que, desde la ceniza m\u00e1s densa, renace el primer brote verde. Es una met\u00e1fora del impulso vital que emerge incluso en los momentos m\u00e1s oscuros y concluye una serie de investigaciones escult\u00f3ricas sobre la resiliencia en nuestra sociedad\u201d.<\/strong><\/p>\n<p>Finalmente, la escultura <strong>se exhibir\u00e1 hasta el domingo 29 de marzo, de 10:00 a 19:00 horas, en la terraza del Palacio Baburizza,<\/strong> ubicado en Paseo Yugoslavo 176, Cerro Alegre, Valpara\u00edso.<\/p>\n<p><strong>Artista<\/strong><\/p>\n<p>Licenciado de Educaci\u00f3n con la Especialidad en Artes Pl\u00e1sticas, con especialidad en fundici\u00f3n escult\u00f3rica por la Universidad de Playa Ancha. <strong>Docente de la Facultad de Arte de la Universidad de Playa Ancha, imparte clases avanzadas de escultura.<\/strong><\/p>\n<p><a href=\"https:\/\/upla.cl\/noticias\/wp-content\/uploads\/2026\/01\/Pablo-Villegas3.jpg\"><img loading=\"lazy\" decoding=\"async\" class=\"alignright size-medium wp-image-195134\" src=\"https:\/\/upla.cl\/noticias\/wp-content\/uploads\/2026\/01\/Pablo-Villegas3-300x216.jpg\" alt=\"\" width=\"300\" height=\"216\" srcset=\"https:\/\/upla.cl\/noticias\/wp-content\/uploads\/2026\/01\/Pablo-Villegas3-300x216.jpg 300w, https:\/\/upla.cl\/noticias\/wp-content\/uploads\/2026\/01\/Pablo-Villegas3-1024x738.jpg 1024w, https:\/\/upla.cl\/noticias\/wp-content\/uploads\/2026\/01\/Pablo-Villegas3-150x108.jpg 150w, https:\/\/upla.cl\/noticias\/wp-content\/uploads\/2026\/01\/Pablo-Villegas3-768x553.jpg 768w, https:\/\/upla.cl\/noticias\/wp-content\/uploads\/2026\/01\/Pablo-Villegas3.jpg 1169w\" sizes=\"auto, (max-width: 300px) 100vw, 300px\" \/><\/a><strong>Formado en los talleres de Roberto Bascu\u00f1\u00e1n D\u00edaz, Lucy Lafuente y Elisa Aguirre, desarrolla su propuesta creativa desde el a\u00f1o 2005,<\/strong> siendo parte del \u201cPrimer Encuentro Escult\u00f3rico\u201d en Parque Quebrada Verde. Entre sus exposiciones cabe destacar: \u201cCruzando el Bosque\u201d (2010), \u201cStoy Bajo la Lluvia\u201d (2013) y \u201cH\u00e1galo Usted Mismo\u201d (2014). El 2015 fue seleccionado por la Asociaci\u00f3n de Cr\u00edticos de Arte como uno de los artistas m\u00e1s relevantes en la escultura local.<\/p>\n<p style=\"text-align: left;\"><strong>A partir del a\u00f1o 2005 comienza la producci\u00f3n de diversas piezas escult\u00f3ricas, junto con realizar ayudant\u00eda con Roberto Bascu\u00f1\u00e1n D\u00edaz y Elisa Aguirre.<\/strong> Trabaja en el taller de la escultora Lucy Lafuente Indo. En este mismo a\u00f1o comienza a participar en exposiciones colectivas en diversos espacios culturales como privados. Participa del \u201cPrimer Encuentro Escult\u00f3rico en Parque Quebrada Verde\u201d, en Caleta Portales en \u201cMascarones de Proa\u201d, festividad de San Pedro, cuyo encuentro culmina en el Centro Cultural Espacio Matta en Santiago.<\/p>\n<p style=\"text-align: right;\"><strong>Fuente: Palacio Baburizza<\/strong><\/p>\n","protected":false},"excerpt":{"rendered":"<p>Acad\u00e9mico de la Facultad de Arte expone \u201cBrotar\u201d, obra conceptualizada en la experiencia del perder y fracasar y en la resiliencia de nuestra sociedad. Esta pieza escult\u00f3rica puede ser visitada hasta el 29 de marzo en horario de 10:00 a 19:00 horas.<\/p>\n","protected":false},"author":21,"featured_media":195132,"comment_status":"closed","ping_status":"open","sticky":false,"template":"","format":"standard","meta":{"footnotes":""},"categories":[96,48,52,201,40,97,71,91],"tags":[814,815,215,293,262,744,222],"class_list":["post-195131","post","type-post","status-publish","format-standard","has-post-thumbnail","","category-academicos","category-agenda-cultural","category-cultura","category-desarrollo-estudiantil","category-destacados","category-estudiantes","category-facultad-de-arte","category-vinculacion-con-el-medio","tag-brotar","tag-escultura","tag-facultad-de-arte","tag-licenciatura-en-arte","tag-pablo-villegas","tag-palacio-baburizza","tag-valpo"],"_links":{"self":[{"href":"https:\/\/upla.cl\/noticias\/wp-json\/wp\/v2\/posts\/195131","targetHints":{"allow":["GET"]}}],"collection":[{"href":"https:\/\/upla.cl\/noticias\/wp-json\/wp\/v2\/posts"}],"about":[{"href":"https:\/\/upla.cl\/noticias\/wp-json\/wp\/v2\/types\/post"}],"author":[{"embeddable":true,"href":"https:\/\/upla.cl\/noticias\/wp-json\/wp\/v2\/users\/21"}],"replies":[{"embeddable":true,"href":"https:\/\/upla.cl\/noticias\/wp-json\/wp\/v2\/comments?post=195131"}],"version-history":[{"count":2,"href":"https:\/\/upla.cl\/noticias\/wp-json\/wp\/v2\/posts\/195131\/revisions"}],"predecessor-version":[{"id":195136,"href":"https:\/\/upla.cl\/noticias\/wp-json\/wp\/v2\/posts\/195131\/revisions\/195136"}],"wp:featuredmedia":[{"embeddable":true,"href":"https:\/\/upla.cl\/noticias\/wp-json\/wp\/v2\/media\/195132"}],"wp:attachment":[{"href":"https:\/\/upla.cl\/noticias\/wp-json\/wp\/v2\/media?parent=195131"}],"wp:term":[{"taxonomy":"category","embeddable":true,"href":"https:\/\/upla.cl\/noticias\/wp-json\/wp\/v2\/categories?post=195131"},{"taxonomy":"post_tag","embeddable":true,"href":"https:\/\/upla.cl\/noticias\/wp-json\/wp\/v2\/tags?post=195131"}],"curies":[{"name":"wp","href":"https:\/\/api.w.org\/{rel}","templated":true}]}}