{"id":195320,"date":"2026-03-03T15:32:37","date_gmt":"2026-03-03T18:32:37","guid":{"rendered":"https:\/\/upla.cl\/noticias\/?p=195320"},"modified":"2026-03-03T16:30:13","modified_gmt":"2026-03-03T19:30:13","slug":"mas-que-una-carrera-un-proyecto-de-vida-bienvenidos-y-bienvenidas-a-la-comunidad-upla","status":"publish","type":"post","link":"https:\/\/upla.cl\/noticias\/2026\/03\/03\/mas-que-una-carrera-un-proyecto-de-vida-bienvenidos-y-bienvenidas-a-la-comunidad-upla\/","title":{"rendered":"M\u00e1s que una carrera, un proyecto de vida: Bienvenidos y bienvenidas a la comunidad UPLA"},"content":{"rendered":"<p><a href=\"https:\/\/upla.cl\/noticias\/wp-content\/uploads\/2019\/01\/casa-central.jpg\"><img loading=\"lazy\" decoding=\"async\" class=\"alignright size-medium wp-image-121773\" src=\"https:\/\/upla.cl\/noticias\/wp-content\/uploads\/2019\/01\/casa-central-300x199.jpg\" alt=\"Casa Central de la Universidad de Playa Ancha (UPLA)\" width=\"300\" height=\"199\" srcset=\"https:\/\/upla.cl\/noticias\/wp-content\/uploads\/2019\/01\/casa-central-300x199.jpg 300w, https:\/\/upla.cl\/noticias\/wp-content\/uploads\/2019\/01\/casa-central-310x205.jpg 310w, https:\/\/upla.cl\/noticias\/wp-content\/uploads\/2019\/01\/casa-central.jpg 640w\" sizes=\"auto, (max-width: 300px) 100vw, 300px\" \/><\/a>La espera termin\u00f3 y la energ\u00eda ya se siente en el aire. Las aulas, los talleres, los laboratorios y los rincones hist\u00f3ricos de<strong> Playa Ancha<\/strong> y <strong>San Felipe<\/strong> est\u00e1n listos para vibrar con la llegada de la Generaci\u00f3n 2026. Se integran a la <strong>Universidad de Playa Ancha (UPLA)<\/strong>, una instituci\u00f3n estatal, p\u00fablica, regional y aut\u00f3noma, que no solo forma profesionales de excelencia, sino ciudadanos con un sello \u00e9tico, cr\u00edtico y creativo.<\/p>\n<p>En la UPLA, entendemos que tu formaci\u00f3n es un proceso integral. Somos una instituci\u00f3n compleja, de 77 a\u00f1os de trayectoria, que cultiva saberes en Artes, Ciencias Exactas, Salud, Educaci\u00f3n, Ingenier\u00eda y Humanidades. Pero, sobre todo, somos una comunidad con una manifiesta vocaci\u00f3n de servicio p\u00fablico y un compromiso inquebrantable con la movilidad social.<\/p>\n<p>Aqu\u00ed, tu talento se encuentra con una filosof\u00eda corporativa basada en el pluralismo, la equidad de g\u00e9nero, la solidaridad y el respeto absoluto a la dignidad humana. Como universidad Estatal, defendemos con orgullo la laicidad, la libertad de pensamiento y el acceso democr\u00e1tico al conocimiento.<\/p>\n<p><strong>9 de Marzo: El primer paso de tu nueva vida acad\u00e9mica<\/strong><\/p>\n<p>El lunes 9 de marzo ser\u00e1 un d\u00eda de abrazos, encuentros y nuevas amistades. Nuestras autoridades liderar\u00e1n las recepciones oficiales:<br \/>\n\u2022 Campus Valpara\u00edso (diurno): \u00a1Nos vemos a las 08.30 horas en el Campus 2 (Av. Gonz\u00e1lez de Hontaneda 855)! El rector Carlos Gonz\u00e1lez Morales les dar\u00e1 la bienvenida.<br \/>\n\u2022 Campus San Felipe (diurno): La cita es a las 10.00 horas en el Auditorio del campus (Benigno Caldera 351), encabezada por la directora Claudia Concha Erices.<br \/>\n\u2022 Instituto Tecnol\u00f3gico (vespertino): Para quienes inician su camino t\u00e9cnico, los esperamos a las 18:30 horas en el Aula Dr. F\u00e9lix Morales Pettorino (Valpara\u00edso) y en el Auditorio de San Felipe.<\/p>\n<p>\u00a1Tu facultad te espera! Tras la bienvenida institucional, te reunir\u00e1s con tus decanos, directores y profesores para conocer el coraz\u00f3n de tu carrera. La Facultad de Ciencias de la Educaci\u00f3n lo har\u00e1 al d\u00eda siguiente (martes 10 de marzo, entre 9.00 y 10.00 horas en el Aula Dr. F\u00e9lix Morales Pettorino. Nos referimos a las carreras de Educaci\u00f3n Parvularia, Pedagog\u00eda en Educaci\u00f3n B\u00e1sica y Pedagog\u00eda en Educaci\u00f3n Diferencial (Valpara\u00edso).<\/p>\n<p><strong><a href=\"https:\/\/upla.cl\/noticias\/wp-content\/uploads\/2014\/11\/frontis-casa-central2.jpg\"><img loading=\"lazy\" decoding=\"async\" class=\"alignright size-medium wp-image-68678\" src=\"https:\/\/upla.cl\/noticias\/wp-content\/uploads\/2014\/11\/frontis-casa-central2-198x300.jpg\" alt=\"\" width=\"198\" height=\"300\" srcset=\"https:\/\/upla.cl\/noticias\/wp-content\/uploads\/2014\/11\/frontis-casa-central2-198x300.jpg 198w, https:\/\/upla.cl\/noticias\/wp-content\/uploads\/2014\/11\/frontis-casa-central2.jpg 424w\" sizes=\"auto, (max-width: 198px) 100vw, 198px\" \/><\/a>Semana de Inducci\u00f3n: Conecta, aprende y disfruta (10 al 13 de marzo)<\/strong><\/p>\n<p>Queremos que tu transici\u00f3n a la vida universitaria sea fluida y emocionante. Por eso, hemos dise\u00f1ado una semana de inducci\u00f3n y nivelaci\u00f3n din\u00e1mica, donde no estar\u00e1s solo:<br \/>\n\u2022 Apoyo integral: Conocer\u00e1s de primera mano las unidades que te brindar\u00e1n respaldo psicoemocional y acad\u00e9mico. Tu bienestar es nuestro \u00e9xito.<br \/>\n\u2022 Identidad UPLA: Participar\u00e1s en el conversatorio \u00abConvivencia y bienestar para una mejor universidad\u00bb, un espacio para impregnarte de nuestra cultura de inclusi\u00f3n y excelencia.<br \/>\n\u2022 Vida Estudiantil: Disfrutar\u00e1s de actividades de recreaci\u00f3n y sana convivencia para que tu integraci\u00f3n sea total.<\/p>\n<p><strong>Un llamado a la excelencia con sentido<\/strong><\/p>\n<p>Llegan a una universidad que valora su patrimonio intangible y que busca impactar positivamente en la Regi\u00f3n de Valpara\u00edso y el pa\u00eds. Les invitamos a ser proactivos, a cuestionar, a innovar y a ser parte de esta instituci\u00f3n que privilegia la calidad y la inclusi\u00f3n en cada una de sus acciones.<\/p>\n<p>\u00a1Generaci\u00f3n 2026! El futuro no se espera, se construye. Y a partir de hoy, lo construimos juntos en la UPLA.<\/p>\n<p>\u00bfY qu\u00e9 pasa con los y las estudiantes de cursos superiores? Simple, comienzan sus actividades acad\u00e9micas el lunes 16 de marzo. Los esperamos!!<\/p>\n","protected":false},"excerpt":{"rendered":"<p>Con la fuerza de nuestra identidad estatal y p\u00fablica, y el coraz\u00f3n puesto en la inclusi\u00f3n, la Universidad de Playa Ancha, UPLA, recibe a sus nuevos estudiantes en Valpara\u00edso y San Felipe. \u00a1Tu viaje transformador comienza este 9 de marzo!<\/p>\n","protected":false},"author":3,"featured_media":195324,"comment_status":"closed","ping_status":"open","sticky":false,"template":"","format":"standard","meta":{"footnotes":""},"categories":[51,96,212,60,201,40,101,97,71,72,73,75,76,77,78,136,178],"tags":[],"class_list":["post-195320","post","type-post","status-publish","format-standard","has-post-thumbnail","","category-academia","category-academicos","category-admision","category-campus-san-felipe","category-desarrollo-estudiantil","category-destacados","category-docencia","category-estudiantes","category-facultad-de-arte","category-facultad-de-ciencias-actividad-fisica-y-deporte","category-facultad-de-ciencias-de-la-educacion","category-facultad-de-ciencias-naturales-y-exactas","category-facultad-de-ciencias-sociales","category-facultad-de-humanidades","category-facultad-de-ingenieria","category-pace-upla","category-rectoria"],"_links":{"self":[{"href":"https:\/\/upla.cl\/noticias\/wp-json\/wp\/v2\/posts\/195320","targetHints":{"allow":["GET"]}}],"collection":[{"href":"https:\/\/upla.cl\/noticias\/wp-json\/wp\/v2\/posts"}],"about":[{"href":"https:\/\/upla.cl\/noticias\/wp-json\/wp\/v2\/types\/post"}],"author":[{"embeddable":true,"href":"https:\/\/upla.cl\/noticias\/wp-json\/wp\/v2\/users\/3"}],"replies":[{"embeddable":true,"href":"https:\/\/upla.cl\/noticias\/wp-json\/wp\/v2\/comments?post=195320"}],"version-history":[{"count":2,"href":"https:\/\/upla.cl\/noticias\/wp-json\/wp\/v2\/posts\/195320\/revisions"}],"predecessor-version":[{"id":195326,"href":"https:\/\/upla.cl\/noticias\/wp-json\/wp\/v2\/posts\/195320\/revisions\/195326"}],"wp:featuredmedia":[{"embeddable":true,"href":"https:\/\/upla.cl\/noticias\/wp-json\/wp\/v2\/media\/195324"}],"wp:attachment":[{"href":"https:\/\/upla.cl\/noticias\/wp-json\/wp\/v2\/media?parent=195320"}],"wp:term":[{"taxonomy":"category","embeddable":true,"href":"https:\/\/upla.cl\/noticias\/wp-json\/wp\/v2\/categories?post=195320"},{"taxonomy":"post_tag","embeddable":true,"href":"https:\/\/upla.cl\/noticias\/wp-json\/wp\/v2\/tags?post=195320"}],"curies":[{"name":"wp","href":"https:\/\/api.w.org\/{rel}","templated":true}]}}