{"id":195327,"date":"2026-03-04T12:22:52","date_gmt":"2026-03-04T15:22:52","guid":{"rendered":"https:\/\/upla.cl\/noticias\/?p=195327"},"modified":"2026-03-04T12:57:16","modified_gmt":"2026-03-04T15:57:16","slug":"profesor-de-biologia-recien-titulado-obtiene-primer-lugar-de-ingreso-al-doctorado-ufro-y-beca-anid-2026","status":"publish","type":"post","link":"https:\/\/upla.cl\/noticias\/2026\/03\/04\/profesor-de-biologia-recien-titulado-obtiene-primer-lugar-de-ingreso-al-doctorado-ufro-y-beca-anid-2026\/","title":{"rendered":"Profesor de biolog\u00eda UPLA reci\u00e9n titulado, obtiene primer lugar de ingreso al doctorado UFRO y beca ANID 2026"},"content":{"rendered":"<p><a href=\"https:\/\/upla.cl\/noticias\/wp-content\/uploads\/2026\/03\/hernan_wicki.jpeg\"><img loading=\"lazy\" decoding=\"async\" class=\"alignright size-medium wp-image-195331\" src=\"https:\/\/upla.cl\/noticias\/wp-content\/uploads\/2026\/03\/hernan_wicki-285x300.jpeg\" alt=\"\" width=\"285\" height=\"300\" srcset=\"https:\/\/upla.cl\/noticias\/wp-content\/uploads\/2026\/03\/hernan_wicki-285x300.jpeg 285w, https:\/\/upla.cl\/noticias\/wp-content\/uploads\/2026\/03\/hernan_wicki-971x1024.jpeg 971w, https:\/\/upla.cl\/noticias\/wp-content\/uploads\/2026\/03\/hernan_wicki-142x150.jpeg 142w, https:\/\/upla.cl\/noticias\/wp-content\/uploads\/2026\/03\/hernan_wicki-768x810.jpeg 768w, https:\/\/upla.cl\/noticias\/wp-content\/uploads\/2026\/03\/hernan_wicki.jpeg 1214w\" sizes=\"auto, (max-width: 285px) 100vw, 285px\" \/><\/a>La Universidad de Playa Ancha (UPLA) celebra un nuevo hito de excelencia acad\u00e9mica alcanzado por uno de sus egresados.<\/p>\n<p><strong>Hern\u00e1n Wicki Placencia<\/strong>, quien se titul\u00f3 como <strong>profesor de <a href=\"https:\/\/upla.cl\/facultad\/cienciasnaturalesyexactas\/carreras\/pedagogia-en-biologia-y-ciencias\/\">Biolog\u00eda y Ciencias<\/a><\/strong> en agosto de 2025, logr\u00f3 un ingreso hist\u00f3rico al postgrado nacional al obtener el primer lugar de selecci\u00f3n para el Doctorado en Ciencias con menci\u00f3n en Biolog\u00eda Celular y Molecular Aplicada de la Universidad de La Frontera (UFRO).<\/p>\n<p>Este \u00e9xito acad\u00e9mico se vio recientemente ratificado con la adjudicaci\u00f3n de la <strong>Beca de Doctorado Nacional 2026<\/strong>, otorgada por la Agencia Nacional de Investigaci\u00f3n y Desarrollo (ANID). Para Wicki, este logro representa la culminaci\u00f3n de un proceso formativo de alto rigor en la <a href=\"https:\/\/upla.cl\/facultad\/cienciasnaturalesyexactas\/\"><strong>Facultad de Ciencias Naturales y Exactas<\/strong> <\/a>\u00a0de la UPLA.<\/p>\n<h4><strong>De la nutrici\u00f3n a la ciencia educativa<\/strong><\/h4>\n<p><a href=\"https:\/\/upla.cl\/noticias\/wp-content\/uploads\/2024\/09\/hernan_wicki.jpg\"><img loading=\"lazy\" decoding=\"async\" class=\"alignright size-medium wp-image-177357\" src=\"https:\/\/upla.cl\/noticias\/wp-content\/uploads\/2024\/09\/hernan_wicki-300x200.jpg\" alt=\"\" width=\"300\" height=\"200\" srcset=\"https:\/\/upla.cl\/noticias\/wp-content\/uploads\/2024\/09\/hernan_wicki-300x200.jpg 300w, https:\/\/upla.cl\/noticias\/wp-content\/uploads\/2024\/09\/hernan_wicki-1024x683.jpg 1024w, https:\/\/upla.cl\/noticias\/wp-content\/uploads\/2024\/09\/hernan_wicki-150x100.jpg 150w, https:\/\/upla.cl\/noticias\/wp-content\/uploads\/2024\/09\/hernan_wicki-768x512.jpg 768w, https:\/\/upla.cl\/noticias\/wp-content\/uploads\/2024\/09\/hernan_wicki-1536x1025.jpg 1536w, https:\/\/upla.cl\/noticias\/wp-content\/uploads\/2024\/09\/hernan_wicki.jpg 1962w\" sizes=\"auto, (max-width: 300px) 100vw, 300px\" \/><\/a>La trayectoria de este docente es testimonio de una vocaci\u00f3n transformada. Inici\u00f3 su vida profesional como nutricionista por la Universidad Tecnol\u00f3gica de Chile, y su fascinaci\u00f3n por la biolog\u00eda humana lo llev\u00f3 a una conclusi\u00f3n determinante: \u201cEl conocimiento cient\u00edfico por vasto que sea, pierde su poder si no logramos transmitirlo de manera efectiva. Entend\u00ed que mi vocaci\u00f3n no era solo aplicar la ciencia, sino ense\u00f1arla\u00bb.<\/p>\n<p>Con esa premisa ingres\u00f3 a la UPLA buscando herramientas \u00abpara explicar el comportamiento y aprendizaje del ser humano, el funcionamiento de nuestro cuerpo o el desarrollo de enfermedades\u00bb, como afirma.<\/p>\n<p>En las aulas de esta casa de estudios, Wicki no solo encontr\u00f3 formaci\u00f3n pedag\u00f3gica, sino un ecosistema intelectual muy diverso, donde la educaci\u00f3n y la investigaci\u00f3n de frontera dialogan d\u00eda a d\u00eda.<\/p>\n<p>Bajo la tutela del <strong>Dr. H\u00e9ctor Levipan en el Laboratorio de Ecopatolog\u00eda y Nanobiomateriales (LABEN)<\/strong>, el entonces estudiante se integr\u00f3 como apoyo t\u00e9cnico y aprendiz del acad\u00e9mico-investigador, y comprendi\u00f3 \u00abque se puede (y se debe) llevar ciencia de alto nivel al aula escolar\u00bb.<\/p>\n<p>El rigor cient\u00edfico desarrollado en el LABEN le permiti\u00f3 alcanzar hitos relevantes para un estudiante de pregrado, como ser coautor en publicaciones internacionales de alto impacto WOW Q1 y trabajar como asistente de investigaci\u00f3n remunerado en proyectos\u00a0FONDECYT y MINEDUC.<\/p>\n<p><a href=\"https:\/\/upla.cl\/noticias\/wp-content\/uploads\/2024\/09\/hernan_wicki_2.jpg\"><img loading=\"lazy\" decoding=\"async\" class=\"alignright wp-image-177356 size-medium\" src=\"https:\/\/upla.cl\/noticias\/wp-content\/uploads\/2024\/09\/hernan_wicki_2-300x225.jpg\" alt=\"\" width=\"300\" height=\"225\" srcset=\"https:\/\/upla.cl\/noticias\/wp-content\/uploads\/2024\/09\/hernan_wicki_2-300x225.jpg 300w, https:\/\/upla.cl\/noticias\/wp-content\/uploads\/2024\/09\/hernan_wicki_2-1024x768.jpg 1024w, https:\/\/upla.cl\/noticias\/wp-content\/uploads\/2024\/09\/hernan_wicki_2-150x113.jpg 150w, https:\/\/upla.cl\/noticias\/wp-content\/uploads\/2024\/09\/hernan_wicki_2-768x576.jpg 768w, https:\/\/upla.cl\/noticias\/wp-content\/uploads\/2024\/09\/hernan_wicki_2-1536x1152.jpg 1536w, https:\/\/upla.cl\/noticias\/wp-content\/uploads\/2024\/09\/hernan_wicki_2.jpg 1962w\" sizes=\"auto, (max-width: 300px) 100vw, 300px\" \/><\/a>\u00abTrabajar en investigaci\u00f3n me permiti\u00f3 ejercer ayudant\u00edas en diversas c\u00e1tedras, incluso para otras carreras como del \u00e1rea de la salud, profundizando mi dominio t\u00e9cnico. Esta seguridad te\u00f3rica transform\u00f3 mis pr\u00e1cticas pedag\u00f3gicas, al pararme frente a un curso, no solo transmit\u00eda contenido de un libro, sino la experiencia viva de la generaci\u00f3n del conocimiento. Pude innovar creando sistemas con tecnolog\u00eda Arduino para desarrollar habilidades cient\u00edficas en escolares (proyecto del trabajo de s\u00edntesis profesional BioEduino), demostrando que la tecnolog\u00eda y la biolog\u00eda pueden darse la mano en la educaci\u00f3n p\u00fablica y con ello democratizar la ense\u00f1anza cient\u00edfica en las escuelas de la regi\u00f3n de Valpara\u00edso\u00bb, explica.<\/p>\n<p>Con dicha experiencia, el joven profesional releva que la UPLA le ense\u00f1\u00f3 que el estudiante de pregrado no es un espectador pasivo, sino un actor capaz de generar conocimiento nuevo, enfatizando que su seguridad te\u00f3rica le permiti\u00f3 transformar sus pr\u00e1cticas pedag\u00f3gicas en experiencias vivas de aprendizaje.<\/p>\n<h4><strong>Un futuro de excelencia<\/strong><\/h4>\n<p>La adjudicaci\u00f3n de la beca ANID y su ingreso al doctorado validan la robustez de la formaci\u00f3n entregada por el cuerpo acad\u00e9mico de la Facultad de Ciencias Naturales y Exactas. Para Hern\u00e1n Wicki, este paso al mundo de la investigaci\u00f3n avanzada como cient\u00edfico joven es tambi\u00e9n resultado de una mentor\u00eda de primer nivel brindada por el Dr. H\u00e9ctor Levipan.<\/p>\n<p>Hoy, como becario de doctorado, deja un <strong>mensaje inspirador<\/strong> <strong>a las futuras generaciones de Pedagog\u00eda en Biolog\u00eda y Ciencias<\/strong> de nuestra Universidad: \u00abNo vean su carrera s\u00f3lo como el camino hacia un aula. V\u00e9anla como la llave para entender el universo, para innovar con tecnolog\u00eda, inspirar vocaciones, y para construir un futuro profesional s\u00f3lido. La UPLA les dar\u00e1 las herramientas, ustedes pongan la curiosidad y el coraje para cruzar las fronteras. \u00a1Todo es posible!\u00bb.<\/p>\n","protected":false},"excerpt":{"rendered":"<p>Hern\u00e1n Wicki Placencia, titulado en 2025 de la Facultad de Ciencias Naturales y Exactas, ingres\u00f3 directamente al Doctorado en Ciencias de la UFRO, consolidando una trayectoria que une la investigaci\u00f3n de frontera con la innovaci\u00f3n pedag\u00f3gica.<\/p>\n","protected":false},"author":10,"featured_media":195344,"comment_status":"closed","ping_status":"open","sticky":false,"template":"","format":"standard","meta":{"footnotes":""},"categories":[51,96,40,101,69,75,43,742],"tags":[],"class_list":["post-195327","post","type-post","status-publish","format-standard","has-post-thumbnail","","category-academia","category-academicos","category-destacados","category-docencia","category-egresados","category-facultad-de-ciencias-naturales-y-exactas","category-investigacion","category-pedagogia-en-biologia-y-ciencias"],"_links":{"self":[{"href":"https:\/\/upla.cl\/noticias\/wp-json\/wp\/v2\/posts\/195327","targetHints":{"allow":["GET"]}}],"collection":[{"href":"https:\/\/upla.cl\/noticias\/wp-json\/wp\/v2\/posts"}],"about":[{"href":"https:\/\/upla.cl\/noticias\/wp-json\/wp\/v2\/types\/post"}],"author":[{"embeddable":true,"href":"https:\/\/upla.cl\/noticias\/wp-json\/wp\/v2\/users\/10"}],"replies":[{"embeddable":true,"href":"https:\/\/upla.cl\/noticias\/wp-json\/wp\/v2\/comments?post=195327"}],"version-history":[{"count":2,"href":"https:\/\/upla.cl\/noticias\/wp-json\/wp\/v2\/posts\/195327\/revisions"}],"predecessor-version":[{"id":195350,"href":"https:\/\/upla.cl\/noticias\/wp-json\/wp\/v2\/posts\/195327\/revisions\/195350"}],"wp:featuredmedia":[{"embeddable":true,"href":"https:\/\/upla.cl\/noticias\/wp-json\/wp\/v2\/media\/195344"}],"wp:attachment":[{"href":"https:\/\/upla.cl\/noticias\/wp-json\/wp\/v2\/media?parent=195327"}],"wp:term":[{"taxonomy":"category","embeddable":true,"href":"https:\/\/upla.cl\/noticias\/wp-json\/wp\/v2\/categories?post=195327"},{"taxonomy":"post_tag","embeddable":true,"href":"https:\/\/upla.cl\/noticias\/wp-json\/wp\/v2\/tags?post=195327"}],"curies":[{"name":"wp","href":"https:\/\/api.w.org\/{rel}","templated":true}]}}