{"id":195330,"date":"2026-03-04T17:28:58","date_gmt":"2026-03-04T20:28:58","guid":{"rendered":"https:\/\/upla.cl\/noticias\/?p=195330"},"modified":"2026-03-04T17:28:58","modified_gmt":"2026-03-04T20:28:58","slug":"la-upla-fortalece-su-identidad-facultad-de-ciencias-de-la-salud-se-traslada-al-corazon-de-playa-ancha","status":"publish","type":"post","link":"https:\/\/upla.cl\/noticias\/2026\/03\/04\/la-upla-fortalece-su-identidad-facultad-de-ciencias-de-la-salud-se-traslada-al-corazon-de-playa-ancha\/","title":{"rendered":"La UPLA fortalece su identidad: Facultad de Ciencias de la Salud se traslada al coraz\u00f3n de Playa Ancha"},"content":{"rendered":"<p><a href=\"https:\/\/upla.cl\/noticias\/wp-content\/uploads\/2023\/04\/UPLA-Panoramica-copia-5.jpg\"><img loading=\"lazy\" decoding=\"async\" class=\"alignright size-medium wp-image-158584\" src=\"https:\/\/upla.cl\/noticias\/wp-content\/uploads\/2023\/04\/UPLA-Panoramica-copia-5-300x158.jpg\" alt=\"\" width=\"300\" height=\"158\" srcset=\"https:\/\/upla.cl\/noticias\/wp-content\/uploads\/2023\/04\/UPLA-Panoramica-copia-5-300x158.jpg 300w, https:\/\/upla.cl\/noticias\/wp-content\/uploads\/2023\/04\/UPLA-Panoramica-copia-5.jpg 640w\" sizes=\"auto, (max-width: 300px) 100vw, 300px\" \/><\/a>La <strong>Universidad de Playa Ancha<\/strong> inicia este 2026 con una noticia que transforma su configuraci\u00f3n institucional y refuerza su sentido de pertenencia. La <a href=\"https:\/\/upla.cl\/facultad\/cienciassalud\/\"><strong>Facultad de Ciencias de la Salud<\/strong><\/a>, tras 16 a\u00f1os de trayectoria desde su creaci\u00f3n en 2010, vivir\u00e1 un nuevo ciclo acad\u00e9mico y administrativo al trasladar sus dependencias centrales al Campus 2 de nuestra casa de estudios (sector donde se emplaza el edificio de Biblioteca Central). Este cambio f\u00edsico, m\u00e1s que una mudanza, representa la materializaci\u00f3n de una universidad unida, donde todas las facultades conviven finalmente en un mismo entorno geogr\u00e1fico, potenciando la vida universitaria y la colaboraci\u00f3n interdisciplinaria.<\/p>\n<p>La nueva base de operaciones de la facultad se situar\u00e1 en el tercer piso del edificio de la <strong>Biblioteca Central.<\/strong> En este espacio reacondicionado funcionar\u00e1n la Decanatura, la Secretar\u00eda Acad\u00e9mica y las direcciones de los departamentos de Salud, Comunidad y Gesti\u00f3n; Rehabilitaci\u00f3n, Intervenci\u00f3n y Abordaje Terap\u00e9utico; y Estrategias Aplicadas a la Formaci\u00f3n. Asimismo, las carreras de Nutrici\u00f3n y Diet\u00e9tica, Enfermer\u00eda y Fonoaudiolog\u00eda contar\u00e1n con sus direcciones y salas de clases en este n\u00facleo, facilitando el acceso a recursos bibliogr\u00e1ficos y servicios centrales para estudiantes y acad\u00e9micos.<\/p>\n<p><strong>Beneficio estrat\u00e9gico<\/strong><\/p>\n<p>Un beneficio estrat\u00e9gico de este traslado es el fortalecimiento del trabajo territorial que caracteriza a la facultad. Al estar insertos plenamente en el cerro Playa Ancha, se agiliza el despliegue de los estudiantes hacia las distintas juntas de vecinos y organizaciones sociales con las que la universidad colabora activamente. Esta cercan\u00eda f\u00edsica permitir\u00e1 un flujo m\u00e1s natural y constante entre la academia y las necesidades de la comunidad circundante, consolidando el compromiso de la UPLA con la salud p\u00fablica y el bienestar social de su entorno inmediato.<\/p>\n<p>En paralelo a esta reubicaci\u00f3n, la infraestructura de la facultad suma importantes mejoras tecnol\u00f3gicas y de especialidad. Mientras que en el edificio Punt\u00e1ngeles se mantendr\u00e1 la direcci\u00f3n de Kinesiolog\u00eda con sus laboratorios recientemente reacondicionados con nuevos equipamientos, y a su costado la Casa de Terapia Ocupacional, donde funciona la carrera que lleva este mismo nombre.<\/p>\n<p>Pero eso no es todo, la universidad tambi\u00e9n anuncia para este primer semestre la construcci\u00f3n de un ambicioso proyecto: el <strong>Centro de Simulaci\u00f3n de la Facultad de Ciencias de la Salud,<\/strong> que funcionar\u00e1, entre otros \u00e1mbitos, como un centro de simulaci\u00f3n de vanguardia.<\/p>\n<p><a href=\"https:\/\/upla.cl\/noticias\/wp-content\/uploads\/2025\/08\/Taller-RPC-Enfermeri\u0301a-2.jpeg\"><img loading=\"lazy\" decoding=\"async\" class=\"alignright size-medium wp-image-188370\" src=\"https:\/\/upla.cl\/noticias\/wp-content\/uploads\/2025\/08\/Taller-RPC-Enfermeri\u0301a-2-300x200.jpeg\" alt=\"\" width=\"300\" height=\"200\" srcset=\"https:\/\/upla.cl\/noticias\/wp-content\/uploads\/2025\/08\/Taller-RPC-Enfermeri\u0301a-2-300x200.jpeg 300w, https:\/\/upla.cl\/noticias\/wp-content\/uploads\/2025\/08\/Taller-RPC-Enfermeri\u0301a-2-1024x683.jpeg 1024w, https:\/\/upla.cl\/noticias\/wp-content\/uploads\/2025\/08\/Taller-RPC-Enfermeri\u0301a-2-150x100.jpeg 150w, https:\/\/upla.cl\/noticias\/wp-content\/uploads\/2025\/08\/Taller-RPC-Enfermeri\u0301a-2-768x512.jpeg 768w, https:\/\/upla.cl\/noticias\/wp-content\/uploads\/2025\/08\/Taller-RPC-Enfermeri\u0301a-2-1536x1024.jpeg 1536w, https:\/\/upla.cl\/noticias\/wp-content\/uploads\/2025\/08\/Taller-RPC-Enfermeri\u0301a-2.jpeg 1920w\" sizes=\"auto, (max-width: 300px) 100vw, 300px\" \/><\/a>Este nuevo centro, que se emplazar\u00e1 en el Campus 2, a un costado del edificio de Biblioteca, contar\u00e1 con salas de alta fidelidad y espacios de <em>debriefing<\/em>, dise\u00f1ados para que los estudiantes practiquen con maniqu\u00edes y fantomas en escenarios cl\u00ednicos simulados de alta complejidad. El objetivo es que los futuros profesionales de la salud puedan enfrentar casos cr\u00edticos, reflexionar sobre sus acciones y aprender del error en un ambiente seguro y controlado antes de su contacto directo con pacientes reales. Aunque inicialmente ser\u00e1 el motor de la carrera de Enfermer\u00eda, el centro integrar\u00e1 progresivamente a todas las disciplinas de la facultad, garantizando una preparaci\u00f3n \u00f3ptima para las pr\u00e1cticas profesionales.<\/p>\n<p>El esp\u00edritu de unificaci\u00f3n se extiende tambi\u00e9n a la formaci\u00f3n t\u00e9cnica. <strong>El Instituto Tecnol\u00f3gico (ITEC)<\/strong> se traslada igualmente a Playa Ancha, realizando sus clases en los campus del sector y ubicando su direcci\u00f3n y coordinaci\u00f3n en la Casa Central. Esta integraci\u00f3n total del ITEC al campus principal no solo optimiza los recursos institucionales, sino que permite que los estudiantes de carreras t\u00e9cnicas se sientan parte integral de la vida universitaria, compartiendo espacios, servicios y la identidad institucional que define a nuestra comunidad.<\/p>\n<p>Desde la Rector\u00eda se ha enfatizado que esta decisi\u00f3n responde a una visi\u00f3n estrat\u00e9gica de unidad. Al concentrar todas las facultades y el Instituto Tecnol\u00f3gico en el barrio que nos da nombre, se eliminan las barreras f\u00edsicas que fragmentaban la vida estudiantil. Hoy, la UPLA se proyecta como un solo cuerpo acad\u00e9mico y social, donde el di\u00e1logo entre artes, ciencias, humanidades y salud ocurre en un mismo territorio, fortaleciendo el orgullo de ser \u00abplayanchinos\u00bb y la cohesi\u00f3n de todos quienes integran la instituci\u00f3n.<\/p>\n<p>Con estas nuevas instalaciones y el inicio de las obras del <strong>Centro de Simulaci\u00f3n de la Facultad de Ciencias de la Salud<\/strong> durante el primer semestre de 2026, esta unidad acad\u00e9mica se prepara para un a\u00f1o de crecimiento sin precedentes.<\/p>\n<p>La invitaci\u00f3n a toda la comunidad universitaria \u2014docentes, funcionarios y estudiantes\u2014 es a habitar estos espacios con entusiasmo, reconociendo en este traslado una oportunidad hist\u00f3rica para potenciar la formaci\u00f3n de excelencia y el compromiso social que siempre han sido el sello distintivo de la <strong>Universidad de Playa Ancha.<\/strong><\/p>\n","protected":false},"excerpt":{"rendered":"<p>Este hito marca la consolidaci\u00f3n del proyecto universitario en su territorio de origen, unificando a todas las facultades en un mismo espacio y potenciando el v\u00ednculo directo con las organizaciones sociales del sector.<\/p>\n","protected":false},"author":3,"featured_media":158584,"comment_status":"closed","ping_status":"open","sticky":false,"template":"","format":"standard","meta":{"footnotes":""},"categories":[51,96,40,101,97,74,83,178,1],"tags":[],"class_list":["post-195330","post","type-post","status-publish","format-standard","has-post-thumbnail","","category-academia","category-academicos","category-destacados","category-docencia","category-estudiantes","category-facultad-de-ciencias-de-la-salud","category-instituto-tecnologico","category-rectoria","category-sin-categoria"],"_links":{"self":[{"href":"https:\/\/upla.cl\/noticias\/wp-json\/wp\/v2\/posts\/195330","targetHints":{"allow":["GET"]}}],"collection":[{"href":"https:\/\/upla.cl\/noticias\/wp-json\/wp\/v2\/posts"}],"about":[{"href":"https:\/\/upla.cl\/noticias\/wp-json\/wp\/v2\/types\/post"}],"author":[{"embeddable":true,"href":"https:\/\/upla.cl\/noticias\/wp-json\/wp\/v2\/users\/3"}],"replies":[{"embeddable":true,"href":"https:\/\/upla.cl\/noticias\/wp-json\/wp\/v2\/comments?post=195330"}],"version-history":[{"count":2,"href":"https:\/\/upla.cl\/noticias\/wp-json\/wp\/v2\/posts\/195330\/revisions"}],"predecessor-version":[{"id":195357,"href":"https:\/\/upla.cl\/noticias\/wp-json\/wp\/v2\/posts\/195330\/revisions\/195357"}],"wp:featuredmedia":[{"embeddable":true,"href":"https:\/\/upla.cl\/noticias\/wp-json\/wp\/v2\/media\/158584"}],"wp:attachment":[{"href":"https:\/\/upla.cl\/noticias\/wp-json\/wp\/v2\/media?parent=195330"}],"wp:term":[{"taxonomy":"category","embeddable":true,"href":"https:\/\/upla.cl\/noticias\/wp-json\/wp\/v2\/categories?post=195330"},{"taxonomy":"post_tag","embeddable":true,"href":"https:\/\/upla.cl\/noticias\/wp-json\/wp\/v2\/tags?post=195330"}],"curies":[{"name":"wp","href":"https:\/\/api.w.org\/{rel}","templated":true}]}}