{"id":195348,"date":"2026-03-04T11:24:46","date_gmt":"2026-03-04T14:24:46","guid":{"rendered":"https:\/\/upla.cl\/noticias\/?p=195348"},"modified":"2026-03-04T17:56:25","modified_gmt":"2026-03-04T20:56:25","slug":"iii-congreso-nacional-de-educacion-cultura-y-sociedad-extendio-plazo-para-envio-de-trabajos","status":"publish","type":"post","link":"https:\/\/upla.cl\/noticias\/2026\/03\/04\/iii-congreso-nacional-de-educacion-cultura-y-sociedad-extendio-plazo-para-envio-de-trabajos\/","title":{"rendered":"III Congreso Nacional de Educaci\u00f3n, Cultura y Sociedad extendi\u00f3 plazo para env\u00edo de trabajos"},"content":{"rendered":"<p><a href=\"https:\/\/upla.cl\/noticias\/wp-content\/uploads\/2025\/12\/iii_congreso_nacional_educacion_upla_2026.jpg\"><img loading=\"lazy\" decoding=\"async\" class=\"alignright size-medium wp-image-194306\" src=\"https:\/\/upla.cl\/noticias\/wp-content\/uploads\/2025\/12\/iii_congreso_nacional_educacion_upla_2026-240x300.jpg\" alt=\"\" width=\"240\" height=\"300\" srcset=\"https:\/\/upla.cl\/noticias\/wp-content\/uploads\/2025\/12\/iii_congreso_nacional_educacion_upla_2026-240x300.jpg 240w, https:\/\/upla.cl\/noticias\/wp-content\/uploads\/2025\/12\/iii_congreso_nacional_educacion_upla_2026-819x1024.jpg 819w, https:\/\/upla.cl\/noticias\/wp-content\/uploads\/2025\/12\/iii_congreso_nacional_educacion_upla_2026-120x150.jpg 120w, https:\/\/upla.cl\/noticias\/wp-content\/uploads\/2025\/12\/iii_congreso_nacional_educacion_upla_2026-768x960.jpg 768w, https:\/\/upla.cl\/noticias\/wp-content\/uploads\/2025\/12\/iii_congreso_nacional_educacion_upla_2026-1229x1536.jpg 1229w, https:\/\/upla.cl\/noticias\/wp-content\/uploads\/2025\/12\/iii_congreso_nacional_educacion_upla_2026.jpg 1536w\" sizes=\"auto, (max-width: 240px) 100vw, 240px\" \/><\/a>La <a href=\"https:\/\/www.upla.cl\/facultad\/cienciaseducacion\/\"><strong>Facultad de Ciencias de la Educaci\u00f3n<\/strong><\/a> de la Universidad de Playa Ancha, reitera la invitaci\u00f3n a participar en el <strong>III Congreso Nacional de Educaci\u00f3n, Cultura y Sociedad: La educaci\u00f3n entre la crisis, la incertidumbre y la (des)esperanza<\/strong>,\u00a0 que se realizar\u00e1 el 12 y 13 de agosto del a\u00f1o en curso, en esta instituci\u00f3n, <strong>extendiendo el plazo hasta el 20 de marzo<\/strong> para enviar las investigaciones, an\u00e1lisis, sistematizaciones y reflexiones sobre el campo educativo.<\/p>\n<p>El 24 de abril se comunicar\u00e1n los trabajos seleccionados\u00a0y se\u00a0informar\u00e1n los pasos a seguir respecto al congreso.<\/p>\n<p>Se trata de una instancia que ofrecer\u00e1 cuatro modalidades de participaci\u00f3n: ponencia, panel, p\u00f3ster y presentaci\u00f3n de libros, que deben tener relaci\u00f3n con alguna de sus nueve l\u00edneas tem\u00e1ticas:<\/p>\n<ul>\n<li style=\"list-style-type: none;\">\n<ul>\n<li>Pol\u00edticas educativas,<\/li>\n<li>Ense\u00f1anza y aprendizaje,<\/li>\n<li>Educaci\u00f3n, Territorio e interculturalidad,<\/li>\n<li>Formaci\u00f3n docente,<\/li>\n<li>Pedagog\u00edas cr\u00edticas latinoamericanas,<\/li>\n<li>Educaci\u00f3n e inclusi\u00f3n,<\/li>\n<li>Educaci\u00f3n superior,<\/li>\n<li>Inteligencia artificial y nuevas tecnolog\u00edas y<\/li>\n<li>Educaci\u00f3n de adultos.<\/li>\n<\/ul>\n<\/li>\n<\/ul>\n<p>Est\u00e1n convocados a participar desde las ciencias de la educaci\u00f3n, la pedagog\u00eda, las ciencias sociales y las humanidades,\u00a0 acad\u00e9micos, investigadores, estudiantes de postgrados, profesores y funcionarios del sistema educacional como de la sociedad civil, de manera de analizar el campo educativo atravesado por la crisis y la incertidumbre, pero desde la esperanza de poder cambiar estas realidades y pensar en otro sistema educativo desde la justicia y emancipaci\u00f3n, siguiendo los enunciados de Paulo Freire.<\/p>\n<p>El evento es patrocinado por el <a href=\"https:\/\/cpeip.cl\/\" target=\"_blank\" rel=\"noopener\">Centro de Perfeccionamiento, Experimentaci\u00f3n e Investigaciones Pedag\u00f3gicas (CPEIP)<\/a>\u00a0del Ministerio de Educaci\u00f3n, el\u00a0<a href=\"https:\/\/iesed.cl\/\" target=\"_blank\" rel=\"noopener\">Instituto Interuniversitario de Investigaci\u00f3n Educativa (IESED-Chile)<\/a>, el\u00a0<a href=\"https:\/\/doctoradoeneducacion.cl\/\" target=\"_blank\" rel=\"noopener\">Doctorado Consorciado en Educaci\u00f3n<\/a>, el\u00a0<a href=\"https:\/\/www.colegiodeprofesores.cl\/\" target=\"_blank\" rel=\"noopener\">Colegio de Profesoras y Profesores de Chile<\/a>\u00a0y el\u00a0<a href=\"https:\/\/pedagogiascriticas.cl\/#:~:text=Somos%20un%20espacio%20de%20investigaci%C3%B3n,%C3%A9ticos%2C%20filos%C3%B3ficos%20y%20epistemol%C3%B3gicos%20emancipatorios.\" target=\"_blank\" rel=\"noopener\">Grupo de Investigaci\u00f3n de Pedagog\u00edas Latinoamericanas<\/a>.<\/p>\n<p>M\u00e1s informaci\u00f3n en la <a href=\"https:\/\/upla.cl\/noticias\/wp-content\/uploads\/2026\/03\/2da-circular_La-educacion-entre-la-crisis-la-incertidumbre-y-la-desesperanza.pdf\"><strong>Segunda Circular del III\u00b0 Congreso Nacional de Educaci\u00f3n, Cultura y Sociedad.<\/strong><\/a><\/p>\n","protected":false},"excerpt":{"rendered":"<p>Evento organizado por la Facultad de Ciencias de la Educaci\u00f3n recibir\u00e1 hasta el 20 de marzo las investigaciones, an\u00e1lisis, sistematizaciones y reflexiones sobre el campo educativo.<\/p>\n","protected":false},"author":10,"featured_media":194307,"comment_status":"closed","ping_status":"open","sticky":false,"template":"","format":"standard","meta":{"footnotes":""},"categories":[51,96,40,101,97,73,43,91],"tags":[],"class_list":["post-195348","post","type-post","status-publish","format-standard","has-post-thumbnail","","category-academia","category-academicos","category-destacados","category-docencia","category-estudiantes","category-facultad-de-ciencias-de-la-educacion","category-investigacion","category-vinculacion-con-el-medio"],"_links":{"self":[{"href":"https:\/\/upla.cl\/noticias\/wp-json\/wp\/v2\/posts\/195348","targetHints":{"allow":["GET"]}}],"collection":[{"href":"https:\/\/upla.cl\/noticias\/wp-json\/wp\/v2\/posts"}],"about":[{"href":"https:\/\/upla.cl\/noticias\/wp-json\/wp\/v2\/types\/post"}],"author":[{"embeddable":true,"href":"https:\/\/upla.cl\/noticias\/wp-json\/wp\/v2\/users\/10"}],"replies":[{"embeddable":true,"href":"https:\/\/upla.cl\/noticias\/wp-json\/wp\/v2\/comments?post=195348"}],"version-history":[{"count":2,"href":"https:\/\/upla.cl\/noticias\/wp-json\/wp\/v2\/posts\/195348\/revisions"}],"predecessor-version":[{"id":195359,"href":"https:\/\/upla.cl\/noticias\/wp-json\/wp\/v2\/posts\/195348\/revisions\/195359"}],"wp:featuredmedia":[{"embeddable":true,"href":"https:\/\/upla.cl\/noticias\/wp-json\/wp\/v2\/media\/194307"}],"wp:attachment":[{"href":"https:\/\/upla.cl\/noticias\/wp-json\/wp\/v2\/media?parent=195348"}],"wp:term":[{"taxonomy":"category","embeddable":true,"href":"https:\/\/upla.cl\/noticias\/wp-json\/wp\/v2\/categories?post=195348"},{"taxonomy":"post_tag","embeddable":true,"href":"https:\/\/upla.cl\/noticias\/wp-json\/wp\/v2\/tags?post=195348"}],"curies":[{"name":"wp","href":"https:\/\/api.w.org\/{rel}","templated":true}]}}