{"id":195371,"date":"2026-03-05T19:15:15","date_gmt":"2026-03-05T22:15:15","guid":{"rendered":"https:\/\/upla.cl\/noticias\/?p=195371"},"modified":"2026-03-16T12:02:58","modified_gmt":"2026-03-16T15:02:58","slug":"mineduc-y-la-universidad-de-playa-ancha-abren-inscripciones-para-cursos-gratuitos-de-inteligencia-artificial-a-profesoras-y-profesoras-del-sistema-escolar-a-nivel-nacional","status":"publish","type":"post","link":"https:\/\/upla.cl\/noticias\/2026\/03\/05\/mineduc-y-la-universidad-de-playa-ancha-abren-inscripciones-para-cursos-gratuitos-de-inteligencia-artificial-a-profesoras-y-profesoras-del-sistema-escolar-a-nivel-nacional\/","title":{"rendered":"Mineduc y la Universidad de Playa Ancha abren inscripciones para cursos gratuitos de Inteligencia Artificial a profesoras y profesores del sistema escolar a nivel nacional"},"content":{"rendered":"<p><img loading=\"lazy\" decoding=\"async\" class=\"aligncenter wp-image-195376 size-large\" title=\"MINEDUC y Universidad de Playa Anchas abren inscripciones para cursos gratuitos de Inteligencia Artificial\" src=\"https:\/\/upla.cl\/noticias\/wp-content\/uploads\/2026\/03\/20260305_educacionvirtual_herramientasia-1024x576.jpg\" alt=\"MINEDUC y Universidad de Playa Anchas abren inscripciones para cursos gratuitos de Inteligencia Artificial\" width=\"618\" height=\"348\" srcset=\"https:\/\/upla.cl\/noticias\/wp-content\/uploads\/2026\/03\/20260305_educacionvirtual_herramientasia-1024x576.jpg 1024w, https:\/\/upla.cl\/noticias\/wp-content\/uploads\/2026\/03\/20260305_educacionvirtual_herramientasia-300x169.jpg 300w, https:\/\/upla.cl\/noticias\/wp-content\/uploads\/2026\/03\/20260305_educacionvirtual_herramientasia-150x84.jpg 150w, https:\/\/upla.cl\/noticias\/wp-content\/uploads\/2026\/03\/20260305_educacionvirtual_herramientasia-768x432.jpg 768w, https:\/\/upla.cl\/noticias\/wp-content\/uploads\/2026\/03\/20260305_educacionvirtual_herramientasia-1536x864.jpg 1536w, https:\/\/upla.cl\/noticias\/wp-content\/uploads\/2026\/03\/20260305_educacionvirtual_herramientasia.jpg 1921w\" sizes=\"auto, (max-width: 618px) 100vw, 618px\" \/><\/p>\n<p>El <strong><a title=\"Ministerio de Educaci\u00f3n (Mineduc)\" href=\"https:\/\/www.mineduc.cl\/\" target=\"_blank\" rel=\"noopener\">Ministerio de Educaci\u00f3n (Mineduc)<\/a><\/strong>, a trav\u00e9s del <strong><a title=\"Centro de Perfeccionamiento, Experimentaci\u00f3n e Investigaciones Pedag\u00f3gicas (CPEIP)\" href=\"https:\/\/www.cpeip.cl\/\" target=\"_blank\" rel=\"noopener\">Centro de Perfeccionamiento, Experimentaci\u00f3n e Investigaciones Pedag\u00f3gicas (CPEIP)<\/a><\/strong>, y la <strong>Universidad de Playa Ancha (UPLA)<\/strong> informan que ya se abri\u00f3 una nueva convocatoria a los <strong>cursos gratuitos y en l\u00ednea para profesoras y profesores de todo el pa\u00eds<\/strong>, iniciativa busca que las y los docentes del sistema escolar se familiaricen y apliquen la <strong>Inteligencia Artificial (IA) generativa<\/strong> en el aula.<\/p>\n<p>La oferta formativa, que se dictar\u00e1 desde este primer semestre de 2026, contempla cursos centrados en la Integraci\u00f3n de IA en la pr\u00e1ctica docente y en la actual convocatoria, las y los participantes podr\u00e1n elegir entre dos modalidades: cursos tutorizados, que cuentan con el apoyo de un docente a trav\u00e9s de sesiones en vivo y talleres, y cursos autoinstruccionales, ideales para quienes prefieren un formato m\u00e1s flexible y de avance aut\u00f3nomo.<\/p>\n<h2>Cursos de la primera convocatoria 2026<\/h2>\n<p>La primera convocatoria es para los dos cursos tutorizados que comienzan el 14 de abril, a los cuales se puede postular desde el sitio oficial de <strong>Acciones Formativas del Ministerio de Educaci\u00f3n<\/strong>:<\/p>\n<ul>\n<li><strong>Curso 1: Introducci\u00f3n a la Inteligencia Artificial y su uso educativo<\/strong> (<strong><a title=\"Introducci\u00f3n a la Inteligencia Artificial y su uso educativ\" href=\"https:\/\/ddl.cpeip.gob.cl\/acciones-formativas\/2026\/introduccion-la-inteligencia-artificial-y-su-uso-educativo-2026-nuble\" target=\"_blank\" rel=\"noopener\">accede aqu\u00ed al enlace de inscripci\u00f3n<\/a><\/strong>): Programa de sesenta (60) horas pedag\u00f3gicas que busca que docentes de tramos inicial y temprano comprendan el funcionamiento de los modelos de lenguaje de la Inteligencia Artificial con prop\u00f3sitos educativos, explorando potencialidades y limitaciones de diferentes herramientas de IA para dise\u00f1ar actividades y contenidos acad\u00e9micos significativos. Esta acci\u00f3n formativa responde a diagn\u00f3sticos que indican la necesidad de mejorar la planificaci\u00f3n y el dise\u00f1o de actividades did\u00e1cticas, as\u00ed como la integraci\u00f3n de tecnolog\u00edas en el aula. Tambi\u00e9n busca promover un enfoque inclusivo y equitativo en el uso de la tecnolog\u00eda.<\/li>\n<li><strong>Curso 2: Aplicaciones de la Inteligencia Artificial para la ense\u00f1anza y el aprendizaje<\/strong> (<strong><a title=\"Aplicaciones de la Inteligencia Artificial para la ense\u00f1anza y el aprendizaje\" href=\"https:\/\/ddl.cpeip.gob.cl\/acciones-formativas\/2026\/aplicaciones-de-la-inteligencia-artificial-para-la-ensenanza-y-el\" target=\"_blank\" rel=\"noopener\">accede aqu\u00ed al enlace de inscripci\u00f3n<\/a><\/strong>): En sus sesenta (60) horas de proceso formativo busca desarrollar competencias digitales en el uso de la Inteligencia Artificial (IA) en la pr\u00e1ctica pedag\u00f3gica para promover la personalizaci\u00f3n del aprendizaje, la atenci\u00f3n de la diversidad en el aula, y su uso efectivo en los procesos de ense\u00f1anza-aprendizaje, promoviendo un uso responsable y \u00e9tico de la tecnolog\u00eda.<\/li>\n<\/ul>\n<div id='gallery-1' class='gallery galleryid-195371 gallery-columns-3 gallery-size-thumbnail'><figure class='gallery-item'>\n\t\t\t<div class='gallery-icon landscape'>\n\t\t\t\t<a href=\"https:\/\/upla.cl\/noticias\/2026\/03\/05\/mineduc-y-la-universidad-de-playa-ancha-abren-inscripciones-para-cursos-gratuitos-de-inteligencia-artificial-a-profesoras-y-profesoras-del-sistema-escolar-a-nivel-nacional\/20260305_educacionvirtual_docente\/\"><img loading=\"lazy\" decoding=\"async\" width=\"150\" height=\"84\" src=\"https:\/\/upla.cl\/noticias\/wp-content\/uploads\/2026\/03\/20260305_educacionvirtual_docente-150x84.jpg\" class=\"attachment-thumbnail size-thumbnail\" alt=\"MINEDUC y Universidad de Playa Anchas abren inscripciones para cursos gratuitos de Inteligencia Artificial\" srcset=\"https:\/\/upla.cl\/noticias\/wp-content\/uploads\/2026\/03\/20260305_educacionvirtual_docente-150x84.jpg 150w, https:\/\/upla.cl\/noticias\/wp-content\/uploads\/2026\/03\/20260305_educacionvirtual_docente-300x169.jpg 300w, https:\/\/upla.cl\/noticias\/wp-content\/uploads\/2026\/03\/20260305_educacionvirtual_docente-1024x576.jpg 1024w, https:\/\/upla.cl\/noticias\/wp-content\/uploads\/2026\/03\/20260305_educacionvirtual_docente-768x432.jpg 768w, https:\/\/upla.cl\/noticias\/wp-content\/uploads\/2026\/03\/20260305_educacionvirtual_docente-1536x864.jpg 1536w, https:\/\/upla.cl\/noticias\/wp-content\/uploads\/2026\/03\/20260305_educacionvirtual_docente.jpg 1920w\" sizes=\"auto, (max-width: 150px) 100vw, 150px\" \/><\/a>\n\t\t\t<\/div><\/figure><figure class='gallery-item'>\n\t\t\t<div class='gallery-icon landscape'>\n\t\t\t\t<a href=\"https:\/\/upla.cl\/noticias\/2026\/03\/05\/mineduc-y-la-universidad-de-playa-ancha-abren-inscripciones-para-cursos-gratuitos-de-inteligencia-artificial-a-profesoras-y-profesoras-del-sistema-escolar-a-nivel-nacional\/20260305_educacionvirtual_docente_2\/\"><img loading=\"lazy\" decoding=\"async\" width=\"150\" height=\"84\" src=\"https:\/\/upla.cl\/noticias\/wp-content\/uploads\/2026\/03\/20260305_educacionvirtual_docente_2-150x84.jpg\" class=\"attachment-thumbnail size-thumbnail\" alt=\"MINEDUC y Universidad de Playa Anchas abren inscripciones para cursos gratuitos de Inteligencia Artificial\" srcset=\"https:\/\/upla.cl\/noticias\/wp-content\/uploads\/2026\/03\/20260305_educacionvirtual_docente_2-150x84.jpg 150w, https:\/\/upla.cl\/noticias\/wp-content\/uploads\/2026\/03\/20260305_educacionvirtual_docente_2-300x169.jpg 300w, https:\/\/upla.cl\/noticias\/wp-content\/uploads\/2026\/03\/20260305_educacionvirtual_docente_2-1024x576.jpg 1024w, https:\/\/upla.cl\/noticias\/wp-content\/uploads\/2026\/03\/20260305_educacionvirtual_docente_2-768x432.jpg 768w, https:\/\/upla.cl\/noticias\/wp-content\/uploads\/2026\/03\/20260305_educacionvirtual_docente_2-1536x864.jpg 1536w, https:\/\/upla.cl\/noticias\/wp-content\/uploads\/2026\/03\/20260305_educacionvirtual_docente_2.jpg 1920w\" sizes=\"auto, (max-width: 150px) 100vw, 150px\" \/><\/a>\n\t\t\t<\/div><\/figure><figure class='gallery-item'>\n\t\t\t<div class='gallery-icon landscape'>\n\t\t\t\t<a href=\"https:\/\/upla.cl\/noticias\/2026\/03\/05\/mineduc-y-la-universidad-de-playa-ancha-abren-inscripciones-para-cursos-gratuitos-de-inteligencia-artificial-a-profesoras-y-profesoras-del-sistema-escolar-a-nivel-nacional\/20260305_educacionvirtual_accionesformativas\/\"><img loading=\"lazy\" decoding=\"async\" width=\"150\" height=\"84\" src=\"https:\/\/upla.cl\/noticias\/wp-content\/uploads\/2026\/03\/20260305_educacionvirtual_accionesformativas-150x84.jpg\" class=\"attachment-thumbnail size-thumbnail\" alt=\"MINEDUC y Universidad de Playa Anchas abren inscripciones para cursos gratuitos de Inteligencia Artificial\" srcset=\"https:\/\/upla.cl\/noticias\/wp-content\/uploads\/2026\/03\/20260305_educacionvirtual_accionesformativas-150x84.jpg 150w, https:\/\/upla.cl\/noticias\/wp-content\/uploads\/2026\/03\/20260305_educacionvirtual_accionesformativas-300x169.jpg 300w, https:\/\/upla.cl\/noticias\/wp-content\/uploads\/2026\/03\/20260305_educacionvirtual_accionesformativas-1024x576.jpg 1024w, https:\/\/upla.cl\/noticias\/wp-content\/uploads\/2026\/03\/20260305_educacionvirtual_accionesformativas-768x432.jpg 768w, https:\/\/upla.cl\/noticias\/wp-content\/uploads\/2026\/03\/20260305_educacionvirtual_accionesformativas-1536x864.jpg 1536w, https:\/\/upla.cl\/noticias\/wp-content\/uploads\/2026\/03\/20260305_educacionvirtual_accionesformativas.jpg 1920w\" sizes=\"auto, (max-width: 150px) 100vw, 150px\" \/><\/a>\n\t\t\t<\/div><\/figure><figure class='gallery-item'>\n\t\t\t<div class='gallery-icon landscape'>\n\t\t\t\t<a href=\"https:\/\/upla.cl\/noticias\/2026\/03\/05\/mineduc-y-la-universidad-de-playa-ancha-abren-inscripciones-para-cursos-gratuitos-de-inteligencia-artificial-a-profesoras-y-profesoras-del-sistema-escolar-a-nivel-nacional\/20260305_educacionvirtual_herramientasia\/\"><img loading=\"lazy\" decoding=\"async\" width=\"150\" height=\"84\" src=\"https:\/\/upla.cl\/noticias\/wp-content\/uploads\/2026\/03\/20260305_educacionvirtual_herramientasia-150x84.jpg\" class=\"attachment-thumbnail size-thumbnail\" alt=\"MINEDUC y Universidad de Playa Anchas abren inscripciones para cursos gratuitos de Inteligencia Artificial\" srcset=\"https:\/\/upla.cl\/noticias\/wp-content\/uploads\/2026\/03\/20260305_educacionvirtual_herramientasia-150x84.jpg 150w, https:\/\/upla.cl\/noticias\/wp-content\/uploads\/2026\/03\/20260305_educacionvirtual_herramientasia-300x169.jpg 300w, https:\/\/upla.cl\/noticias\/wp-content\/uploads\/2026\/03\/20260305_educacionvirtual_herramientasia-1024x576.jpg 1024w, https:\/\/upla.cl\/noticias\/wp-content\/uploads\/2026\/03\/20260305_educacionvirtual_herramientasia-768x432.jpg 768w, https:\/\/upla.cl\/noticias\/wp-content\/uploads\/2026\/03\/20260305_educacionvirtual_herramientasia-1536x864.jpg 1536w, https:\/\/upla.cl\/noticias\/wp-content\/uploads\/2026\/03\/20260305_educacionvirtual_herramientasia.jpg 1921w\" sizes=\"auto, (max-width: 150px) 100vw, 150px\" \/><\/a>\n\t\t\t<\/div><\/figure><figure class='gallery-item'>\n\t\t\t<div class='gallery-icon landscape'>\n\t\t\t\t<a href=\"https:\/\/upla.cl\/noticias\/2026\/03\/05\/mineduc-y-la-universidad-de-playa-ancha-abren-inscripciones-para-cursos-gratuitos-de-inteligencia-artificial-a-profesoras-y-profesoras-del-sistema-escolar-a-nivel-nacional\/20260305_educacionvirtual_herramientasmultim\/\"><img loading=\"lazy\" decoding=\"async\" width=\"150\" height=\"84\" src=\"https:\/\/upla.cl\/noticias\/wp-content\/uploads\/2026\/03\/20260305_educacionvirtual_herramientasmultim-150x84.jpg\" class=\"attachment-thumbnail size-thumbnail\" alt=\"MINEDUC y Universidad de Playa Anchas abren inscripciones para cursos gratuitos de Inteligencia Artificial\" srcset=\"https:\/\/upla.cl\/noticias\/wp-content\/uploads\/2026\/03\/20260305_educacionvirtual_herramientasmultim-150x84.jpg 150w, https:\/\/upla.cl\/noticias\/wp-content\/uploads\/2026\/03\/20260305_educacionvirtual_herramientasmultim-300x169.jpg 300w, https:\/\/upla.cl\/noticias\/wp-content\/uploads\/2026\/03\/20260305_educacionvirtual_herramientasmultim-1024x577.jpg 1024w, https:\/\/upla.cl\/noticias\/wp-content\/uploads\/2026\/03\/20260305_educacionvirtual_herramientasmultim-768x432.jpg 768w, https:\/\/upla.cl\/noticias\/wp-content\/uploads\/2026\/03\/20260305_educacionvirtual_herramientasmultim-1536x865.jpg 1536w, https:\/\/upla.cl\/noticias\/wp-content\/uploads\/2026\/03\/20260305_educacionvirtual_herramientasmultim.jpg 1920w\" sizes=\"auto, (max-width: 150px) 100vw, 150px\" \/><\/a>\n\t\t\t<\/div><\/figure><figure class='gallery-item'>\n\t\t\t<div class='gallery-icon landscape'>\n\t\t\t\t<a href=\"https:\/\/upla.cl\/noticias\/2026\/03\/05\/mineduc-y-la-universidad-de-playa-ancha-abren-inscripciones-para-cursos-gratuitos-de-inteligencia-artificial-a-profesoras-y-profesoras-del-sistema-escolar-a-nivel-nacional\/20260305_educacionvirtual_aistentevirtual\/\"><img loading=\"lazy\" decoding=\"async\" width=\"150\" height=\"84\" src=\"https:\/\/upla.cl\/noticias\/wp-content\/uploads\/2026\/03\/20260305_educacionvirtual_aistentevirtual-150x84.jpg\" class=\"attachment-thumbnail size-thumbnail\" alt=\"MINEDUC y Universidad de Playa Anchas abren inscripciones para cursos gratuitos de Inteligencia Artificial\" srcset=\"https:\/\/upla.cl\/noticias\/wp-content\/uploads\/2026\/03\/20260305_educacionvirtual_aistentevirtual-150x84.jpg 150w, https:\/\/upla.cl\/noticias\/wp-content\/uploads\/2026\/03\/20260305_educacionvirtual_aistentevirtual-300x169.jpg 300w, https:\/\/upla.cl\/noticias\/wp-content\/uploads\/2026\/03\/20260305_educacionvirtual_aistentevirtual-1024x576.jpg 1024w, https:\/\/upla.cl\/noticias\/wp-content\/uploads\/2026\/03\/20260305_educacionvirtual_aistentevirtual-768x432.jpg 768w, https:\/\/upla.cl\/noticias\/wp-content\/uploads\/2026\/03\/20260305_educacionvirtual_aistentevirtual-1536x864.jpg 1536w, https:\/\/upla.cl\/noticias\/wp-content\/uploads\/2026\/03\/20260305_educacionvirtual_aistentevirtual.jpg 1920w\" sizes=\"auto, (max-width: 150px) 100vw, 150px\" \/><\/a>\n\t\t\t<\/div><\/figure>\n\t\t<\/div>\n\n<h2>Seguir innovando en educaci\u00f3n a trav\u00e9s de la formaci\u00f3n en IA<\/h2>\n<p>Esta convocatoria viene a continuar con el <strong>Plan de Formaci\u00f3n en IA en Educaci\u00f3n<\/strong> que surge en 2024 con el convenio de cooperaci\u00f3n entre la UPLA y el Mineduc y que busca llevar a las y a los profesores en aula formaci\u00f3n sobre innovaci\u00f3n y transferencia tecnol\u00f3gica en l\u00ednea.<\/p>\n<p>El objetivo principal es fortalecer las competencias digitales del profesorado, introduciendo metodolog\u00edas tales como el dise\u00f1o de experiencias de aprendizaje con chatbots, la gamificaci\u00f3n de clases con herramientas IA, y nuevas formas de retroalimentaci\u00f3n evaluativa asistidas por IA, inclusive contando los cursos con la Asistencia de ChatBots IA que acompa\u00f1an las consultas y retroalimentan a las y a los participantes en el desarrollo de la formaci\u00f3n online.<\/p>\n<p>Seg\u00fan explic\u00f3 el <strong>director de Educaci\u00f3n Virtual de la UPLA, Fabi\u00e1n Gonz\u00e1lez Araya<\/strong>, esta propuesta va m\u00e1s all\u00e1 de una simple capacitaci\u00f3n t\u00e9cnica: \u00abEs un modelo de innovaci\u00f3n educativa que integra tecnolog\u00eda y pedagog\u00eda para transformar la pr\u00e1ctica docente, incorporando asistentes virtuales que personalizan y acompa\u00f1an el aprendizaje de cada participante\u00bb todo esto \u00aben el marco de una plataforma en l\u00ednea, de \u00faltima tecnolog\u00eda, que cuenta con integraci\u00f3n de chatbots IA que asisten y apoyan los procesos formativos\u00bb, destac\u00f3 el acad\u00e9mico.<\/p>\n<p>Gonz\u00e1lez enfatiz\u00f3 adem\u00e1s que \u00abcon esta iniciativa, la Universidad de Playa Ancha se consolida como un referente en innovaci\u00f3n, promoviendo un sistema escolar m\u00e1s inclusivo, tecnol\u00f3gico y preparado para los desaf\u00edos del futuro. Las inscripciones ya est\u00e1n abiertas para los docentes de establecimientos escolares a nivel nacional\u00bb.<\/p>\n","protected":false},"excerpt":{"rendered":"<p>La primera convocatoria de este llamado conjunto entre el Mineduc y la UPLA es para dos cursos tutorizados que comienzan el 14 de abril.<\/p>\n","protected":false},"author":6,"featured_media":195376,"comment_status":"closed","ping_status":"open","sticky":false,"template":"","format":"standard","meta":{"footnotes":""},"categories":[51,60,61,64,40,101,245,69,71,72,73,75,77,206,43,651,742,634,725,411,665],"tags":[],"class_list":["post-195371","post","type-post","status-publish","format-standard","has-post-thumbnail","","category-academia","category-campus-san-felipe","category-carreras-vespertinas","category-convenio-de-desempeno","category-destacados","category-docencia","category-educacion-virtual","category-egresados","category-facultad-de-arte","category-facultad-de-ciencias-actividad-fisica-y-deporte","category-facultad-de-ciencias-de-la-educacion","category-facultad-de-ciencias-naturales-y-exactas","category-facultad-de-humanidades","category-innovacion","category-investigacion","category-magister-en-literatura","category-pedagogia-en-biologia-y-ciencias","category-pedagogia-en-castellano","category-pedagogia-en-educacion-fisica","category-educacion-musical","category-pedagogia-en-ingles"],"_links":{"self":[{"href":"https:\/\/upla.cl\/noticias\/wp-json\/wp\/v2\/posts\/195371","targetHints":{"allow":["GET"]}}],"collection":[{"href":"https:\/\/upla.cl\/noticias\/wp-json\/wp\/v2\/posts"}],"about":[{"href":"https:\/\/upla.cl\/noticias\/wp-json\/wp\/v2\/types\/post"}],"author":[{"embeddable":true,"href":"https:\/\/upla.cl\/noticias\/wp-json\/wp\/v2\/users\/6"}],"replies":[{"embeddable":true,"href":"https:\/\/upla.cl\/noticias\/wp-json\/wp\/v2\/comments?post=195371"}],"version-history":[{"count":2,"href":"https:\/\/upla.cl\/noticias\/wp-json\/wp\/v2\/posts\/195371\/revisions"}],"predecessor-version":[{"id":195638,"href":"https:\/\/upla.cl\/noticias\/wp-json\/wp\/v2\/posts\/195371\/revisions\/195638"}],"wp:featuredmedia":[{"embeddable":true,"href":"https:\/\/upla.cl\/noticias\/wp-json\/wp\/v2\/media\/195376"}],"wp:attachment":[{"href":"https:\/\/upla.cl\/noticias\/wp-json\/wp\/v2\/media?parent=195371"}],"wp:term":[{"taxonomy":"category","embeddable":true,"href":"https:\/\/upla.cl\/noticias\/wp-json\/wp\/v2\/categories?post=195371"},{"taxonomy":"post_tag","embeddable":true,"href":"https:\/\/upla.cl\/noticias\/wp-json\/wp\/v2\/tags?post=195371"}],"curies":[{"name":"wp","href":"https:\/\/api.w.org\/{rel}","templated":true}]}}