{"id":195397,"date":"2026-03-09T10:53:24","date_gmt":"2026-03-09T13:53:24","guid":{"rendered":"https:\/\/upla.cl\/noticias\/?p=195397"},"modified":"2026-03-09T10:55:11","modified_gmt":"2026-03-09T13:55:11","slug":"revitalizando-el-mapuzungun","status":"publish","type":"post","link":"https:\/\/upla.cl\/noticias\/2026\/03\/09\/revitalizando-el-mapuzungun\/","title":{"rendered":"Revitalizando el mapuzungun"},"content":{"rendered":"<p>Desde el a\u00f1o 2000, cada 21 de febrero se celebra el D\u00eda Internacional de la Lengua Materna, como forma de destacar la importancia de la diversidad cultural y ling\u00fc\u00edstica, cada vez m\u00e1s amenazada en todo el mundo. Se estima que una lengua ind\u00edgena desaparece cada dos semanas, aproximadamente. En su mensaje de este a\u00f1o, la UNESCO llam\u00f3 a invertir en la transmisi\u00f3n de las lenguas, ya que su diversidad es un pilar para la paz, la dignidad y la inclusi\u00f3n.<\/p>\n<p>Compartimos esta preocupaci\u00f3n, que por supuesto se extiende a la situaci\u00f3n en nuestro pa\u00eds, donde varias lenguas ind\u00edgenas coexisten dif\u00edcilmente con el espa\u00f1ol oficial y mayoritario.<\/p>\n<p>No solo nos preocupamos. Como Universidad de Playa Ancha, tambi\u00e9n hacemos algo al respecto y es as\u00ed como, en los pr\u00f3ximos d\u00edas, titularemos a la primera generaci\u00f3n de t\u00e9cnicas y t\u00e9cnicos universitarios en Traducci\u00f3n Espa\u00f1ol\u2013Mapuzungun. \u00bfPor qu\u00e9 es algo tan importante? Porque son los primeros traductores de la lengua mapuche con formaci\u00f3n universitaria\u2026 en toda la historia de Chile.<\/p>\n<p>En ese sentido, podr\u00edamos decir que esta experiencia pionera tambi\u00e9n demuestra el cambio social que en las d\u00e9cadas recientes ha experimentado el pa\u00eds, m\u00e1s favorable a la valoraci\u00f3n de los pueblos originarios y su cultura.<\/p>\n<p>Se trata de un proceso positivo que es posible gracias al apoyo del Estado. En el caso de esta carrera de traducci\u00f3n, es fruto de un trabajo conjunto entre la Facultad de Humanidades, el Instituto Tecnol\u00f3gico de la UPLA y la Corporaci\u00f3n Nacional de Desarrollo Ind\u00edgena (Conadi), que seleccionaron a un grupo de estudiantes hablantes nativos, mapuches, quienes ahora recibir\u00e1n sus t\u00edtulos.<\/p>\n<p>Muy pocos, pero esperamos que solo sean los primeros de muchos m\u00e1s a lo largo del pa\u00eds. Y no olvidemos que el ejercicio de su nueva profesi\u00f3n les permitir\u00e1 amplificar exponencialmente el uso del mapuzungun, revitalizando una lengua que est\u00e1 profundamente incrustada en la cultura nacional pero enfrenta un injusto desconocimiento.<\/p>\n<p>Incluso en su etapa como estudiantes, los nuevos traductores ya evidenciaron esta funci\u00f3n multiplicadora, pues tuvieron la oportunidad de participar en una colaboraci\u00f3n estrat\u00e9gica con el Servicio de Salud Valpara\u00edso\u2013San Antonio (SSVSA), de la cual surgieron se\u00f1al\u00e9ticas interculturales, materiales informativos y educativos para hospitales y CESFAM de la red, traducidos al mapuzungun. As\u00ed contribuyeron a materializar una obligaci\u00f3n legal de avanzar hacia un sistema de salud m\u00e1s inclusivo y con pertinencia cultural en sus recintos.<\/p>\n<p>Este ejemplo demuestra, una vez m\u00e1s, el compromiso social de las universidades estatales y su articulaci\u00f3n con las pol\u00edticas p\u00fablicas. En este caso, la apuesta de la Universidad de Playa Ancha por la interculturalidad y la inclusi\u00f3n se traduce en un aporte concreto para el territorio: materiales traducidos que responden a necesidades de la comunidad y dan nueva vida a una lengua originaria.<\/p>\n<p>&nbsp;<\/p>\n<p><strong>Carlos Gonz\u00e1lez Morales<\/strong><br \/>\nRector Universidad de Playa Ancha<\/p>\n<p>&nbsp;<\/p>\n<p><strong>Fuente<\/strong>: publicada en El Mercurio de Valpara\u00edso, s\u00e1bado 7 de marzo de 2026 (<a href=\"https:\/\/www.mercuriovalpo.cl\/impresa\/2026\/03\/07\/full\/cuerpo-principal\/8\/\" target=\"_blank\" rel=\"noopener\">acceso para suscriptores<\/a>).<\/p>\n<p>&nbsp;<\/p>\n","protected":false},"excerpt":{"rendered":"<p>Opini\u00f3n del rector Carlos Gonz\u00e1lez Morales, publicada en El Mercurio de Valpara\u00edso el s\u00e1bado 7 de marzo de 2026.<\/p>\n","protected":false},"author":4,"featured_media":153062,"comment_status":"closed","ping_status":"open","sticky":false,"template":"","format":"standard","meta":{"footnotes":""},"categories":[51,40,77,122,83,44,179,178,45],"tags":[],"class_list":["post-195397","post","type-post","status-publish","format-standard","has-post-thumbnail","","category-academia","category-destacados","category-facultad-de-humanidades","category-inclusion","category-instituto-tecnologico","category-opinion","category-prensa","category-rectoria","category-upla-en-los-medios"],"_links":{"self":[{"href":"https:\/\/upla.cl\/noticias\/wp-json\/wp\/v2\/posts\/195397","targetHints":{"allow":["GET"]}}],"collection":[{"href":"https:\/\/upla.cl\/noticias\/wp-json\/wp\/v2\/posts"}],"about":[{"href":"https:\/\/upla.cl\/noticias\/wp-json\/wp\/v2\/types\/post"}],"author":[{"embeddable":true,"href":"https:\/\/upla.cl\/noticias\/wp-json\/wp\/v2\/users\/4"}],"replies":[{"embeddable":true,"href":"https:\/\/upla.cl\/noticias\/wp-json\/wp\/v2\/comments?post=195397"}],"version-history":[{"count":2,"href":"https:\/\/upla.cl\/noticias\/wp-json\/wp\/v2\/posts\/195397\/revisions"}],"predecessor-version":[{"id":195399,"href":"https:\/\/upla.cl\/noticias\/wp-json\/wp\/v2\/posts\/195397\/revisions\/195399"}],"wp:featuredmedia":[{"embeddable":true,"href":"https:\/\/upla.cl\/noticias\/wp-json\/wp\/v2\/media\/153062"}],"wp:attachment":[{"href":"https:\/\/upla.cl\/noticias\/wp-json\/wp\/v2\/media?parent=195397"}],"wp:term":[{"taxonomy":"category","embeddable":true,"href":"https:\/\/upla.cl\/noticias\/wp-json\/wp\/v2\/categories?post=195397"},{"taxonomy":"post_tag","embeddable":true,"href":"https:\/\/upla.cl\/noticias\/wp-json\/wp\/v2\/tags?post=195397"}],"curies":[{"name":"wp","href":"https:\/\/api.w.org\/{rel}","templated":true}]}}