{"id":195533,"date":"2026-03-10T15:39:02","date_gmt":"2026-03-10T18:39:02","guid":{"rendered":"https:\/\/upla.cl\/noticias\/?p=195533"},"modified":"2026-03-10T15:43:19","modified_gmt":"2026-03-10T18:43:19","slug":"itec-impulsa-la-articulacion-academica-como-eje-central-en-la-bienvenida-a-sus-400-nuevos-estudiantes","status":"publish","type":"post","link":"https:\/\/upla.cl\/noticias\/2026\/03\/10\/itec-impulsa-la-articulacion-academica-como-eje-central-en-la-bienvenida-a-sus-400-nuevos-estudiantes\/","title":{"rendered":"ITEC impulsa la articulaci\u00f3n acad\u00e9mica como eje central en la bienvenida a sus 400 nuevos estudiantes"},"content":{"rendered":"<p data-path-to-node=\"3\"><a href=\"https:\/\/upla.cl\/noticias\/wp-content\/uploads\/2026\/03\/Bienvenida_Itec-1-2026.jpeg\"><img loading=\"lazy\" decoding=\"async\" class=\"alignright size-medium wp-image-195539\" src=\"https:\/\/upla.cl\/noticias\/wp-content\/uploads\/2026\/03\/Bienvenida_Itec-1-2026-300x200.jpeg\" alt=\"\" width=\"300\" height=\"200\" srcset=\"https:\/\/upla.cl\/noticias\/wp-content\/uploads\/2026\/03\/Bienvenida_Itec-1-2026-300x200.jpeg 300w, https:\/\/upla.cl\/noticias\/wp-content\/uploads\/2026\/03\/Bienvenida_Itec-1-2026-1024x683.jpeg 1024w, https:\/\/upla.cl\/noticias\/wp-content\/uploads\/2026\/03\/Bienvenida_Itec-1-2026-150x100.jpeg 150w, https:\/\/upla.cl\/noticias\/wp-content\/uploads\/2026\/03\/Bienvenida_Itec-1-2026-768x512.jpeg 768w, https:\/\/upla.cl\/noticias\/wp-content\/uploads\/2026\/03\/Bienvenida_Itec-1-2026-1536x1025.jpeg 1536w, https:\/\/upla.cl\/noticias\/wp-content\/uploads\/2026\/03\/Bienvenida_Itec-1-2026.jpeg 1920w\" sizes=\"auto, (max-width: 300px) 100vw, 300px\" \/><\/a>La articulaci\u00f3n acad\u00e9mica entre las carreras t\u00e9cnicas y profesionales que imparte nuestra Universidad, se posicion\u00f3 como el principal desaf\u00edo estrat\u00e9gico del <a href=\"https:\/\/www.upla.cl\/institutotecnologico\/\"><strong>Instituto Tecnol\u00f3gico (ITEC)<\/strong> <\/a>para el presente a\u00f1o. Este enfoque busca consolidar un sistema de continuidad de estudios que permita a los alumnos transitar de manera fluida hacia niveles superiores de formaci\u00f3n, fortaleciendo el v\u00ednculo entre la base t\u00e9cnica y el mundo profesional. El anuncio se realiz\u00f3 con \u00e9nfasis durante las jornadas de bienvenida organizadas para recibir a la nueva cohorte de estudiantes que se integran a la comunidad universitaria en sus distintas sedes de Valpara\u00edso y San Felipe.<\/p>\n<p data-path-to-node=\"4\">En un ambiente de entusiasmo, el ITEC dio el vamos al a\u00f1o acad\u00e9mico recibiendo a cerca de 400 nuevos alumnos. Al respecto, el <strong>director general del ITEC, Mauricio Hern\u00e1ndez Flores,<\/strong> destac\u00f3 la importancia de este nuevo ciclo bajo un modelo educativo redise\u00f1ado: <b data-path-to-node=\"4\" data-index-in-node=\"260\">\u00abEl desaf\u00edo m\u00e1s importante hoy es articular nuestras carreras hacia las profesionales a trav\u00e9s del reconocimiento de competencias o asignaturas. Estamos invitando a las facultades, como Ingenier\u00eda, Arte o Educaci\u00f3n, a que se incorporen a este desaf\u00edo, porque nuestras carreras ya est\u00e1n en un nuevo modelo que facilita este &#8216;trampol\u00edn&#8217; directo hacia el grado profesional\u00bb<\/b>, afirm\u00f3 la autoridad.<\/p>\n<p data-path-to-node=\"5\"><a href=\"https:\/\/upla.cl\/noticias\/wp-content\/uploads\/2026\/03\/ITEC-San-Felipe-3.jpg\"><img loading=\"lazy\" decoding=\"async\" class=\"alignright size-medium wp-image-195540\" src=\"https:\/\/upla.cl\/noticias\/wp-content\/uploads\/2026\/03\/ITEC-San-Felipe-3-300x188.jpg\" alt=\"\" width=\"300\" height=\"188\" srcset=\"https:\/\/upla.cl\/noticias\/wp-content\/uploads\/2026\/03\/ITEC-San-Felipe-3-300x188.jpg 300w, https:\/\/upla.cl\/noticias\/wp-content\/uploads\/2026\/03\/ITEC-San-Felipe-3-1024x642.jpg 1024w, https:\/\/upla.cl\/noticias\/wp-content\/uploads\/2026\/03\/ITEC-San-Felipe-3-150x94.jpg 150w, https:\/\/upla.cl\/noticias\/wp-content\/uploads\/2026\/03\/ITEC-San-Felipe-3-768x482.jpg 768w, https:\/\/upla.cl\/noticias\/wp-content\/uploads\/2026\/03\/ITEC-San-Felipe-3-1536x964.jpg 1536w, https:\/\/upla.cl\/noticias\/wp-content\/uploads\/2026\/03\/ITEC-San-Felipe-3.jpg 1895w\" sizes=\"auto, (max-width: 300px) 100vw, 300px\" \/><\/a>Respecto al campus San Felipe, la actividad de bienvenida destac\u00f3 por el cumplimiento exitoso de las metas de ingreso, donde los cupos estipulados originalmente fueron completados en su totalidad. Las autoridades informaron que, debido al alto inter\u00e9s en la zona, se procedi\u00f3 a realizar incrementos en la matr\u00edcula para acoger a un n\u00famero significativo de alumnos, proyectando que la cifra total de nuevos ingresos a nivel institucional podr\u00eda alcanzar los 450 estudiantes hacia finales de marzo, consolidando la presencia del ITEC en el <strong>Valle del Aconcagua<\/strong> y respondiendo a las necesidades de empleabilidad del territorio.<\/p>\n<p data-path-to-node=\"6\">Por su parte, el s<strong>ecretario acad\u00e9mico del ITEC, Miguel Sagredo<\/strong>, subray\u00f3 la relevancia de este primer contacto con la instituci\u00f3n y el acompa\u00f1amiento que recibir\u00e1n los j\u00f3venes. <b data-path-to-node=\"6\" data-index-in-node=\"176\">\u00abLa idea de la jornada es dar la bienvenida a los estudiantes del\u00a0 2026 y presentarles al equipo que los conforma, para que sepan que cuentan con nosotros indistintamente de su coordinador de carrera. Es fundamental que conozcan la importancia de participar en estas actividades iniciales, donde adem\u00e1s se dividen por \u00e1reas para profundizar en las especificidades de su formaci\u00f3n t\u00e9cnica\u00bb<\/b>, explic\u00f3 Sagredo durante el encuentro.<\/p>\n<p data-path-to-node=\"7\"><a href=\"https:\/\/upla.cl\/noticias\/wp-content\/uploads\/2026\/03\/Docente-ITEC-2.jpeg\"><img loading=\"lazy\" decoding=\"async\" class=\"alignright size-medium wp-image-195545\" src=\"https:\/\/upla.cl\/noticias\/wp-content\/uploads\/2026\/03\/Docente-ITEC-2-300x200.jpeg\" alt=\"\" width=\"300\" height=\"200\" srcset=\"https:\/\/upla.cl\/noticias\/wp-content\/uploads\/2026\/03\/Docente-ITEC-2-300x200.jpeg 300w, https:\/\/upla.cl\/noticias\/wp-content\/uploads\/2026\/03\/Docente-ITEC-2-1024x683.jpeg 1024w, https:\/\/upla.cl\/noticias\/wp-content\/uploads\/2026\/03\/Docente-ITEC-2-150x100.jpeg 150w, https:\/\/upla.cl\/noticias\/wp-content\/uploads\/2026\/03\/Docente-ITEC-2-768x512.jpeg 768w, https:\/\/upla.cl\/noticias\/wp-content\/uploads\/2026\/03\/Docente-ITEC-2-1536x1025.jpeg 1536w, https:\/\/upla.cl\/noticias\/wp-content\/uploads\/2026\/03\/Docente-ITEC-2.jpeg 1920w\" sizes=\"auto, (max-width: 300px) 100vw, 300px\" \/><\/a>El horizonte de la articulaci\u00f3n es amplio y ya muestra resultados concretos, como los 60 alumnos que el a\u00f1o pasado transitaron desde el ITEC hacia ofertas acad\u00e9micas profesionales de la universidad. As\u00ed lo precis\u00f3 Hern\u00e1ndez,quien dijo que, actualmente, existen conversaciones avanzadas con la Facultad de Ingenier\u00eda para fortalecer estos cupos, as\u00ed como con la Facultad de Arte para colaborar en programas que aporten a carreras nuevas que puedan surgir. El objetivo es que el estudiante t\u00e9cnico no vea su formaci\u00f3n como un punto final, sino como el primer escal\u00f3n de una trayectoria profesional ascendente y respaldada por una instituci\u00f3n p\u00fablica y estatal.<\/p>\n<p data-path-to-node=\"8\">La jornada de recepci\u00f3n permiti\u00f3 adem\u00e1s que los matriculados conocieran la oferta acad\u00e9mica vigente en Valpara\u00edso, que incluye T\u00e9cnico en Log\u00edstica, Interpretaci\u00f3n de Lengua de Se\u00f1as, Educaci\u00f3n Parvularia, Contabilidad General y Administraci\u00f3n de Recursos Humanos. Todas estas carreras cuentan con el respaldo de consejos asesores empresariales, lo que garantiza que los perfiles de egreso est\u00e9n alineados con las demandas reales del mercado laboral regional. Este sello de calidad busca dar tranquilidad a los nuevos alumnos sobre la pertinencia y el prestigio de la casa de estudios que eligieron.<\/p>\n<p data-path-to-node=\"9\">Finalmente, la actividad concluy\u00f3 con el trabajo directo entre los coordinadores y sus nuevos alumnos en salas diferenciadas, marcando el inicio formal de su vida universitaria. Las matr\u00edculas ITEC se cerrar\u00e1n a fines de marzo, y se considera\u00a0 potenciar para el segundo semestre la oferta online y nuevos convenios de acceso. La meta institucional es clara: transformar la vocaci\u00f3n t\u00e9cnica en una herramienta de desarrollo permanente a trav\u00e9s de un sistema de educaci\u00f3n continua que no se detiene tras la obtenci\u00f3n del t\u00edtulo t\u00e9cnico.<\/p>\n<p><strong>Testimonios<\/strong><\/p>\n<p><strong>Pedro Alfaro Valenzuela, T\u00e9cnico\/a de Nivel Superior en Construcci\u00f3n ITEC de San Felipe:<\/strong><\/p>\n<p>\u00abMe matricul\u00e9 en el ITEC de la Univeridad de Playa Ancha, no solo porque me queda m\u00e1s cerca, sino tambi\u00e9n, porque he recibido muy buenas opiniones de esta Universidad. Adem\u00e1s, me ofrece la continuidad de la carrera que estudi\u00e9 en la ense\u00f1anza media y eso para m\u00ed es muy importante\u00bb.<\/p>\n<p><strong><a href=\"https:\/\/upla.cl\/noticias\/wp-content\/uploads\/2026\/03\/Darinka-Ramirez.jpeg\"><img loading=\"lazy\" decoding=\"async\" class=\"alignleft size-medium wp-image-195543\" src=\"https:\/\/upla.cl\/noticias\/wp-content\/uploads\/2026\/03\/Darinka-Ramirez-300x200.jpeg\" alt=\"\" width=\"300\" height=\"200\" srcset=\"https:\/\/upla.cl\/noticias\/wp-content\/uploads\/2026\/03\/Darinka-Ramirez-300x200.jpeg 300w, https:\/\/upla.cl\/noticias\/wp-content\/uploads\/2026\/03\/Darinka-Ramirez-1024x683.jpeg 1024w, https:\/\/upla.cl\/noticias\/wp-content\/uploads\/2026\/03\/Darinka-Ramirez-150x100.jpeg 150w, https:\/\/upla.cl\/noticias\/wp-content\/uploads\/2026\/03\/Darinka-Ramirez-768x512.jpeg 768w, https:\/\/upla.cl\/noticias\/wp-content\/uploads\/2026\/03\/Darinka-Ramirez-1536x1025.jpeg 1536w, https:\/\/upla.cl\/noticias\/wp-content\/uploads\/2026\/03\/Darinka-Ramirez.jpeg 1920w\" sizes=\"auto, (max-width: 300px) 100vw, 300px\" \/><\/a>Darinka Ram\u00edrez Aguilera,T\u00e9cnico en Educaci\u00f3n Parvularia, Valpara\u00edso<\/strong><\/p>\n<p>\u00abLa verdad es que escuch\u00e9 de la universidad por mi hermana, porque ella estudi\u00f3 ac\u00e1 y por ella me acerqu\u00e9 a esta universidad a estudiar. Tengo harta confianza, porque he vivido el proceso con ella de sus estudios y eso me acerc\u00f3 m\u00e1s a la universidad. Adem\u00e1s, tengo un hijo que tiene autismo, y me he dedicado 100% a \u00e9l en su crianza. Trabajo de fin de semana. Siempre\u00a0 quise estudiar p\u00e1rvulo. Me ha gustado todo lo que es ense\u00f1ar, ayudar en el crecimiento y no tuve la oportunidad m\u00e1s chica fui mam\u00e1 muy chica tambi\u00e9n, entonces ahora ya con 27 a\u00f1os tengo la posibilidad de entrar a estudiar y es lo que har\u00e9\u00bb.<\/p>\n<div id='gallery-1' class='gallery galleryid-195533 gallery-columns-3 gallery-size-thumbnail'><figure class='gallery-item'>\n\t\t\t<div class='gallery-icon landscape'>\n\t\t\t\t<a href='https:\/\/upla.cl\/noticias\/wp-content\/uploads\/2026\/03\/Bienvenida_Itec-1-2026-1.jpeg'><img loading=\"lazy\" decoding=\"async\" width=\"150\" height=\"100\" src=\"https:\/\/upla.cl\/noticias\/wp-content\/uploads\/2026\/03\/Bienvenida_Itec-1-2026-1-150x100.jpeg\" class=\"attachment-thumbnail size-thumbnail\" alt=\"\" srcset=\"https:\/\/upla.cl\/noticias\/wp-content\/uploads\/2026\/03\/Bienvenida_Itec-1-2026-1-150x100.jpeg 150w, https:\/\/upla.cl\/noticias\/wp-content\/uploads\/2026\/03\/Bienvenida_Itec-1-2026-1-300x200.jpeg 300w, https:\/\/upla.cl\/noticias\/wp-content\/uploads\/2026\/03\/Bienvenida_Itec-1-2026-1-1024x683.jpeg 1024w, https:\/\/upla.cl\/noticias\/wp-content\/uploads\/2026\/03\/Bienvenida_Itec-1-2026-1-768x512.jpeg 768w, https:\/\/upla.cl\/noticias\/wp-content\/uploads\/2026\/03\/Bienvenida_Itec-1-2026-1-1536x1025.jpeg 1536w, https:\/\/upla.cl\/noticias\/wp-content\/uploads\/2026\/03\/Bienvenida_Itec-1-2026-1-310x205.jpeg 310w, https:\/\/upla.cl\/noticias\/wp-content\/uploads\/2026\/03\/Bienvenida_Itec-1-2026-1.jpeg 1920w\" sizes=\"auto, (max-width: 150px) 100vw, 150px\" \/><\/a>\n\t\t\t<\/div><\/figure><figure class='gallery-item'>\n\t\t\t<div class='gallery-icon landscape'>\n\t\t\t\t<a href='https:\/\/upla.cl\/noticias\/wp-content\/uploads\/2026\/03\/Docente-ITEC-3.jpeg'><img loading=\"lazy\" decoding=\"async\" width=\"150\" height=\"100\" src=\"https:\/\/upla.cl\/noticias\/wp-content\/uploads\/2026\/03\/Docente-ITEC-3-150x100.jpeg\" class=\"attachment-thumbnail size-thumbnail\" alt=\"\" srcset=\"https:\/\/upla.cl\/noticias\/wp-content\/uploads\/2026\/03\/Docente-ITEC-3-150x100.jpeg 150w, https:\/\/upla.cl\/noticias\/wp-content\/uploads\/2026\/03\/Docente-ITEC-3-300x200.jpeg 300w, https:\/\/upla.cl\/noticias\/wp-content\/uploads\/2026\/03\/Docente-ITEC-3-1024x683.jpeg 1024w, https:\/\/upla.cl\/noticias\/wp-content\/uploads\/2026\/03\/Docente-ITEC-3-768x512.jpeg 768w, https:\/\/upla.cl\/noticias\/wp-content\/uploads\/2026\/03\/Docente-ITEC-3-1536x1025.jpeg 1536w, https:\/\/upla.cl\/noticias\/wp-content\/uploads\/2026\/03\/Docente-ITEC-3-310x205.jpeg 310w, https:\/\/upla.cl\/noticias\/wp-content\/uploads\/2026\/03\/Docente-ITEC-3.jpeg 1920w\" sizes=\"auto, (max-width: 150px) 100vw, 150px\" \/><\/a>\n\t\t\t<\/div><\/figure><figure class='gallery-item'>\n\t\t\t<div class='gallery-icon landscape'>\n\t\t\t\t<a href='https:\/\/upla.cl\/noticias\/wp-content\/uploads\/2026\/03\/Docente-ITEC-4.jpeg'><img loading=\"lazy\" decoding=\"async\" width=\"150\" height=\"128\" src=\"https:\/\/upla.cl\/noticias\/wp-content\/uploads\/2026\/03\/Docente-ITEC-4-150x128.jpeg\" class=\"attachment-thumbnail size-thumbnail\" alt=\"\" srcset=\"https:\/\/upla.cl\/noticias\/wp-content\/uploads\/2026\/03\/Docente-ITEC-4-150x128.jpeg 150w, https:\/\/upla.cl\/noticias\/wp-content\/uploads\/2026\/03\/Docente-ITEC-4-300x255.jpeg 300w, https:\/\/upla.cl\/noticias\/wp-content\/uploads\/2026\/03\/Docente-ITEC-4-1024x870.jpeg 1024w, https:\/\/upla.cl\/noticias\/wp-content\/uploads\/2026\/03\/Docente-ITEC-4-768x653.jpeg 768w, https:\/\/upla.cl\/noticias\/wp-content\/uploads\/2026\/03\/Docente-ITEC-4-1536x1306.jpeg 1536w, https:\/\/upla.cl\/noticias\/wp-content\/uploads\/2026\/03\/Docente-ITEC-4.jpeg 1920w\" sizes=\"auto, (max-width: 150px) 100vw, 150px\" \/><\/a>\n\t\t\t<\/div><\/figure><figure class='gallery-item'>\n\t\t\t<div class='gallery-icon landscape'>\n\t\t\t\t<a href='https:\/\/upla.cl\/noticias\/wp-content\/uploads\/2026\/03\/Docente-ITEC-5.jpeg'><img loading=\"lazy\" decoding=\"async\" width=\"150\" height=\"130\" src=\"https:\/\/upla.cl\/noticias\/wp-content\/uploads\/2026\/03\/Docente-ITEC-5-150x130.jpeg\" class=\"attachment-thumbnail size-thumbnail\" alt=\"\" srcset=\"https:\/\/upla.cl\/noticias\/wp-content\/uploads\/2026\/03\/Docente-ITEC-5-150x130.jpeg 150w, https:\/\/upla.cl\/noticias\/wp-content\/uploads\/2026\/03\/Docente-ITEC-5-300x260.jpeg 300w, https:\/\/upla.cl\/noticias\/wp-content\/uploads\/2026\/03\/Docente-ITEC-5-1024x887.jpeg 1024w, https:\/\/upla.cl\/noticias\/wp-content\/uploads\/2026\/03\/Docente-ITEC-5-768x665.jpeg 768w, https:\/\/upla.cl\/noticias\/wp-content\/uploads\/2026\/03\/Docente-ITEC-5-1536x1330.jpeg 1536w, https:\/\/upla.cl\/noticias\/wp-content\/uploads\/2026\/03\/Docente-ITEC-5.jpeg 1920w\" sizes=\"auto, (max-width: 150px) 100vw, 150px\" \/><\/a>\n\t\t\t<\/div><\/figure><figure class='gallery-item'>\n\t\t\t<div class='gallery-icon landscape'>\n\t\t\t\t<a href='https:\/\/upla.cl\/noticias\/wp-content\/uploads\/2026\/03\/Profesor_ITEC1.jpeg'><img loading=\"lazy\" decoding=\"async\" width=\"150\" height=\"100\" src=\"https:\/\/upla.cl\/noticias\/wp-content\/uploads\/2026\/03\/Profesor_ITEC1-150x100.jpeg\" class=\"attachment-thumbnail size-thumbnail\" alt=\"\" srcset=\"https:\/\/upla.cl\/noticias\/wp-content\/uploads\/2026\/03\/Profesor_ITEC1-150x100.jpeg 150w, https:\/\/upla.cl\/noticias\/wp-content\/uploads\/2026\/03\/Profesor_ITEC1-300x200.jpeg 300w, https:\/\/upla.cl\/noticias\/wp-content\/uploads\/2026\/03\/Profesor_ITEC1-1024x683.jpeg 1024w, https:\/\/upla.cl\/noticias\/wp-content\/uploads\/2026\/03\/Profesor_ITEC1-768x512.jpeg 768w, https:\/\/upla.cl\/noticias\/wp-content\/uploads\/2026\/03\/Profesor_ITEC1-1536x1025.jpeg 1536w, https:\/\/upla.cl\/noticias\/wp-content\/uploads\/2026\/03\/Profesor_ITEC1-310x205.jpeg 310w, https:\/\/upla.cl\/noticias\/wp-content\/uploads\/2026\/03\/Profesor_ITEC1.jpeg 1920w\" sizes=\"auto, (max-width: 150px) 100vw, 150px\" \/><\/a>\n\t\t\t<\/div><\/figure><figure class='gallery-item'>\n\t\t\t<div class='gallery-icon landscape'>\n\t\t\t\t<a href='https:\/\/upla.cl\/noticias\/wp-content\/uploads\/2026\/03\/ITEC-San-Felipe-2.jpg'><img loading=\"lazy\" decoding=\"async\" width=\"150\" height=\"100\" src=\"https:\/\/upla.cl\/noticias\/wp-content\/uploads\/2026\/03\/ITEC-San-Felipe-2-150x100.jpg\" class=\"attachment-thumbnail size-thumbnail\" alt=\"\" srcset=\"https:\/\/upla.cl\/noticias\/wp-content\/uploads\/2026\/03\/ITEC-San-Felipe-2-150x100.jpg 150w, https:\/\/upla.cl\/noticias\/wp-content\/uploads\/2026\/03\/ITEC-San-Felipe-2-300x200.jpg 300w, https:\/\/upla.cl\/noticias\/wp-content\/uploads\/2026\/03\/ITEC-San-Felipe-2-1024x683.jpg 1024w, https:\/\/upla.cl\/noticias\/wp-content\/uploads\/2026\/03\/ITEC-San-Felipe-2-768x512.jpg 768w, https:\/\/upla.cl\/noticias\/wp-content\/uploads\/2026\/03\/ITEC-San-Felipe-2-1536x1024.jpg 1536w, https:\/\/upla.cl\/noticias\/wp-content\/uploads\/2026\/03\/ITEC-San-Felipe-2-310x205.jpg 310w, https:\/\/upla.cl\/noticias\/wp-content\/uploads\/2026\/03\/ITEC-San-Felipe-2.jpg 1920w\" sizes=\"auto, (max-width: 150px) 100vw, 150px\" \/><\/a>\n\t\t\t<\/div><\/figure>\n\t\t<\/div>\n\n<p>&nbsp;<\/p>\n","protected":false},"excerpt":{"rendered":"<p>Con una matr\u00edcula que supera los 400 estudiantes en Valpara\u00edso y San Felipe, el instituto inici\u00f3 su a\u00f1o acad\u00e9mico 2026. El enfoque central ser\u00e1 consolidar el nuevo modelo educativo para facilitar el tr\u00e1nsito directo de los egresados t\u00e9cnicos hacia las carreras profesionales de la Universidad.<\/p>\n","protected":false},"author":3,"featured_media":195542,"comment_status":"closed","ping_status":"open","sticky":false,"template":"","format":"standard","meta":{"footnotes":""},"categories":[51,60,61,40,101,97,83,1],"tags":[],"class_list":["post-195533","post","type-post","status-publish","format-standard","has-post-thumbnail","","category-academia","category-campus-san-felipe","category-carreras-vespertinas","category-destacados","category-docencia","category-estudiantes","category-instituto-tecnologico","category-sin-categoria"],"_links":{"self":[{"href":"https:\/\/upla.cl\/noticias\/wp-json\/wp\/v2\/posts\/195533","targetHints":{"allow":["GET"]}}],"collection":[{"href":"https:\/\/upla.cl\/noticias\/wp-json\/wp\/v2\/posts"}],"about":[{"href":"https:\/\/upla.cl\/noticias\/wp-json\/wp\/v2\/types\/post"}],"author":[{"embeddable":true,"href":"https:\/\/upla.cl\/noticias\/wp-json\/wp\/v2\/users\/3"}],"replies":[{"embeddable":true,"href":"https:\/\/upla.cl\/noticias\/wp-json\/wp\/v2\/comments?post=195533"}],"version-history":[{"count":1,"href":"https:\/\/upla.cl\/noticias\/wp-json\/wp\/v2\/posts\/195533\/revisions"}],"predecessor-version":[{"id":195552,"href":"https:\/\/upla.cl\/noticias\/wp-json\/wp\/v2\/posts\/195533\/revisions\/195552"}],"wp:featuredmedia":[{"embeddable":true,"href":"https:\/\/upla.cl\/noticias\/wp-json\/wp\/v2\/media\/195542"}],"wp:attachment":[{"href":"https:\/\/upla.cl\/noticias\/wp-json\/wp\/v2\/media?parent=195533"}],"wp:term":[{"taxonomy":"category","embeddable":true,"href":"https:\/\/upla.cl\/noticias\/wp-json\/wp\/v2\/categories?post=195533"},{"taxonomy":"post_tag","embeddable":true,"href":"https:\/\/upla.cl\/noticias\/wp-json\/wp\/v2\/tags?post=195533"}],"curies":[{"name":"wp","href":"https:\/\/api.w.org\/{rel}","templated":true}]}}