{"id":195578,"date":"2026-03-12T13:42:10","date_gmt":"2026-03-12T16:42:10","guid":{"rendered":"https:\/\/upla.cl\/noticias\/?p=195578"},"modified":"2026-04-13T17:05:05","modified_gmt":"2026-04-13T21:05:05","slug":"dra-paula-celis-pla-participara-como-investigadora-principal-en-proyecto-anillo-de-investigacion-anid-sobre-ecosistemas-antarticos","status":"publish","type":"post","link":"https:\/\/upla.cl\/noticias\/2026\/03\/12\/dra-paula-celis-pla-participara-como-investigadora-principal-en-proyecto-anillo-de-investigacion-anid-sobre-ecosistemas-antarticos\/","title":{"rendered":"Dra. Paula Celis-Pl\u00e1 participar\u00e1 como investigadora principal en Proyecto Anillo de Investigaci\u00f3n ANID sobre ecosistemas ant\u00e1rticos"},"content":{"rendered":"<p><a href=\"https:\/\/upla.cl\/noticias\/wp-content\/uploads\/2026\/03\/dra_paula_celis_pla_.jpg\"><img loading=\"lazy\" decoding=\"async\" class=\"aligncenter size-large wp-image-195624\" src=\"https:\/\/upla.cl\/noticias\/wp-content\/uploads\/2026\/03\/dra_paula_celis_pla_-1024x642.jpg\" alt=\"\" width=\"618\" height=\"387\" srcset=\"https:\/\/upla.cl\/noticias\/wp-content\/uploads\/2026\/03\/dra_paula_celis_pla_-1024x642.jpg 1024w, https:\/\/upla.cl\/noticias\/wp-content\/uploads\/2026\/03\/dra_paula_celis_pla_-300x188.jpg 300w, https:\/\/upla.cl\/noticias\/wp-content\/uploads\/2026\/03\/dra_paula_celis_pla_-150x94.jpg 150w, https:\/\/upla.cl\/noticias\/wp-content\/uploads\/2026\/03\/dra_paula_celis_pla_-768x482.jpg 768w, https:\/\/upla.cl\/noticias\/wp-content\/uploads\/2026\/03\/dra_paula_celis_pla_-1536x963.jpg 1536w, https:\/\/upla.cl\/noticias\/wp-content\/uploads\/2026\/03\/dra_paula_celis_pla_.jpg 1920w\" sizes=\"auto, (max-width: 618px) 100vw, 618px\" \/><\/a><\/p>\n<p>La\u00a0<b>Universidad de Playa Ancha<\/b>\u00a0ser\u00e1 parte relevante de un nuevo Proyecto Anillo de Investigaci\u00f3n financiado por la\u00a0<b>Agencia Nacional de Investigaci\u00f3n y Desarrollo (ANID)<\/b>, tras la adjudicaci\u00f3n de la propuesta titulada\u00a0<b>\u201cDisrupting Polar Ecosystems: Light Pollution May Alter the Ecological Effects of Global Warming (DIPOLE)\u201d\u00a0<\/b>identificada con el c\u00f3digo <b>ATE250041<\/b>,\u00a0dentro del\u00a0<a href=\"https:\/\/anid.cl\/concursos\/concurso-anillos-de-investigacion-en-areas-tematicas-especificas-2025\/\" target=\"_blank\" rel=\"noopener\"><b>Concurso Anillos de Investigaci\u00f3n en \u00c1reas Tem\u00e1ticas Espec\u00edficas 2025<\/b><\/a>, iniciativa que busca profundizar en el estudio de los efectos de la contaminaci\u00f3n lum\u00ednica artificial nocturna y el calentamiento global sobre los ecosistemas ant\u00e1rticos.<\/p>\n<p>El proyecto es liderado por la\u00a0<b>Universidad Andr\u00e9s Bello<\/b>, instituci\u00f3n que act\u00faa como entidad patrocinante, y es dirigido por el acad\u00e9mico\u00a0<b>Jos\u00e9 Pulgar \u00c1guila<\/b>, quien se desempe\u00f1a como director de proyecto. En tanto, la Universidad de Playa Ancha se integra al equipo de investigaci\u00f3n a trav\u00e9s de la participaci\u00f3n de la\u00a0<b>Dra. Paula Celis-Pl\u00e1<\/b>, acad\u00e9mica de la\u00a0<b>Facultad de Ciencias Naturales y Exactas<\/b>\u00a0y directora del\u00a0<b>Laboratorio de Investigaci\u00f3n Acu\u00e1tico Ambiental (LACER)<\/b>, perteneciente al\u00a0<a href=\"https:\/\/hubambientalupla.cl\/descripcion\/presentacion\/\" target=\"_blank\" rel=\"noopener\"><b>HUB Ambiental<\/b><\/a>\u00a0de la casa de estudios, quien asumir\u00e1 el rol de investigadora principal dentro del equipo.<\/p>\n<p>La incorporaci\u00f3n de la\u00a0<b>Dra. Paula Celis-Pl\u00e1<\/b>\u00a0a este proyecto refuerza el posicionamiento de la\u00a0<b>Universidad de Playa Ancha<\/b> en el \u00e1mbito de la investigaci\u00f3n cient\u00edfica de frontera, particularmente en estudios asociados a ecolog\u00eda acu\u00e1tica, ecofisiolog\u00eda y ecosistemas polares. La acad\u00e9mica cuenta con una reconocida trayectoria en investigaci\u00f3n ant\u00e1rtica, l\u00ednea de trabajo que ha desarrollado de manera sostenida desde el <b>LACER<\/b>, aportando evidencia cient\u00edfica sobre el funcionamiento de ecosistemas sometidos a condiciones extremas.<\/p>\n<p>En relaci\u00f3n con la articulaci\u00f3n del equipo de investigaci\u00f3n, la acad\u00e9mica destac\u00f3 la importancia del trabajo colaborativo e interdisciplinario que sustenta el proyecto, se\u00f1alando que\u00a0<i>\u201c<\/i>la interacci\u00f3n con el equipo UNAB se hace necesaria para integrar la interdisciplina y los trabajos complementarios en las redes tr\u00f3ficas intermareales de la pen\u00ednsula ant\u00e1rtica, as\u00ed el trabajo colaborativo de este anillo refleja el nivel de investigaci\u00f3n de frontera que se viene trabajando en el LACER y el estado de madurez de este\u201d. Esta colaboraci\u00f3n permitir\u00e1 abordar el fen\u00f3meno de estudio desde m\u00faltiples escalas y disciplinas, fortaleciendo la calidad y alcance de los resultados cient\u00edficos esperados.<\/p>\n<p><a href=\"https:\/\/upla.cl\/noticias\/wp-content\/uploads\/2022\/07\/antartica.jpg\"><img loading=\"lazy\" decoding=\"async\" class=\"alignright size-medium wp-image-150520\" src=\"https:\/\/upla.cl\/noticias\/wp-content\/uploads\/2022\/07\/antartica-300x200.jpg\" alt=\"\" width=\"300\" height=\"200\" srcset=\"https:\/\/upla.cl\/noticias\/wp-content\/uploads\/2022\/07\/antartica-300x200.jpg 300w, https:\/\/upla.cl\/noticias\/wp-content\/uploads\/2022\/07\/antartica.jpg 640w\" sizes=\"auto, (max-width: 300px) 100vw, 300px\" \/><\/a>El proyecto\u00a0<b>DIPOLE<\/b>\u00a0se enfoca en el an\u00e1lisis de los ecosistemas \u00e1rticos y ant\u00e1rticos, los cuales han sido hist\u00f3ricamente considerados como s\u00edmbolos de una de las \u00faltimas grandes naturalezas salvajes del planeta. No obstante, el incremento sostenido de las actividades humanas ha comenzado a amenazar su biodiversidad \u00fanica. Si bien los ecosistemas ant\u00e1rticos han estado parcialmente protegidos por barreras naturales, como la circulaci\u00f3n oce\u00e1nica y atmosf\u00e9rica que limita la llegada de agua y aire provenientes de latitudes m\u00e1s bajas, estas defensas naturales est\u00e1n siendo progresivamente superadas por factores de estr\u00e9s globales.<\/p>\n<p>Entre estos factores, la luz artificial nocturna, conocida como\u00a0<strong>ALAN<\/strong>\u00a0por sus siglas en ingl\u00e9s, ha emergido como una perturbaci\u00f3n de origen antr\u00f3pico que altera los patrones naturales de luz y los ciclos diarios de luz y oscuridad. Dichos ciclos resultan fundamentales para numerosos organismos y procesos biol\u00f3gicos, y su alteraci\u00f3n puede generar efectos significativos en una amplia diversidad de taxones y ecosistemas. A pesar del creciente inter\u00e9s cient\u00edfico en torno a los impactos de la ALAN, el conocimiento disponible a\u00fan resulta insuficiente frente a la r\u00e1pida expansi\u00f3n de este tipo de contaminaci\u00f3n.<\/p>\n<h4><b data-path-to-node=\"1\" data-index-in-node=\"338\">Contaminaci\u00f3n lum\u00ednica e incremento de la temperatura\u00a0<\/b><\/h4>\n<p>La urgencia de esta investigaci\u00f3n se ve reforzada por la creciente presencia humana en zonas polares, asociada al desarrollo de actividades cient\u00edficas, exploraci\u00f3n, viajes y turismo. En este escenario, el proyecto\u00a0DIPOLE\u00a0plantea la necesidad de comprender c\u00f3mo la contaminaci\u00f3n lum\u00ednica artificial nocturna interact\u00faa con el aumento de la temperatura vinculado al calentamiento global, especialmente en organismos que han evolucionado bajo condiciones de aislamiento geogr\u00e1fico y bajas temperaturas.<\/p>\n<p>El estudio se desarrollar\u00e1 espec\u00edficamente en la bah\u00eda Fildes, uno de los ecosistemas costeros ant\u00e1rticos m\u00e1s impactados por la actividad humana. Desde este territorio, el equipo de investigaci\u00f3n buscar\u00e1 analizar c\u00f3mo la\u00a0ALAN\u00a0y el incremento de la temperatura afectan las respuestas biol\u00f3gicas a lo largo de distintos niveles tr\u00f3ficos, desde los productores primarios hasta los depredadores.<\/p>\n<p>Entre los objetivos espec\u00edficos de la propuesta se encuentran la caracterizaci\u00f3n de los niveles de\u00a0ALAN y temperatura en la bah\u00eda Fildes; la realizaci\u00f3n de experimentos de dosis-respuesta en algas, plancton, invertebrados y peces, con el fin de cuantificar los efectos directos del aumento de la temperatura y de la luz artificial nocturna; y la investigaci\u00f3n de los impactos de estos factores sobre las interacciones presa-depredador. Asimismo, el proyecto contempla la evaluaci\u00f3n de los efectos combinados de distintas intensidades de ALAN\u00a0y del aumento t\u00e9rmico, permitiendo una aproximaci\u00f3n integral al fen\u00f3meno.<\/p>\n<p>El <strong>componente formativo<\/strong> tambi\u00e9n ocupa un lugar central dentro del Proyecto Anillo, considerando acciones orientadas a la capacitaci\u00f3n y desarrollo de capital humano, as\u00ed como el fortalecimiento de la cooperaci\u00f3n nacional e internacional. En paralelo, se contempla la difusi\u00f3n y transferencia del conocimiento generado hacia audiencias no acad\u00e9micas, con el objetivo de ampliar el impacto social de los resultados obtenidos.<\/p>\n<p>Desde el punto de vista cient\u00edfico, esta investigaci\u00f3n permitir\u00e1 realizar la primera caracterizaci\u00f3n de la\u00a0ALAN\u00a0en ecosistemas ant\u00e1rticos y analizar su interacci\u00f3n con el calentamiento global en m\u00faltiples grupos taxon\u00f3micos. La colaboraci\u00f3n internacional con investigadores l\u00edderes en el estudio de la contaminaci\u00f3n lum\u00ednica y del incremento de la temperatura garantiza una interpretaci\u00f3n s\u00f3lida de los resultados y una comprensi\u00f3n profunda de sus implicancias biol\u00f3gicas.<\/p>\n<p>Para la\u00a0<strong>Dra. Paula Celis-Pl\u00e1<\/strong>, este proyecto representa tambi\u00e9n un retorno significativo al trabajo en terreno en el continente ant\u00e1rtico, instancia clave para el desarrollo de su l\u00ednea de investigaci\u00f3n. En ese sentido, la acad\u00e9mica expres\u00f3 su motivaci\u00f3n personal y cient\u00edfica, indicando que\u00a0<i>\u201c<\/i>volver a la Ant\u00e1rtica y el trabajo en terreno que nos espera con las pr\u00f3ximas expediciones, muy feliz de retornar al continente blanco y continuar mi l\u00ednea de investigaci\u00f3n eco-fisiolog\u00eda all\u00ed en la Ant\u00e1rtica<i>\u201d<\/i>.<\/p>\n<p>La participaci\u00f3n de la\u00a0Universidad de Playa Ancha, a trav\u00e9s del LACER y del HUB Ambiental, en este Proyecto Anillo de Investigaci\u00f3n ANID, reafirma el compromiso institucional con la generaci\u00f3n de conocimiento cient\u00edfico de alto nivel y con la contribuci\u00f3n a la comprensi\u00f3n de problem\u00e1ticas ambientales globales.<\/p>\n<p><em> Fuente: Jacobi Hadley Valenzuela, periodista de la Vicerrector\u00eda de Investigaci\u00f3n, Postgrado e Innovaci\u00f3n.<\/em><\/p>\n","protected":false},"excerpt":{"rendered":"<p>La iniciativa liderado por la Universidad Andr\u00e9s Bello, analizar\u00e1 c\u00f3mo la contaminaci\u00f3n lum\u00ednica artificial nocturna interact\u00faa con el aumento de la temperatura vinculado al calentamiento global, especialmente en organismos que han evolucionado bajo condiciones de aislamiento geogr\u00e1fico y bajas temperaturas. <\/p>\n","protected":false},"author":10,"featured_media":195626,"comment_status":"closed","ping_status":"open","sticky":false,"template":"","format":"standard","meta":{"footnotes":""},"categories":[51,96,40,101,75,43,715],"tags":[],"class_list":["post-195578","post","type-post","status-publish","format-standard","has-post-thumbnail","","category-academia","category-academicos","category-destacados","category-docencia","category-facultad-de-ciencias-naturales-y-exactas","category-investigacion","category-vicerrectoria-de-investigacion"],"_links":{"self":[{"href":"https:\/\/upla.cl\/noticias\/wp-json\/wp\/v2\/posts\/195578","targetHints":{"allow":["GET"]}}],"collection":[{"href":"https:\/\/upla.cl\/noticias\/wp-json\/wp\/v2\/posts"}],"about":[{"href":"https:\/\/upla.cl\/noticias\/wp-json\/wp\/v2\/types\/post"}],"author":[{"embeddable":true,"href":"https:\/\/upla.cl\/noticias\/wp-json\/wp\/v2\/users\/10"}],"replies":[{"embeddable":true,"href":"https:\/\/upla.cl\/noticias\/wp-json\/wp\/v2\/comments?post=195578"}],"version-history":[{"count":3,"href":"https:\/\/upla.cl\/noticias\/wp-json\/wp\/v2\/posts\/195578\/revisions"}],"predecessor-version":[{"id":196418,"href":"https:\/\/upla.cl\/noticias\/wp-json\/wp\/v2\/posts\/195578\/revisions\/196418"}],"wp:featuredmedia":[{"embeddable":true,"href":"https:\/\/upla.cl\/noticias\/wp-json\/wp\/v2\/media\/195626"}],"wp:attachment":[{"href":"https:\/\/upla.cl\/noticias\/wp-json\/wp\/v2\/media?parent=195578"}],"wp:term":[{"taxonomy":"category","embeddable":true,"href":"https:\/\/upla.cl\/noticias\/wp-json\/wp\/v2\/categories?post=195578"},{"taxonomy":"post_tag","embeddable":true,"href":"https:\/\/upla.cl\/noticias\/wp-json\/wp\/v2\/tags?post=195578"}],"curies":[{"name":"wp","href":"https:\/\/api.w.org\/{rel}","templated":true}]}}