{"id":195583,"date":"2026-03-12T16:47:19","date_gmt":"2026-03-12T19:47:19","guid":{"rendered":"https:\/\/upla.cl\/noticias\/?p=195583"},"modified":"2026-03-12T16:49:51","modified_gmt":"2026-03-12T19:49:51","slug":"congreso-iberoamericano-sobre-indagacion-cientifica-ciice-2026-abre-convocatoria-para-envio-de-trabajos","status":"publish","type":"post","link":"https:\/\/upla.cl\/noticias\/2026\/03\/12\/congreso-iberoamericano-sobre-indagacion-cientifica-ciice-2026-abre-convocatoria-para-envio-de-trabajos\/","title":{"rendered":"Congreso Iberoamericano sobre Indagaci\u00f3n Cient\u00edfica (CIICE) 2026 abre convocatoria para env\u00edo de trabajos"},"content":{"rendered":"<p><a href=\"https:\/\/upla.cl\/noticias\/wp-content\/uploads\/2026\/03\/Afiche-CIICE-difusio\u0301n-digital-scaled.png\"><img loading=\"lazy\" decoding=\"async\" class=\"alignright size-medium wp-image-195590\" src=\"https:\/\/upla.cl\/noticias\/wp-content\/uploads\/2026\/03\/Afiche-CIICE-difusio\u0301n-digital-240x300.png\" alt=\"\" width=\"240\" height=\"300\" srcset=\"https:\/\/upla.cl\/noticias\/wp-content\/uploads\/2026\/03\/Afiche-CIICE-difusio\u0301n-digital-240x300.png 240w, https:\/\/upla.cl\/noticias\/wp-content\/uploads\/2026\/03\/Afiche-CIICE-difusio\u0301n-digital-819x1024.png 819w, https:\/\/upla.cl\/noticias\/wp-content\/uploads\/2026\/03\/Afiche-CIICE-difusio\u0301n-digital-120x150.png 120w, https:\/\/upla.cl\/noticias\/wp-content\/uploads\/2026\/03\/Afiche-CIICE-difusio\u0301n-digital-768x960.png 768w, https:\/\/upla.cl\/noticias\/wp-content\/uploads\/2026\/03\/Afiche-CIICE-difusio\u0301n-digital-1229x1536.png 1229w, https:\/\/upla.cl\/noticias\/wp-content\/uploads\/2026\/03\/Afiche-CIICE-difusio\u0301n-digital-1638x2048.png 1638w, https:\/\/upla.cl\/noticias\/wp-content\/uploads\/2026\/03\/Afiche-CIICE-difusio\u0301n-digital-scaled.png 2048w\" sizes=\"auto, (max-width: 240px) 100vw, 240px\" \/><\/a>En un esfuerzo conjunto por transformar la ense\u00f1anza de las ciencias y bajo el lema <strong>\u201cIndagar para comprender, participar para transformar: Puentes entre alfabetizaci\u00f3n cient\u00edfica y sostenibilidad\u201d<\/strong>, la Universidad de Playa Ancha, a trav\u00e9s de la<a href=\"https:\/\/upla.cl\/facultad\/cienciasnaturalesyexactas\/\"><strong> Facultad de Ciencias Naturales y Exactas<\/strong><\/a>, junto a la <strong><a href=\"https:\/\/www.uma.es\/\" target=\"_blank\" rel=\"noopener\">Universidad de M\u00e1laga<\/a><\/strong>, invitan a participar en el <strong>Congreso Iberoamericano sobre Indagaci\u00f3n Cient\u00edfica (CIICE) 2026, <\/strong>que se realizar\u00e1 entre el 3 y 5 de noviembre en ambas casas de estudio, en modalidad presencial y virtual para expositores y oyentes.<\/p>\n<p>La instancia, que cuenta tambi\u00e9n con la organizaci\u00f3n de la <a href=\"https:\/\/www.umce.cl\/\" target=\"_blank\" rel=\"noopener\"><strong>Universidad Metropolitana de Ciencias de la Educaci\u00f3n (UMCE)<\/strong><\/a>, la <a href=\"https:\/\/www.redince.com\/\" target=\"_blank\" rel=\"noopener\"><strong>Red para la Promoci\u00f3n de la Indagaci\u00f3n entre Chile y Espa\u00f1a (Red INCE)<\/strong><\/a> y la <strong class=\"Yjhzub\" data-sfc-cb=\"\"><span data-wiz-uids=\"VkR6mc_a\" data-sfc-cb=\"\"><a class=\"GI370e\" href=\"https:\/\/www.google.com\/search?q=Organizaci%C3%B3n+de+Estados+Iberoamericanos+para+la+Educaci%C3%B3n%2C+la+Ciencia+y+la+Cultura&amp;rlz=1C1UUXU_esCL1021CL1021&amp;oq=oEI+qu%C3%A9+es&amp;gs_lcrp=EgZjaHJvbWUyBggAEEUYOTIJCAEQABgNGIAEMggIAhAAGBYYHjIICAMQABgWGB4yCAgEEAAYFhgeMggIBRAAGBYYHjIICAYQABgWGB4yCggHEAAYChgWGB4yBwgIEAAY7wUyCggJEAAYgAQYogTSAQgzMzI2ajBqN6gCALACAA&amp;sourceid=chrome&amp;ie=UTF-8&amp;ved=2ahUKEwjJ8ZOog5uTAxV6LLkGHfA7J0kQgK4QegYIAQgAEAM\" data-ved=\"2ahUKEwjJ8ZOog5uTAxV6LLkGHfA7J0kQgK4QegYIAQgAEAM\" data-hveid=\"CAEIABAD\" target=\"_blank\" rel=\"noopener\">Organizaci\u00f3n de Estados Iberoamericanos para la Educaci\u00f3n, la Ciencia y la Cultura (OEI)<\/a><\/span><\/strong>est\u00e1 orientada a estudiantes de pregrado y postgrado, acad\u00e9micas, acad\u00e9micos, investigadores y docentes del sistema educativo, entre otros, con el objetivo de promover el intercambio de experiencias y conocimientos que fortalezcan tanto la investigaci\u00f3n acad\u00e9mica como la pr\u00e1ctica directa en el aula.<\/p>\n<p><span class=\"Yjhzub\" data-sfc-cb=\"\"><span data-wiz-uids=\"VkR6mc_a\" data-sfc-cb=\"\">El CIICE 2026 <\/span><\/span>ofrecer\u00e1 <strong>3 modalidades de participaci\u00f3n:<\/strong> <strong>Ponencia, p\u00f3ster y simposio,<\/strong> relacionados con alguna de sus siete l\u00edneas tem\u00e1ticas:<\/p>\n<p>1. Indagaci\u00f3n cient\u00edfica en la formaci\u00f3n inicial del profesorado<br \/>\n2. Emociones y ciencias en los procesos de indagaci\u00f3n cient\u00edfica<br \/>\n3. Inclusi\u00f3n, diversidad y g\u00e9nero en los procesos de indagaci\u00f3n cient\u00edfica<br \/>\n4. Contribuci\u00f3n de la indagaci\u00f3n cient\u00edfica al desarrollo sostenible y a la educaci\u00f3n ciudadana<br \/>\n5. Innovaci\u00f3n y tecnolog\u00eda digital para la promoci\u00f3n de la indagaci\u00f3n cient\u00edfica<br \/>\n6. Indagaci\u00f3n cient\u00edfica en la educaci\u00f3n STEM Integrada<br \/>\n7. Proyectos de ABP articulados por indagaci\u00f3n cient\u00edfica<\/p>\n<p><span style=\"text-decoration: underline;\">Interesados, acceder al formulario de registro para expositoras y expositores en<\/span> <a href=\"https:\/\/upla.cl\/indagacionenciencias\/registro-de-comunicaciones-trabajos\/\"><strong>este enlace.<\/strong><\/a><\/p>\n<h4><strong>Fechas clave<\/strong><\/h4>\n<h4><\/h4>\n<ul data-path-to-node=\"2\">\n<li>\n<p data-path-to-node=\"2,0,0\"><b data-path-to-node=\"2,0,0\" data-index-in-node=\"0\">Hasta el 5 de abril:<\/b> Cierre del registro en formulario para el env\u00edo de trabajos.<\/p>\n<\/li>\n<li>\n<p data-path-to-node=\"2,1,0\"><b data-path-to-node=\"2,1,0\" data-index-in-node=\"0\">23 de marzo al 6 de abril:<\/b> Env\u00edo de claves para subir los trabajos a la plataforma.<\/p>\n<\/li>\n<li>\n<p data-path-to-node=\"2,2,0\"><b data-path-to-node=\"2,2,0\" data-index-in-node=\"0\">6 de abril al 15 de mayo:<\/b> Plazo para el env\u00edo formal de los trabajos.<\/p>\n<\/li>\n<li>\n<p data-path-to-node=\"2,3,0\"><b data-path-to-node=\"2,3,0\" data-index-in-node=\"0\">10 al 20 de julio:<\/b> Entrega de resultados de selecci\u00f3n de los trabajos presentados.<\/p>\n<\/li>\n<\/ul>\n<p data-path-to-node=\"12\">Los trabajos correspondientes a todas las comunicaciones aceptadas y presentadas, ser\u00e1n publicadas en el <strong>libro de actas con su respectivo ISBN, por la Editorial Punt\u00e1ngeles de la Universidad de Playa Ancha (UPLA)<\/strong>, el cual ser\u00e1 facilitado a las y los inscritos en el Congreso.<\/p>\n<h4 data-path-to-node=\"12\"><strong>Mesas redondas<\/strong><\/h4>\n<p data-path-to-node=\"12\">El Congreso contar\u00e1, igualmente, con mesas redondas sobre temas de actualidad en la ense\u00f1anza de las ciencias.<\/p>\n<ul>\n<li style=\"list-style-type: none;\">\n<ul>\n<li style=\"list-style-type: none;\">\n<ul>\n<li style=\"list-style-type: none;\">\n<ul>\n<li data-path-to-node=\"12\"><strong>Emociones e indagaci\u00f3n Cient\u00edfica:<\/strong> \u00bfC\u00f3mo las emociones, la indagaci\u00f3n cient\u00edfica y el desarrollo sostenible se interrelacionan con la formaci\u00f3n del profesorado y en la pr\u00e1ctica educativa?<\/li>\n<li data-path-to-node=\"12\"><strong>Indagaci\u00f3n y formaci\u00f3n del profesorado:<\/strong> \u00bfCu\u00e1l es la importancia de la indagaci\u00f3n cient\u00edfica en la formaci\u00f3n inicial y permanente de los profesores?<\/li>\n<li data-path-to-node=\"12\"><strong>Indagaciones y STEM:<\/strong> \u00bfDe qu\u00e9 forma abordamos la tecnolog\u00eda, la innovaci\u00f3n y la educaci\u00f3n STEM en los procesos de indagaci\u00f3n cient\u00edfica?<\/li>\n<\/ul>\n<p>&nbsp;<br \/>\nM\u00e1s informaci\u00f3n en la p\u00e1gina <strong>https:\/\/upla.cl\/indagacionenciencias\/<\/strong><\/li>\n<\/ul>\n<\/li>\n<\/ul>\n<\/li>\n<\/ul>\n","protected":false},"excerpt":{"rendered":"<p>Evento a realizarse entre el 3 y 5 de noviembre en las universidades de Playa Ancha, Chile, y M\u00e1laga, Espa\u00f1a, en modalidad presencial y virtual, busca promover el intercambio de experiencias y conocimientos que fortalezcan tanto la investigaci\u00f3n acad\u00e9mica como la pr\u00e1ctica directa en el aula.<\/p>\n","protected":false},"author":10,"featured_media":195597,"comment_status":"closed","ping_status":"open","sticky":false,"template":"","format":"standard","meta":{"footnotes":""},"categories":[51,96,40,101,97,75,43,86,91],"tags":[],"class_list":["post-195583","post","type-post","status-publish","format-standard","has-post-thumbnail","","category-academia","category-academicos","category-destacados","category-docencia","category-estudiantes","category-facultad-de-ciencias-naturales-y-exactas","category-investigacion","category-relaciones-internacionales","category-vinculacion-con-el-medio"],"_links":{"self":[{"href":"https:\/\/upla.cl\/noticias\/wp-json\/wp\/v2\/posts\/195583","targetHints":{"allow":["GET"]}}],"collection":[{"href":"https:\/\/upla.cl\/noticias\/wp-json\/wp\/v2\/posts"}],"about":[{"href":"https:\/\/upla.cl\/noticias\/wp-json\/wp\/v2\/types\/post"}],"author":[{"embeddable":true,"href":"https:\/\/upla.cl\/noticias\/wp-json\/wp\/v2\/users\/10"}],"replies":[{"embeddable":true,"href":"https:\/\/upla.cl\/noticias\/wp-json\/wp\/v2\/comments?post=195583"}],"version-history":[{"count":2,"href":"https:\/\/upla.cl\/noticias\/wp-json\/wp\/v2\/posts\/195583\/revisions"}],"predecessor-version":[{"id":195602,"href":"https:\/\/upla.cl\/noticias\/wp-json\/wp\/v2\/posts\/195583\/revisions\/195602"}],"wp:featuredmedia":[{"embeddable":true,"href":"https:\/\/upla.cl\/noticias\/wp-json\/wp\/v2\/media\/195597"}],"wp:attachment":[{"href":"https:\/\/upla.cl\/noticias\/wp-json\/wp\/v2\/media?parent=195583"}],"wp:term":[{"taxonomy":"category","embeddable":true,"href":"https:\/\/upla.cl\/noticias\/wp-json\/wp\/v2\/categories?post=195583"},{"taxonomy":"post_tag","embeddable":true,"href":"https:\/\/upla.cl\/noticias\/wp-json\/wp\/v2\/tags?post=195583"}],"curies":[{"name":"wp","href":"https:\/\/api.w.org\/{rel}","templated":true}]}}