{"id":195601,"date":"2026-03-12T17:03:05","date_gmt":"2026-03-12T20:03:05","guid":{"rendered":"https:\/\/upla.cl\/noticias\/?p=195601"},"modified":"2026-03-12T17:03:05","modified_gmt":"2026-03-12T20:03:05","slug":"facultad-de-ciencias-de-la-educacion-upla-consolida-su-liderazgo-academico-y-territorial-en-memoria-2025","status":"publish","type":"post","link":"https:\/\/upla.cl\/noticias\/2026\/03\/12\/facultad-de-ciencias-de-la-educacion-upla-consolida-su-liderazgo-academico-y-territorial-en-memoria-2025\/","title":{"rendered":"Facultad de Ciencias de la Educaci\u00f3n UPLA consolida su liderazgo acad\u00e9mico y territorial en Memoria 2025"},"content":{"rendered":"<p><a href=\"https:\/\/upla.cl\/noticias\/wp-content\/uploads\/2026\/03\/DECANA-SARZOZA_MEMORIA.jpg\"><img loading=\"lazy\" decoding=\"async\" class=\"aligncenter size-full wp-image-195605\" src=\"https:\/\/upla.cl\/noticias\/wp-content\/uploads\/2026\/03\/DECANA-SARZOZA_MEMORIA.jpg\" alt=\"\" width=\"1920\" height=\"1254\" srcset=\"https:\/\/upla.cl\/noticias\/wp-content\/uploads\/2026\/03\/DECANA-SARZOZA_MEMORIA.jpg 1920w, https:\/\/upla.cl\/noticias\/wp-content\/uploads\/2026\/03\/DECANA-SARZOZA_MEMORIA-300x196.jpg 300w, https:\/\/upla.cl\/noticias\/wp-content\/uploads\/2026\/03\/DECANA-SARZOZA_MEMORIA-1024x669.jpg 1024w, https:\/\/upla.cl\/noticias\/wp-content\/uploads\/2026\/03\/DECANA-SARZOZA_MEMORIA-150x98.jpg 150w, https:\/\/upla.cl\/noticias\/wp-content\/uploads\/2026\/03\/DECANA-SARZOZA_MEMORIA-768x502.jpg 768w, https:\/\/upla.cl\/noticias\/wp-content\/uploads\/2026\/03\/DECANA-SARZOZA_MEMORIA-1536x1003.jpg 1536w\" sizes=\"auto, (max-width: 1920px) 100vw, 1920px\" \/><\/a><\/p>\n<p>La <a href=\"https:\/\/www.upla.cl\/facultad\/cienciaseducacion\/\"><strong>Facultad de Ciencias de la Educaci\u00f3n<\/strong><\/a> reafirm\u00f3 su compromiso con la excelencia y la transformaci\u00f3n social tras la presentaci\u00f3n de su Memoria Anual 2025. El documento, elaborado por la <strong>decana, Dra. Silvia Sarzoza Herrera,<\/strong> fue aprobado por el <strong>Consejo de Facultad<\/strong> el 22 de enero de 2026. Este informe no solo sintetiza la gesti\u00f3n del \u00faltimo periodo, sino que proyecta a la instituci\u00f3n como un referente en investigaci\u00f3n educativa y Vinculaci\u00f3n con el Medio, destacando la resiliencia de una comunidad que ha logrado superar con creces sus metas institucionales.<\/p>\n<p>De acuerdo a lo que expuso la autoridad universitaria, en el \u00e1mbito del desarrollo docente, el 2025 fue un a\u00f1o de notables cosechas acad\u00e9micas. La facultad celebr\u00f3 la obtenci\u00f3n de nuevos grados doctorales por parte de los <strong>acad\u00e9micos Pamela Torres Jara y Mart\u00edn R\u00edos L\u00f3pez<\/strong>. Este fortalecimiento del capital humano se reflej\u00f3 en una presencia internacional sin precedentes, con acad\u00e9micos que expusieron en centros de vanguardia en Luxemburgo, Barcelona, Par\u00eds e Italia. Sobre este despliegue, la Dra. Sarzoza destac\u00f3 que \u00aba pesar de todas las limitaciones y dificultades normativas, nacionales e institucionales, somos capaces de sacar adelante nuestra facultad, cumpliendo con las metas establecidas mediante un sinf\u00edn de actividades y publicaciones\u00bb.<\/p>\n<p><strong>Otros indicadores<\/strong><\/p>\n<p><a href=\"https:\/\/upla.cl\/noticias\/wp-content\/uploads\/2026\/03\/MEMORIA-EDUCION.jpg\"><img loading=\"lazy\" decoding=\"async\" class=\"alignright size-medium wp-image-195606\" src=\"https:\/\/upla.cl\/noticias\/wp-content\/uploads\/2026\/03\/MEMORIA-EDUCION-300x169.jpg\" alt=\"\" width=\"300\" height=\"169\" srcset=\"https:\/\/upla.cl\/noticias\/wp-content\/uploads\/2026\/03\/MEMORIA-EDUCION-300x169.jpg 300w, https:\/\/upla.cl\/noticias\/wp-content\/uploads\/2026\/03\/MEMORIA-EDUCION-1024x578.jpg 1024w, https:\/\/upla.cl\/noticias\/wp-content\/uploads\/2026\/03\/MEMORIA-EDUCION-150x85.jpg 150w, https:\/\/upla.cl\/noticias\/wp-content\/uploads\/2026\/03\/MEMORIA-EDUCION-768x433.jpg 768w, https:\/\/upla.cl\/noticias\/wp-content\/uploads\/2026\/03\/MEMORIA-EDUCION-1536x866.jpg 1536w, https:\/\/upla.cl\/noticias\/wp-content\/uploads\/2026\/03\/MEMORIA-EDUCION.jpg 1920w\" sizes=\"auto, (max-width: 300px) 100vw, 300px\" \/><\/a>La producci\u00f3n cient\u00edfica y la innovaci\u00f3n tambi\u00e9n alcanzaron cifras significativas con la adjudicaci\u00f3n de 24 proyectos de investigaci\u00f3n y la generaci\u00f3n de 27 publicaciones de alto impacto. La gesti\u00f3n institucional subray\u00f3 que estas investigaciones no son esfuerzos aislados, sino que se articulan con el curr\u00edculo para mejorar la formaci\u00f3n de los futuros profesores. La Dra. Sarzoza subray\u00f3 que la integraci\u00f3n de los estudiantes en estas tareas ha sido clave para fomentar el pensamiento cr\u00edtico y competencias vitales para su futuro desempe\u00f1o en el sistema escolar.<\/p>\n<p>Uno de los puntos m\u00e1s altos de la gesti\u00f3n fue la Vinculaci\u00f3n con el Medio, superando las 100 actividades bidireccionales. Proyectos emblem\u00e1ticos como \u00abInclusi\u00f3n en Escuelas Hospitalarias\u00bb y el \u00abPlan Nacional de Tutor\u00edas\u00bb demuestran una facultad volcada al territorio. Estas iniciativas no solo impactan positivamente en la Regi\u00f3n de Valpara\u00edso, sino que nutren la pertinencia formativa de la Universidad al mantener un di\u00e1logo constante con la realidad de las aulas y las necesidades de las comunidades educativas locales.<\/p>\n<p>La Memoria 2025 tambi\u00e9n ofreci\u00f3 una mirada reflexiva sobre las lecciones aprendidas, subrayando que la permanencia estudiantil es una responsabilidad institucional que requiere apoyos sostenidos. Asimismo, se destac\u00f3 que la actualizaci\u00f3n curricular solo adquiere legitimidad mediante la participaci\u00f3n efectiva y la transparencia. La decana fue enf\u00e1tica al afirmar que la apropiaci\u00f3n de los cambios no se decreta, sino que se construye colectivamente, validando la gobernanza colaborativa como motor de sostenibilidad.<\/p>\n<p><strong>Desaf\u00edos<\/strong><\/p>\n<p><a href=\"https:\/\/upla.cl\/noticias\/wp-content\/uploads\/2026\/03\/Memoria-Educacion.jpg\"><img loading=\"lazy\" decoding=\"async\" class=\"alignright size-medium wp-image-195607\" src=\"https:\/\/upla.cl\/noticias\/wp-content\/uploads\/2026\/03\/Memoria-Educacion-300x169.jpg\" alt=\"\" width=\"300\" height=\"169\" srcset=\"https:\/\/upla.cl\/noticias\/wp-content\/uploads\/2026\/03\/Memoria-Educacion-300x169.jpg 300w, https:\/\/upla.cl\/noticias\/wp-content\/uploads\/2026\/03\/Memoria-Educacion-1024x578.jpg 1024w, https:\/\/upla.cl\/noticias\/wp-content\/uploads\/2026\/03\/Memoria-Educacion-150x85.jpg 150w, https:\/\/upla.cl\/noticias\/wp-content\/uploads\/2026\/03\/Memoria-Educacion-768x433.jpg 768w, https:\/\/upla.cl\/noticias\/wp-content\/uploads\/2026\/03\/Memoria-Educacion-1536x866.jpg 1536w, https:\/\/upla.cl\/noticias\/wp-content\/uploads\/2026\/03\/Memoria-Educacion.jpg 1920w\" sizes=\"auto, (max-width: 300px) 100vw, 300px\" \/><\/a>Hacia el futuro, la Facultad se plantea desaf\u00edos estructurales ambiciosos, incluyendo la modernizaci\u00f3n de los sistemas de informaci\u00f3n y el reconocimiento de la carga efectiva de los equipos. La decana precis\u00f3 que la proyecci\u00f3n institucional busca equilibrar la calidad educativa con el bienestar de la comunidad, abogando por decisiones que resguarden el futuro de la educaci\u00f3n p\u00fablica.<\/p>\n<p>\u00abEl desaf\u00edo es continuar en la misma senda. Estamos conscientes de que la situaci\u00f3n financiera institucional probablemente nos va a obligar a hacer muchos esfuerzos, y eso implica continuar trabajando con un compromiso total hacia nuestros principios\u00bb, sostuvo.<\/p>\n<p>Al concluir la presentaci\u00f3n, la autoridad universitaria expres\u00f3 su profundo agradecimiento a la comunidad por el respaldo recibido. Con la aprobaci\u00f3n de este balance, la unidad acad\u00e9mica cierra un ciclo de alta productividad y se prepara para un nuevo periodo donde la evidencia interna y el v\u00ednculo indisoluble con el sistema escolar seguir\u00e1n siendo los pilares estrat\u00e9gicos de su gesti\u00f3n acad\u00e9mica.<\/p>\n","protected":false},"excerpt":{"rendered":"<p>La gesti\u00f3n de la Dra. Silvia Sarzoza destaca la adjudicaci\u00f3n de 24 proyectos de investigaci\u00f3n y m\u00e1s de 100 actividades de vinculaci\u00f3n territorial. El documento, aprobado por el Consejo de Facultad, proyecta un 2026 enfocado en la modernizaci\u00f3n de sistemas y el fortalecimiento del compromiso con la educaci\u00f3n p\u00fablica regional.<\/p>\n","protected":false},"author":3,"featured_media":195605,"comment_status":"closed","ping_status":"open","sticky":false,"template":"","format":"standard","meta":{"footnotes":""},"categories":[51,96,40,101,73,213],"tags":[],"class_list":["post-195601","post","type-post","status-publish","format-standard","has-post-thumbnail","","category-academia","category-academicos","category-destacados","category-docencia","category-facultad-de-ciencias-de-la-educacion","category-vicerrectoria-academica"],"_links":{"self":[{"href":"https:\/\/upla.cl\/noticias\/wp-json\/wp\/v2\/posts\/195601","targetHints":{"allow":["GET"]}}],"collection":[{"href":"https:\/\/upla.cl\/noticias\/wp-json\/wp\/v2\/posts"}],"about":[{"href":"https:\/\/upla.cl\/noticias\/wp-json\/wp\/v2\/types\/post"}],"author":[{"embeddable":true,"href":"https:\/\/upla.cl\/noticias\/wp-json\/wp\/v2\/users\/3"}],"replies":[{"embeddable":true,"href":"https:\/\/upla.cl\/noticias\/wp-json\/wp\/v2\/comments?post=195601"}],"version-history":[{"count":2,"href":"https:\/\/upla.cl\/noticias\/wp-json\/wp\/v2\/posts\/195601\/revisions"}],"predecessor-version":[{"id":195608,"href":"https:\/\/upla.cl\/noticias\/wp-json\/wp\/v2\/posts\/195601\/revisions\/195608"}],"wp:featuredmedia":[{"embeddable":true,"href":"https:\/\/upla.cl\/noticias\/wp-json\/wp\/v2\/media\/195605"}],"wp:attachment":[{"href":"https:\/\/upla.cl\/noticias\/wp-json\/wp\/v2\/media?parent=195601"}],"wp:term":[{"taxonomy":"category","embeddable":true,"href":"https:\/\/upla.cl\/noticias\/wp-json\/wp\/v2\/categories?post=195601"},{"taxonomy":"post_tag","embeddable":true,"href":"https:\/\/upla.cl\/noticias\/wp-json\/wp\/v2\/tags?post=195601"}],"curies":[{"name":"wp","href":"https:\/\/api.w.org\/{rel}","templated":true}]}}