{"id":195611,"date":"2026-04-08T16:58:53","date_gmt":"2026-04-08T20:58:53","guid":{"rendered":"https:\/\/upla.cl\/noticias\/?p=195611"},"modified":"2026-04-08T16:58:53","modified_gmt":"2026-04-08T20:58:53","slug":"alianza-entre-upla-y-pescadores-de-la-caleta-portales-impulsara-modernizacion-de-planta-procesadora-con-millonaria-inversion-regional","status":"publish","type":"post","link":"https:\/\/upla.cl\/noticias\/2026\/04\/08\/alianza-entre-upla-y-pescadores-de-la-caleta-portales-impulsara-modernizacion-de-planta-procesadora-con-millonaria-inversion-regional\/","title":{"rendered":"Alianza entre UPLA y pescadores de la Caleta Portales impulsar\u00e1 modernizaci\u00f3n de planta procesadora con millonaria inversi\u00f3n regional"},"content":{"rendered":"<figure id=\"attachment_196288\" aria-describedby=\"caption-attachment-196288\" style=\"width: 351px\" class=\"wp-caption alignright\"><a href=\"https:\/\/upla.cl\/noticias\/wp-content\/uploads\/2026\/04\/equipo_FRPD2025_luisespinoza_facultadingenieriaupla.jpg\"><img loading=\"lazy\" decoding=\"async\" class=\" wp-image-196288\" src=\"https:\/\/upla.cl\/noticias\/wp-content\/uploads\/2026\/04\/equipo_FRPD2025_luisespinoza_facultadingenieriaupla.jpg\" alt=\"\" width=\"351\" height=\"263\" srcset=\"https:\/\/upla.cl\/noticias\/wp-content\/uploads\/2026\/04\/equipo_FRPD2025_luisespinoza_facultadingenieriaupla.jpg 1280w, https:\/\/upla.cl\/noticias\/wp-content\/uploads\/2026\/04\/equipo_FRPD2025_luisespinoza_facultadingenieriaupla-300x225.jpg 300w, https:\/\/upla.cl\/noticias\/wp-content\/uploads\/2026\/04\/equipo_FRPD2025_luisespinoza_facultadingenieriaupla-1024x768.jpg 1024w, https:\/\/upla.cl\/noticias\/wp-content\/uploads\/2026\/04\/equipo_FRPD2025_luisespinoza_facultadingenieriaupla-150x113.jpg 150w, https:\/\/upla.cl\/noticias\/wp-content\/uploads\/2026\/04\/equipo_FRPD2025_luisespinoza_facultadingenieriaupla-768x576.jpg 768w\" sizes=\"auto, (max-width: 351px) 100vw, 351px\" \/><\/a><figcaption id=\"caption-attachment-196288\" class=\"wp-caption-text\">Gobernador Regional de Valpara\u00edso junto a equipo FRPD 2025 &#8211; Facultad de Ingenier\u00eda UPLA \/ Sindicato de Pescadores de Caleta Portales<\/figcaption><\/figure>\n<p><strong>\u00abFortalecimiento de Capacidades Industriales de Plantas Procesadoras de Productos del Mar de Caletas de Pescadores Artesanales\u00bb<\/strong>, se denomina el proyecto dirigido por el acad\u00e9mico de la <a href=\"http:\/\/www.upla.cl\/facultad\/ingenieria\">Facultad de Ingenier\u00eda<\/a> de la Universidad de Playa Ancha, <strong>Dr. Luis Espinoza Brito<\/strong>, que cuenta con financiamiento del Fondo Regional para la Productividad y el Desarrollo (FRPD) 2025 del Gobierno Regional de Valpara\u00edso.<\/p>\n<p>Su objetivo es fortalecer las capacidades locales en materia de ciencia, tecnolog\u00eda, innovaci\u00f3n y emprendimiento, a trav\u00e9s de la modernizaci\u00f3n de las plantas procesadoras de Caleta Portales mediante la incorporaci\u00f3n de equipamiento digital, monitoreo y sistemas de trazabilidad; establecer indicadores para clasificar la calidad del procesamiento de la materia prima; diversificar productiva y comercialmente el sector; generar un capital humano capacitado y un plan estrat\u00e9gico para mejorar las relaciones y procesos.<\/p>\n<p>Dichas acciones permitir\u00e1n mejorar la trazabilidad, la productividad de la planta, la calidad de los productos y la gesti\u00f3n en la organizaci\u00f3n, adem\u00e1s de evaluar la diversificaci\u00f3n en la l\u00ednea de la jibia, locos o pescados; e integrar el trabajo con otras caletas de pescadores artesanales.<\/p>\n<p>Para ello, la iniciativa cuenta con $198.857.896 para su ejecuci\u00f3n, a cargo de representantes del <strong>Departamento de Ingenier\u00eda Industrial y Gesti\u00f3n Organizacional de la Facultad de Ingenier\u00eda de la UPLA<\/strong>, y del <strong>Sindicato de Trabajadores Independientes Pescadores Artesanales de la Caleta Portales de Valpara\u00edso<\/strong>, quienes son los due\u00f1os de la Planta Procesadora de productos del mar.<\/p>\n<p><a href=\"https:\/\/upla.cl\/noticias\/wp-content\/uploads\/2026\/04\/caleta_portales_valparaiso.jpg\"><img loading=\"lazy\" decoding=\"async\" class=\"alignright  wp-image-196287\" src=\"https:\/\/upla.cl\/noticias\/wp-content\/uploads\/2026\/04\/caleta_portales_valparaiso.jpg\" alt=\"\" width=\"351\" height=\"263\" srcset=\"https:\/\/upla.cl\/noticias\/wp-content\/uploads\/2026\/04\/caleta_portales_valparaiso.jpg 1600w, https:\/\/upla.cl\/noticias\/wp-content\/uploads\/2026\/04\/caleta_portales_valparaiso-300x225.jpg 300w, https:\/\/upla.cl\/noticias\/wp-content\/uploads\/2026\/04\/caleta_portales_valparaiso-1024x768.jpg 1024w, https:\/\/upla.cl\/noticias\/wp-content\/uploads\/2026\/04\/caleta_portales_valparaiso-150x113.jpg 150w, https:\/\/upla.cl\/noticias\/wp-content\/uploads\/2026\/04\/caleta_portales_valparaiso-768x576.jpg 768w, https:\/\/upla.cl\/noticias\/wp-content\/uploads\/2026\/04\/caleta_portales_valparaiso-1536x1152.jpg 1536w\" sizes=\"auto, (max-width: 351px) 100vw, 351px\" \/><\/a>El director del proyecto -c\u00f3digo BIP N\u00b040074618-0-, <strong>Dr. Luis Espinoza Brito<\/strong>, explic\u00f3 que esta iniciativa representa \u201cun aporte concreto a un territorio que mantiene una estrecha relaci\u00f3n con el mar, donde sus habitantes se han organizado en torno a su principal actividad econ\u00f3mica y han dado un paso adicional al desarrollar emprendimientos como la actual planta procesadora de jibia\u201d. Asimismo, destac\u00f3 que para el Departamento de Ingenier\u00eda Industrial y Gesti\u00f3n Organizacional \u201ceste proyecto permite aportar conocimientos, experiencias y buenas pr\u00e1cticas desarrolladas por acad\u00e9micos y profesionales vinculados a nuestra casa de estudios\u201d.<\/p>\n<p>Entre las principales actividades del proyecto est\u00e1 proveer de equipamiento digital, capacitaciones para la transferencia tecnol\u00f3gica y mejora de procesos, talleres de neuroestrategia para desarrollar un plan estrat\u00e9gico basado en relaciones, y un seminario para evaluar el impacto de la propuesta y compartir aprendizajes.<\/p>\n<p>El <strong>Gobierno Regional<\/strong> <strong>de Valpara\u00edso<\/strong> en la misiva en que informaron al equipo ejecutor de la adjudicaci\u00f3n del proyecto a mediados de 2025, plante\u00f3 que esta iniciativa significa un aporte concreto a la construcci\u00f3n de un ecosistema regional m\u00e1s din\u00e1mico y articulado agregando que reconocen \u201cla importancia de aumentar la inversi\u00f3n en estas \u00e1reas estrat\u00e9gicas para avanzar hacia un desarrollo m\u00e1s justo, sostenible y basado en el conocimiento\u201d.<\/p>\n","protected":false},"excerpt":{"rendered":"<p>Con un presupuesto cercano a los 200 millones de pesos, la iniciativa -financiada por el Gobierno Regional de Valpara\u00edso- busca diversificar los productos de la Planta, fortaleciendo a las personas vinculadas a la empresa y mejorando su competitividad.<\/p>\n","protected":false},"author":2,"featured_media":196288,"comment_status":"closed","ping_status":"open","sticky":false,"template":"","format":"standard","meta":{"footnotes":""},"categories":[40,51,96,78,206,43,715,91],"tags":[],"class_list":["post-195611","post","type-post","status-publish","format-standard","has-post-thumbnail","","category-destacados","category-academia","category-academicos","category-facultad-de-ingenieria","category-innovacion","category-investigacion","category-vicerrectoria-de-investigacion","category-vinculacion-con-el-medio"],"_links":{"self":[{"href":"https:\/\/upla.cl\/noticias\/wp-json\/wp\/v2\/posts\/195611","targetHints":{"allow":["GET"]}}],"collection":[{"href":"https:\/\/upla.cl\/noticias\/wp-json\/wp\/v2\/posts"}],"about":[{"href":"https:\/\/upla.cl\/noticias\/wp-json\/wp\/v2\/types\/post"}],"author":[{"embeddable":true,"href":"https:\/\/upla.cl\/noticias\/wp-json\/wp\/v2\/users\/2"}],"replies":[{"embeddable":true,"href":"https:\/\/upla.cl\/noticias\/wp-json\/wp\/v2\/comments?post=195611"}],"version-history":[{"count":2,"href":"https:\/\/upla.cl\/noticias\/wp-json\/wp\/v2\/posts\/195611\/revisions"}],"predecessor-version":[{"id":196289,"href":"https:\/\/upla.cl\/noticias\/wp-json\/wp\/v2\/posts\/195611\/revisions\/196289"}],"wp:featuredmedia":[{"embeddable":true,"href":"https:\/\/upla.cl\/noticias\/wp-json\/wp\/v2\/media\/196288"}],"wp:attachment":[{"href":"https:\/\/upla.cl\/noticias\/wp-json\/wp\/v2\/media?parent=195611"}],"wp:term":[{"taxonomy":"category","embeddable":true,"href":"https:\/\/upla.cl\/noticias\/wp-json\/wp\/v2\/categories?post=195611"},{"taxonomy":"post_tag","embeddable":true,"href":"https:\/\/upla.cl\/noticias\/wp-json\/wp\/v2\/tags?post=195611"}],"curies":[{"name":"wp","href":"https:\/\/api.w.org\/{rel}","templated":true}]}}