{"id":195613,"date":"2026-03-13T12:46:12","date_gmt":"2026-03-13T15:46:12","guid":{"rendered":"https:\/\/upla.cl\/noticias\/?p=195613"},"modified":"2026-03-13T12:46:12","modified_gmt":"2026-03-13T15:46:12","slug":"hub-ambiental-upla-integra-a-academicos-de-la-facultad-de-ciencias-sociales-para-fortalecer-enfoque-socioambiental","status":"publish","type":"post","link":"https:\/\/upla.cl\/noticias\/2026\/03\/13\/hub-ambiental-upla-integra-a-academicos-de-la-facultad-de-ciencias-sociales-para-fortalecer-enfoque-socioambiental\/","title":{"rendered":"HUB Ambiental UPLA integra a acad\u00e9micos de la Facultad de Ciencias Sociales para fortalecer enfoque socioambiental"},"content":{"rendered":"<p><a href=\"https:\/\/upla.cl\/noticias\/wp-content\/uploads\/2026\/03\/academicos_cs_sociales_se_integran_al_hub-ambiental_3.jpg\"><img loading=\"lazy\" decoding=\"async\" class=\"aligncenter size-large wp-image-195614\" src=\"https:\/\/upla.cl\/noticias\/wp-content\/uploads\/2026\/03\/academicos_cs_sociales_se_integran_al_hub-ambiental_3-1024x683.jpg\" alt=\"\" width=\"618\" height=\"412\" srcset=\"https:\/\/upla.cl\/noticias\/wp-content\/uploads\/2026\/03\/academicos_cs_sociales_se_integran_al_hub-ambiental_3-1024x683.jpg 1024w, https:\/\/upla.cl\/noticias\/wp-content\/uploads\/2026\/03\/academicos_cs_sociales_se_integran_al_hub-ambiental_3-300x200.jpg 300w, https:\/\/upla.cl\/noticias\/wp-content\/uploads\/2026\/03\/academicos_cs_sociales_se_integran_al_hub-ambiental_3-150x100.jpg 150w, https:\/\/upla.cl\/noticias\/wp-content\/uploads\/2026\/03\/academicos_cs_sociales_se_integran_al_hub-ambiental_3-768x512.jpg 768w, https:\/\/upla.cl\/noticias\/wp-content\/uploads\/2026\/03\/academicos_cs_sociales_se_integran_al_hub-ambiental_3-1536x1024.jpg 1536w, https:\/\/upla.cl\/noticias\/wp-content\/uploads\/2026\/03\/academicos_cs_sociales_se_integran_al_hub-ambiental_3.jpg 1920w\" sizes=\"auto, (max-width: 618px) 100vw, 618px\" \/><\/a><\/p>\n<p>Con el objetivo de fortalecer el trabajo interdisciplinario en torno a las problem\u00e1ticas ambientales, el HUB Ambiental de la Universidad de Playa Ancha incorpor\u00f3 a tres acad\u00e9micos de la Facultad de Ciencias Sociales: Marcelo Rodr\u00edguez, Elizabeth Zenteno y Alexander Panez, todos pertenecientes al Departamento de Estudios Territoriales y Di\u00e1logos Interculturales.<\/p>\n<p>La incorporaci\u00f3n busca profundizar la dimensi\u00f3n socioambiental del centro, aportando nuevas perspectivas para comprender los conflictos socioambientales, la justicia ambiental y la relaci\u00f3n entre ciencia, pol\u00edticas p\u00fablicas y comunidades, adem\u00e1s de fortalecer los procesos de vinculaci\u00f3n con el territorio.<\/p>\n<p>La directora general del HUB Ambiental UPLA, Ver\u00f3nica Molina, destac\u00f3 que esta integraci\u00f3n permitir\u00e1 ampliar las miradas desde las cuales se investigan los desaf\u00edos ambientales actuales: \u201cLa experiencia de estos tres acad\u00e9micos de sociales que se suman al hub nos ayuda a fortalecer la interdisciplinariedad y la transdisciplina del centro mediante su conocimiento de los territorios.<\/p>\n<p>Distintos enfoques se complementan con las actividades que se realizan desde el centro,<br \/>\nabordando el impacto socioambiental de la contaminaci\u00f3n y factores como el cambio clim\u00e1tico desde \u00e1reas como la microbiolog\u00eda, la ecotoxicolog\u00eda o la teledetecci\u00f3n, y ahora tambi\u00e9n desde las ciencias sociales\u201d.<\/p>\n<p><a href=\"https:\/\/upla.cl\/noticias\/wp-content\/uploads\/2026\/03\/academicos_cs_sociales_se_integran_al_hub-ambiental_2.jpg\"><img loading=\"lazy\" decoding=\"async\" class=\"alignright size-medium wp-image-195615\" src=\"https:\/\/upla.cl\/noticias\/wp-content\/uploads\/2026\/03\/academicos_cs_sociales_se_integran_al_hub-ambiental_2-300x200.jpg\" alt=\"\" width=\"300\" height=\"200\" srcset=\"https:\/\/upla.cl\/noticias\/wp-content\/uploads\/2026\/03\/academicos_cs_sociales_se_integran_al_hub-ambiental_2-300x200.jpg 300w, https:\/\/upla.cl\/noticias\/wp-content\/uploads\/2026\/03\/academicos_cs_sociales_se_integran_al_hub-ambiental_2-1024x683.jpg 1024w, https:\/\/upla.cl\/noticias\/wp-content\/uploads\/2026\/03\/academicos_cs_sociales_se_integran_al_hub-ambiental_2-150x100.jpg 150w, https:\/\/upla.cl\/noticias\/wp-content\/uploads\/2026\/03\/academicos_cs_sociales_se_integran_al_hub-ambiental_2-768x512.jpg 768w, https:\/\/upla.cl\/noticias\/wp-content\/uploads\/2026\/03\/academicos_cs_sociales_se_integran_al_hub-ambiental_2-1536x1024.jpg 1536w, https:\/\/upla.cl\/noticias\/wp-content\/uploads\/2026\/03\/academicos_cs_sociales_se_integran_al_hub-ambiental_2.jpg 1920w\" sizes=\"auto, (max-width: 300px) 100vw, 300px\" \/><\/a>En esa l\u00ednea, agreg\u00f3 que este trabajo permitir\u00e1 incorporar nuevas perspectivas para abordar problem\u00e1ticas complejas que afectan tanto a los ecosistemas como a las comunidades. \u201cCon el aporte de los colegas del \u00e1rea de sociales vamos a tener un enfoque diferente, incluyendo perspectivas m\u00e1s cr\u00edticas sobre problem\u00e1ticas como la escasez h\u00eddrica o el impacto antr\u00f3pico sobre los ecosistemas y las poblaciones\u201d.<\/p>\n<p>Por su parte, Elizabeth Zenteno, directora del Departamento de Estudios Territoriales y Di\u00e1logos Interculturales de la Facultad de Ciencias Sociales, valor\u00f3 la oportunidad de integrarse a este espacio de investigaci\u00f3n. \u201cIntegrarme a este HUB representa una oportunidad muy significativa, tanto en lo acad\u00e9mico como en lo personal. Se trata de un espacio de gran reconocimiento que ha logrado visibilizar diversas problem\u00e1ticas ambientales que afectan a nuestros territorios\u201d.<\/p>\n<p>La investigadora destac\u00f3 adem\u00e1s la importancia de incorporar las dimensiones sociales en el an\u00e1lisis de los fen\u00f3menos ambientales. \u201cLos habitantes de asentamientos informales, as\u00ed como muchas poblaciones migrantes, viven expuestos a condiciones de contaminaci\u00f3n y a m\u00faltiples riesgos socioambientales. Incorporar estas experiencias permite ampliar la comprensi\u00f3n de los problemas ambientales, integrando las desigualdades sociales y territoriales que los atraviesan\u201d.<\/p>\n<p>Esta colaboraci\u00f3n tambi\u00e9n fortalece la investigaci\u00f3n interdisciplinaria y los espacios de formaci\u00f3n de estudiantes, particularmente en programas como el Doctorado Interdisciplinario en Ciencias Ambientales y el Doctorado en Ciencias Sociales, donde se promueve el desarrollo de investigaciones contextualizadas en los territorios y comprometidas con los desaf\u00edos socioambientales actuales.<\/p>\n<p><em>Fuente: Javiera Arrate Molinari, periodista del\u00a0Departamento de Estudios Territoriales y Di\u00e1logos Interculturales.<\/em><\/p>\n","protected":false},"excerpt":{"rendered":"<p>La incorporaci\u00f3n de los acad\u00e9micos Marcelo Rodr\u00edguez, Elizabeth Zenteno y Alexander Panez, del Departamento de Estudios Territoriales y Di\u00e1logos Interculturales busca fortalecer el enfoque interdisciplinario del HUB Ambiental, integrando perspectivas sociales para el an\u00e1lisis de los conflictos socioambientales y la relaci\u00f3n entre ciencia, territorios y pol\u00edticas p\u00fablicas.<\/p>\n","protected":false},"author":10,"featured_media":195616,"comment_status":"closed","ping_status":"open","sticky":false,"template":"","format":"standard","meta":{"footnotes":""},"categories":[51,96,40,76,209,43],"tags":[],"class_list":["post-195613","post","type-post","status-publish","format-standard","has-post-thumbnail","","category-academia","category-academicos","category-destacados","category-facultad-de-ciencias-sociales","category-hub-ambiental","category-investigacion"],"_links":{"self":[{"href":"https:\/\/upla.cl\/noticias\/wp-json\/wp\/v2\/posts\/195613","targetHints":{"allow":["GET"]}}],"collection":[{"href":"https:\/\/upla.cl\/noticias\/wp-json\/wp\/v2\/posts"}],"about":[{"href":"https:\/\/upla.cl\/noticias\/wp-json\/wp\/v2\/types\/post"}],"author":[{"embeddable":true,"href":"https:\/\/upla.cl\/noticias\/wp-json\/wp\/v2\/users\/10"}],"replies":[{"embeddable":true,"href":"https:\/\/upla.cl\/noticias\/wp-json\/wp\/v2\/comments?post=195613"}],"version-history":[{"count":2,"href":"https:\/\/upla.cl\/noticias\/wp-json\/wp\/v2\/posts\/195613\/revisions"}],"predecessor-version":[{"id":195619,"href":"https:\/\/upla.cl\/noticias\/wp-json\/wp\/v2\/posts\/195613\/revisions\/195619"}],"wp:featuredmedia":[{"embeddable":true,"href":"https:\/\/upla.cl\/noticias\/wp-json\/wp\/v2\/media\/195616"}],"wp:attachment":[{"href":"https:\/\/upla.cl\/noticias\/wp-json\/wp\/v2\/media?parent=195613"}],"wp:term":[{"taxonomy":"category","embeddable":true,"href":"https:\/\/upla.cl\/noticias\/wp-json\/wp\/v2\/categories?post=195613"},{"taxonomy":"post_tag","embeddable":true,"href":"https:\/\/upla.cl\/noticias\/wp-json\/wp\/v2\/tags?post=195613"}],"curies":[{"name":"wp","href":"https:\/\/api.w.org\/{rel}","templated":true}]}}