{"id":195639,"date":"2026-03-16T12:42:10","date_gmt":"2026-03-16T15:42:10","guid":{"rendered":"https:\/\/upla.cl\/noticias\/?p=195639"},"modified":"2026-03-16T12:42:10","modified_gmt":"2026-03-16T15:42:10","slug":"upla-abre-concurso-publico-para-contratar-profesional-de-apoyo","status":"publish","type":"post","link":"https:\/\/upla.cl\/noticias\/2026\/03\/16\/upla-abre-concurso-publico-para-contratar-profesional-de-apoyo\/","title":{"rendered":"UPLA abre concurso p\u00fablico para contratar profesional de apoyo"},"content":{"rendered":"<p>La <strong>Universidad de Playa Ancha<\/strong>, en el marco del Proyecto Fortalecimiento Institucional UPA 24991, \u00abHacia una educaci\u00f3n de excelencia centrada en las y los estudiantes, a trav\u00e9s del fortalecimiento de los procesos formativos, la promoci\u00f3n de la investigaci\u00f3n, creaci\u00f3n e innovaci\u00f3n y la instalaci\u00f3n de nuevos mecanismos de aseguramiento de la calidad\u00bb, llama a <strong>concurso p\u00fablico<\/strong> con el fin de proveer los servicios de un o una <strong>Profesional de apoyo a la Direcci\u00f3n General de Gesti\u00f3n de la Calidad<\/strong> (Dirgecal).<\/p>\n<p>El objetivo del cargo ser\u00e1 apoyar en la gesti\u00f3n efectiva de los procesos a abordar desde la Dirgecal, en el marco de la operaci\u00f3n del Sistema Interno del Aseguramiento de la Calidad (SIAC) y espec\u00edficamente en la ejecuci\u00f3n de mecanismos de aseguramiento de la calidad.<\/p>\n<p>Su calidad contractual ser\u00e1 a <strong>honorarios por tres meses<\/strong>, desde el 1 de abril al 30 de junio de 2026, con jornada de 44 horas semanales. La permanencia en el cargo estar\u00e1 supeditada a la duraci\u00f3n del proyecto y la existencia de fondos para solventar, as\u00ed como una evaluaci\u00f3n que realice la jefatura directa respecto del desempe\u00f1o.<\/p>\n<p>Las personas que postulen deben contar con t\u00edtulo profesional de una carrera de al menos 8 semestres, otorgado por una universidad, en las \u00e1reas de ingenier\u00eda, estad\u00edstica, sociolog\u00eda o afines. Es requisito fundamental contar con experiencia en gesti\u00f3n y planificaci\u00f3n.<\/p>\n<p>Las postulaciones est\u00e1n abiertas <strong>entre el lunes 16 y el viernes 20 de marzo<\/strong> de 2026 (a las 17:00 horas). Los antecedentes deben remitirse como archivos adjuntos al correo electr\u00f3nico <a href=\"mailto:maritza.gonzalez@upla.cl\"><strong>maritza.gonzalez@upla.cl<\/strong><\/a>, con copia a <a href=\"mailto:giovanna.rubino@upla.cl\"><strong>giovanna.rubino@upla.cl<\/strong><\/a>. No se aceptar\u00e1n documentos v\u00eda enlace a servicios como Google Drive o Dropbox.<\/p>\n<p>Los detalles de este concurso se pueden conocer en las siguientes:<\/p>\n<p style=\"padding-left: 40px;\"><a href=\"https:\/\/upla.cl\/noticias\/wp-content\/uploads\/2026\/03\/Bases_Profesional_Apoyo_Dirgecal.pdf\"><strong>Bases del concurso p\u00fablico para profesional de apoyo a Dirgecal<\/strong><\/a><\/p>\n","protected":false},"excerpt":{"rendered":"<p>Postulaciones al cargo abierto en la Direcci\u00f3n General de Gesti\u00f3n de la Calidad se recibir\u00e1n hasta el viernes 20 de marzo.<\/p>\n","protected":false},"author":4,"featured_media":62644,"comment_status":"closed","ping_status":"open","sticky":false,"template":"","format":"standard","meta":{"footnotes":""},"categories":[40,99,204],"tags":[],"class_list":["post-195639","post","type-post","status-publish","format-standard","has-post-thumbnail","","category-destacados","category-funcionarios","category-gestion-de-la-calidad"],"_links":{"self":[{"href":"https:\/\/upla.cl\/noticias\/wp-json\/wp\/v2\/posts\/195639","targetHints":{"allow":["GET"]}}],"collection":[{"href":"https:\/\/upla.cl\/noticias\/wp-json\/wp\/v2\/posts"}],"about":[{"href":"https:\/\/upla.cl\/noticias\/wp-json\/wp\/v2\/types\/post"}],"author":[{"embeddable":true,"href":"https:\/\/upla.cl\/noticias\/wp-json\/wp\/v2\/users\/4"}],"replies":[{"embeddable":true,"href":"https:\/\/upla.cl\/noticias\/wp-json\/wp\/v2\/comments?post=195639"}],"version-history":[{"count":1,"href":"https:\/\/upla.cl\/noticias\/wp-json\/wp\/v2\/posts\/195639\/revisions"}],"predecessor-version":[{"id":195641,"href":"https:\/\/upla.cl\/noticias\/wp-json\/wp\/v2\/posts\/195639\/revisions\/195641"}],"wp:featuredmedia":[{"embeddable":true,"href":"https:\/\/upla.cl\/noticias\/wp-json\/wp\/v2\/media\/62644"}],"wp:attachment":[{"href":"https:\/\/upla.cl\/noticias\/wp-json\/wp\/v2\/media?parent=195639"}],"wp:term":[{"taxonomy":"category","embeddable":true,"href":"https:\/\/upla.cl\/noticias\/wp-json\/wp\/v2\/categories?post=195639"},{"taxonomy":"post_tag","embeddable":true,"href":"https:\/\/upla.cl\/noticias\/wp-json\/wp\/v2\/tags?post=195639"}],"curies":[{"name":"wp","href":"https:\/\/api.w.org\/{rel}","templated":true}]}}