{"id":195645,"date":"2026-03-16T15:56:28","date_gmt":"2026-03-16T18:56:28","guid":{"rendered":"https:\/\/upla.cl\/noticias\/?p=195645"},"modified":"2026-03-16T16:57:05","modified_gmt":"2026-03-16T19:57:05","slug":"ceremonia-de-investidura-2026-38-alumnos-de-terapia-ocupacional-asumen-el-desafio-de-la-practica-profesional","status":"publish","type":"post","link":"https:\/\/upla.cl\/noticias\/2026\/03\/16\/ceremonia-de-investidura-2026-38-alumnos-de-terapia-ocupacional-asumen-el-desafio-de-la-practica-profesional\/","title":{"rendered":"Ceremonia de Investidura 2026: 38 alumnos de Terapia Ocupacional asumen el desaf\u00edo de la pr\u00e1ctica profesional"},"content":{"rendered":"<p><a href=\"https:\/\/upla.cl\/noticias\/wp-content\/uploads\/2026\/03\/Investidura-TO-General-.jpeg\"><img loading=\"lazy\" decoding=\"async\" class=\"aligncenter size-full wp-image-195651\" src=\"https:\/\/upla.cl\/noticias\/wp-content\/uploads\/2026\/03\/Investidura-TO-General-.jpeg\" alt=\"\" width=\"1600\" height=\"720\" srcset=\"https:\/\/upla.cl\/noticias\/wp-content\/uploads\/2026\/03\/Investidura-TO-General-.jpeg 1600w, https:\/\/upla.cl\/noticias\/wp-content\/uploads\/2026\/03\/Investidura-TO-General--300x135.jpeg 300w, https:\/\/upla.cl\/noticias\/wp-content\/uploads\/2026\/03\/Investidura-TO-General--1024x461.jpeg 1024w, https:\/\/upla.cl\/noticias\/wp-content\/uploads\/2026\/03\/Investidura-TO-General--150x68.jpeg 150w, https:\/\/upla.cl\/noticias\/wp-content\/uploads\/2026\/03\/Investidura-TO-General--768x346.jpeg 768w, https:\/\/upla.cl\/noticias\/wp-content\/uploads\/2026\/03\/Investidura-TO-General--1536x691.jpeg 1536w\" sizes=\"auto, (max-width: 1600px) 100vw, 1600px\" \/><\/a>En una jornada marcada por el simbolismo y el compromiso social, la <strong>Universidad de Playa Ancha (UPLA)<\/strong> realiz\u00f3 la ceremonia de Investidura de la promoci\u00f3n 2022 de la carrera de <a href=\"https:\/\/www.upla.cl\/admision\/carreras-profesionales\/facultad-de-ciencias-de-la-salud\/terapia-ocupacional\/\"><strong>Terapia Ocupacional (TO)<\/strong><\/a>. El acto, desarrollado en el Aula Dr. F\u00e9lix Morales Pettorino, reuni\u00f3 a 38 estudiantes que, tras a\u00f1os de formaci\u00f3n acad\u00e9mica, recibieron sus credenciales e insignias, elementos que marcan el inicio formal de sus pr\u00e1cticas profesionales y el contacto directo con la comunidad en diversos centros de salud y rehabilitaci\u00f3n.<\/p>\n<p>La actividad cont\u00f3 con la presencia de autoridades acad\u00e9micas, docentes y familias, quienes presenciaron este hito fundamental en la trayectoria de los futuros terapeutas. En representaci\u00f3n de la decana, la <strong>directora del Departamento de Rehabilitaci\u00f3n, Intervenci\u00f3n y Abordaje Terap\u00e9utico, Dra. Pamela Marcone Dapelo<\/strong>, destac\u00f3 la importancia de este paso hacia la autonom\u00eda profesional. Durante su alocuci\u00f3n, inst\u00f3 a los j\u00f3venes a ejercer con humanidad su nueva labor: \u00abLes hago la invitaci\u00f3n a amar aquello que estudiaron durante todos estos a\u00f1os, para que cada experiencia que vivan en sus pr\u00e1cticas profesionales sea una experiencia de crecimiento personal\u00bb.<\/p>\n<p><a href=\"https:\/\/upla.cl\/noticias\/wp-content\/uploads\/2026\/03\/Investidura-7.jpeg\"><img loading=\"lazy\" decoding=\"async\" class=\"alignright size-medium wp-image-195652\" src=\"https:\/\/upla.cl\/noticias\/wp-content\/uploads\/2026\/03\/Investidura-7-300x200.jpeg\" alt=\"\" width=\"300\" height=\"200\" srcset=\"https:\/\/upla.cl\/noticias\/wp-content\/uploads\/2026\/03\/Investidura-7-300x200.jpeg 300w, https:\/\/upla.cl\/noticias\/wp-content\/uploads\/2026\/03\/Investidura-7-1024x683.jpeg 1024w, https:\/\/upla.cl\/noticias\/wp-content\/uploads\/2026\/03\/Investidura-7-150x100.jpeg 150w, https:\/\/upla.cl\/noticias\/wp-content\/uploads\/2026\/03\/Investidura-7-768x512.jpeg 768w, https:\/\/upla.cl\/noticias\/wp-content\/uploads\/2026\/03\/Investidura-7-1536x1025.jpeg 1536w, https:\/\/upla.cl\/noticias\/wp-content\/uploads\/2026\/03\/Investidura-7.jpeg 1920w\" sizes=\"auto, (max-width: 300px) 100vw, 300px\" \/><\/a>Por su parte, la <strong>directora de la carrera de Terapia Ocupacional, Alejandra Espinosa Valderrama,<\/strong> profundiz\u00f3 en el valor intr\u00ednseco de la profesi\u00f3n, la cual define como una herramienta de dignidad y autonom\u00eda para las personas. Espinosa record\u00f3 a los investidos que su labor trasciende lo cl\u00ednico para enfocarse en la identidad del individuo. Al respecto, enfatiz\u00f3 que \u00abnuestro trabajo no se trata solamente de rehabilitar funciones, sino de acompa\u00f1ar a las personas a volver a vivir su vida con sentido\u00bb, relevando el impacto social que tendr\u00e1 el desempe\u00f1o de este grupo de estudiantes.<\/p>\n<p><strong>Proceso de Aprendizaje<\/strong><\/p>\n<p>La representaci\u00f3n estudiantil estuvo a cargo de <strong>Arantzaz\u00fa Ajuria Sagredo,<\/strong> quien reflexion\u00f3 sobre el proceso de aprendizaje y la evoluci\u00f3n de la mirada disciplinar a lo largo de los a\u00f1os de estudio. Ajuria describi\u00f3 la carrera como un lente nuevo para observar las injusticias y necesidades de la sociedad, agradeciendo el apoyo de los docentes en este camino. En su discurso, record\u00f3 la esencia de su vocaci\u00f3n: \u00abNo olvidemos nunca por qu\u00e9 elegimos esta carrera&#8230; al final, m\u00e1s all\u00e1 de las t\u00e9cnicas o los modelos, la Terapia Ocupacional siempre se tratar\u00e1 de eso, de personas acompa\u00f1ando a personas\u00bb.<\/p>\n<p><a href=\"https:\/\/upla.cl\/noticias\/wp-content\/uploads\/2026\/03\/Investidura-TO-8.jpeg\"><img loading=\"lazy\" decoding=\"async\" class=\"alignleft size-medium wp-image-195653\" src=\"https:\/\/upla.cl\/noticias\/wp-content\/uploads\/2026\/03\/Investidura-TO-8-300x200.jpeg\" alt=\"\" width=\"300\" height=\"200\" srcset=\"https:\/\/upla.cl\/noticias\/wp-content\/uploads\/2026\/03\/Investidura-TO-8-300x200.jpeg 300w, https:\/\/upla.cl\/noticias\/wp-content\/uploads\/2026\/03\/Investidura-TO-8-1024x683.jpeg 1024w, https:\/\/upla.cl\/noticias\/wp-content\/uploads\/2026\/03\/Investidura-TO-8-150x100.jpeg 150w, https:\/\/upla.cl\/noticias\/wp-content\/uploads\/2026\/03\/Investidura-TO-8-768x512.jpeg 768w, https:\/\/upla.cl\/noticias\/wp-content\/uploads\/2026\/03\/Investidura-TO-8-1536x1025.jpeg 1536w, https:\/\/upla.cl\/noticias\/wp-content\/uploads\/2026\/03\/Investidura-TO-8.jpeg 1920w\" sizes=\"auto, (max-width: 300px) 100vw, 300px\" \/><\/a>Tras las palabras de rigor, se procedi\u00f3 a la entrega de distintivos. Las <strong>acad\u00e9micas Denisse Alvear Muena y Natalia Montes Silva<\/strong>, junto al <strong>acad\u00e9mico Carlos Mu\u00f1oz Jim\u00e9nez<\/strong>, fueron los encargados de investir a cada uno de los estudiantes, quienes subieron al escenario para recibir el reconocimiento que los acredita como practicantes profesionales. Este momento represent\u00f3 el cierre de un ciclo de sacrificios y el inicio de una etapa de alta responsabilidad \u00e9tica bajo el sello de la educaci\u00f3n p\u00fablica estatal.<\/p>\n<p>La ceremonia tambi\u00e9n rindi\u00f3 un emotivo homenaje al legado de la unidad acad\u00e9mica, recordando que hace m\u00e1s de tres d\u00e9cadas la UPLA fue pionera al crear la primera <strong>carrera de Terapia Ocupacional en la Regi\u00f3n de Valpara\u00edso<\/strong>. Este contexto hist\u00f3rico reforz\u00f3 el sentido de pertenencia de la promoci\u00f3n 2021, cuyos integrantes ahora asumen el desaf\u00edo de proyectar esa tradici\u00f3n de excelencia en sus respectivos centros de pr\u00e1ctica a partir de este lunes 16 de marzo.<\/p>\n<p>Finalmente, el evento concluy\u00f3 con un ambiente de celebraci\u00f3n y \u00e9xito. Con la entrega de sus insignias, los 38 estudiantes inician un recorrido donde la t\u00e9cnica y la empat\u00eda se fusionan para promover la inclusi\u00f3n y la participaci\u00f3n plena de todas las personas en la sociedad.<\/p>\n<div id='gallery-1' class='gallery galleryid-195645 gallery-columns-3 gallery-size-thumbnail'><figure class='gallery-item'>\n\t\t\t<div class='gallery-icon landscape'>\n\t\t\t\t<a href='https:\/\/upla.cl\/noticias\/wp-content\/uploads\/2026\/03\/Alejandra-espinoza.jpeg'><img loading=\"lazy\" decoding=\"async\" width=\"150\" height=\"100\" src=\"https:\/\/upla.cl\/noticias\/wp-content\/uploads\/2026\/03\/Alejandra-espinoza-150x100.jpeg\" class=\"attachment-thumbnail size-thumbnail\" alt=\"\" srcset=\"https:\/\/upla.cl\/noticias\/wp-content\/uploads\/2026\/03\/Alejandra-espinoza-150x100.jpeg 150w, https:\/\/upla.cl\/noticias\/wp-content\/uploads\/2026\/03\/Alejandra-espinoza-300x200.jpeg 300w, https:\/\/upla.cl\/noticias\/wp-content\/uploads\/2026\/03\/Alejandra-espinoza-1024x683.jpeg 1024w, https:\/\/upla.cl\/noticias\/wp-content\/uploads\/2026\/03\/Alejandra-espinoza-768x512.jpeg 768w, https:\/\/upla.cl\/noticias\/wp-content\/uploads\/2026\/03\/Alejandra-espinoza-1536x1025.jpeg 1536w, https:\/\/upla.cl\/noticias\/wp-content\/uploads\/2026\/03\/Alejandra-espinoza-310x205.jpeg 310w, https:\/\/upla.cl\/noticias\/wp-content\/uploads\/2026\/03\/Alejandra-espinoza.jpeg 1920w\" sizes=\"auto, (max-width: 150px) 100vw, 150px\" \/><\/a>\n\t\t\t<\/div><\/figure><figure class='gallery-item'>\n\t\t\t<div class='gallery-icon landscape'>\n\t\t\t\t<a href='https:\/\/upla.cl\/noticias\/wp-content\/uploads\/2026\/03\/Estudiante-TO.jpeg'><img loading=\"lazy\" decoding=\"async\" width=\"150\" height=\"100\" src=\"https:\/\/upla.cl\/noticias\/wp-content\/uploads\/2026\/03\/Estudiante-TO-150x100.jpeg\" class=\"attachment-thumbnail size-thumbnail\" alt=\"\" srcset=\"https:\/\/upla.cl\/noticias\/wp-content\/uploads\/2026\/03\/Estudiante-TO-150x100.jpeg 150w, https:\/\/upla.cl\/noticias\/wp-content\/uploads\/2026\/03\/Estudiante-TO-300x200.jpeg 300w, https:\/\/upla.cl\/noticias\/wp-content\/uploads\/2026\/03\/Estudiante-TO-1024x683.jpeg 1024w, https:\/\/upla.cl\/noticias\/wp-content\/uploads\/2026\/03\/Estudiante-TO-768x512.jpeg 768w, https:\/\/upla.cl\/noticias\/wp-content\/uploads\/2026\/03\/Estudiante-TO-1536x1025.jpeg 1536w, https:\/\/upla.cl\/noticias\/wp-content\/uploads\/2026\/03\/Estudiante-TO-310x205.jpeg 310w, https:\/\/upla.cl\/noticias\/wp-content\/uploads\/2026\/03\/Estudiante-TO.jpeg 1920w\" sizes=\"auto, (max-width: 150px) 100vw, 150px\" \/><\/a>\n\t\t\t<\/div><\/figure><figure class='gallery-item'>\n\t\t\t<div class='gallery-icon landscape'>\n\t\t\t\t<a href='https:\/\/upla.cl\/noticias\/wp-content\/uploads\/2026\/03\/Investidura-TO-1.jpeg'><img loading=\"lazy\" decoding=\"async\" width=\"150\" height=\"125\" src=\"https:\/\/upla.cl\/noticias\/wp-content\/uploads\/2026\/03\/Investidura-TO-1-150x125.jpeg\" class=\"attachment-thumbnail size-thumbnail\" alt=\"\" srcset=\"https:\/\/upla.cl\/noticias\/wp-content\/uploads\/2026\/03\/Investidura-TO-1-150x125.jpeg 150w, https:\/\/upla.cl\/noticias\/wp-content\/uploads\/2026\/03\/Investidura-TO-1-300x250.jpeg 300w, https:\/\/upla.cl\/noticias\/wp-content\/uploads\/2026\/03\/Investidura-TO-1-1024x852.jpeg 1024w, https:\/\/upla.cl\/noticias\/wp-content\/uploads\/2026\/03\/Investidura-TO-1-768x639.jpeg 768w, https:\/\/upla.cl\/noticias\/wp-content\/uploads\/2026\/03\/Investidura-TO-1-1536x1278.jpeg 1536w, https:\/\/upla.cl\/noticias\/wp-content\/uploads\/2026\/03\/Investidura-TO-1.jpeg 1920w\" sizes=\"auto, (max-width: 150px) 100vw, 150px\" \/><\/a>\n\t\t\t<\/div><\/figure><figure class='gallery-item'>\n\t\t\t<div class='gallery-icon landscape'>\n\t\t\t\t<a href='https:\/\/upla.cl\/noticias\/wp-content\/uploads\/2026\/03\/Investidura-TO-2.jpeg'><img loading=\"lazy\" decoding=\"async\" width=\"150\" height=\"100\" src=\"https:\/\/upla.cl\/noticias\/wp-content\/uploads\/2026\/03\/Investidura-TO-2-150x100.jpeg\" class=\"attachment-thumbnail size-thumbnail\" alt=\"\" srcset=\"https:\/\/upla.cl\/noticias\/wp-content\/uploads\/2026\/03\/Investidura-TO-2-150x100.jpeg 150w, https:\/\/upla.cl\/noticias\/wp-content\/uploads\/2026\/03\/Investidura-TO-2-300x200.jpeg 300w, https:\/\/upla.cl\/noticias\/wp-content\/uploads\/2026\/03\/Investidura-TO-2-1024x683.jpeg 1024w, https:\/\/upla.cl\/noticias\/wp-content\/uploads\/2026\/03\/Investidura-TO-2-768x512.jpeg 768w, https:\/\/upla.cl\/noticias\/wp-content\/uploads\/2026\/03\/Investidura-TO-2-1536x1025.jpeg 1536w, https:\/\/upla.cl\/noticias\/wp-content\/uploads\/2026\/03\/Investidura-TO-2-310x205.jpeg 310w, https:\/\/upla.cl\/noticias\/wp-content\/uploads\/2026\/03\/Investidura-TO-2.jpeg 1920w\" sizes=\"auto, (max-width: 150px) 100vw, 150px\" \/><\/a>\n\t\t\t<\/div><\/figure><figure class='gallery-item'>\n\t\t\t<div class='gallery-icon landscape'>\n\t\t\t\t<a href='https:\/\/upla.cl\/noticias\/wp-content\/uploads\/2026\/03\/Investidura-TO-3.jpeg'><img loading=\"lazy\" decoding=\"async\" width=\"150\" height=\"100\" src=\"https:\/\/upla.cl\/noticias\/wp-content\/uploads\/2026\/03\/Investidura-TO-3-150x100.jpeg\" class=\"attachment-thumbnail size-thumbnail\" alt=\"\" srcset=\"https:\/\/upla.cl\/noticias\/wp-content\/uploads\/2026\/03\/Investidura-TO-3-150x100.jpeg 150w, https:\/\/upla.cl\/noticias\/wp-content\/uploads\/2026\/03\/Investidura-TO-3-300x200.jpeg 300w, https:\/\/upla.cl\/noticias\/wp-content\/uploads\/2026\/03\/Investidura-TO-3-1024x683.jpeg 1024w, https:\/\/upla.cl\/noticias\/wp-content\/uploads\/2026\/03\/Investidura-TO-3-768x512.jpeg 768w, https:\/\/upla.cl\/noticias\/wp-content\/uploads\/2026\/03\/Investidura-TO-3-1536x1025.jpeg 1536w, https:\/\/upla.cl\/noticias\/wp-content\/uploads\/2026\/03\/Investidura-TO-3-310x205.jpeg 310w, https:\/\/upla.cl\/noticias\/wp-content\/uploads\/2026\/03\/Investidura-TO-3.jpeg 1920w\" sizes=\"auto, (max-width: 150px) 100vw, 150px\" \/><\/a>\n\t\t\t<\/div><\/figure><figure class='gallery-item'>\n\t\t\t<div class='gallery-icon landscape'>\n\t\t\t\t<a href='https:\/\/upla.cl\/noticias\/wp-content\/uploads\/2026\/03\/Investidura-TO-4.jpeg'><img loading=\"lazy\" decoding=\"async\" width=\"150\" height=\"100\" src=\"https:\/\/upla.cl\/noticias\/wp-content\/uploads\/2026\/03\/Investidura-TO-4-150x100.jpeg\" class=\"attachment-thumbnail size-thumbnail\" alt=\"\" srcset=\"https:\/\/upla.cl\/noticias\/wp-content\/uploads\/2026\/03\/Investidura-TO-4-150x100.jpeg 150w, https:\/\/upla.cl\/noticias\/wp-content\/uploads\/2026\/03\/Investidura-TO-4-300x200.jpeg 300w, https:\/\/upla.cl\/noticias\/wp-content\/uploads\/2026\/03\/Investidura-TO-4-1024x683.jpeg 1024w, https:\/\/upla.cl\/noticias\/wp-content\/uploads\/2026\/03\/Investidura-TO-4-768x512.jpeg 768w, https:\/\/upla.cl\/noticias\/wp-content\/uploads\/2026\/03\/Investidura-TO-4-1536x1025.jpeg 1536w, https:\/\/upla.cl\/noticias\/wp-content\/uploads\/2026\/03\/Investidura-TO-4-310x205.jpeg 310w, https:\/\/upla.cl\/noticias\/wp-content\/uploads\/2026\/03\/Investidura-TO-4.jpeg 1920w\" sizes=\"auto, (max-width: 150px) 100vw, 150px\" \/><\/a>\n\t\t\t<\/div><\/figure><figure class='gallery-item'>\n\t\t\t<div class='gallery-icon landscape'>\n\t\t\t\t<a href='https:\/\/upla.cl\/noticias\/wp-content\/uploads\/2026\/03\/Investidura-TO-5.jpeg'><img loading=\"lazy\" decoding=\"async\" width=\"150\" height=\"100\" src=\"https:\/\/upla.cl\/noticias\/wp-content\/uploads\/2026\/03\/Investidura-TO-5-150x100.jpeg\" class=\"attachment-thumbnail size-thumbnail\" alt=\"\" srcset=\"https:\/\/upla.cl\/noticias\/wp-content\/uploads\/2026\/03\/Investidura-TO-5-150x100.jpeg 150w, https:\/\/upla.cl\/noticias\/wp-content\/uploads\/2026\/03\/Investidura-TO-5-300x200.jpeg 300w, https:\/\/upla.cl\/noticias\/wp-content\/uploads\/2026\/03\/Investidura-TO-5-1024x683.jpeg 1024w, https:\/\/upla.cl\/noticias\/wp-content\/uploads\/2026\/03\/Investidura-TO-5-768x512.jpeg 768w, https:\/\/upla.cl\/noticias\/wp-content\/uploads\/2026\/03\/Investidura-TO-5-1536x1025.jpeg 1536w, https:\/\/upla.cl\/noticias\/wp-content\/uploads\/2026\/03\/Investidura-TO-5-310x205.jpeg 310w, https:\/\/upla.cl\/noticias\/wp-content\/uploads\/2026\/03\/Investidura-TO-5.jpeg 1920w\" sizes=\"auto, (max-width: 150px) 100vw, 150px\" \/><\/a>\n\t\t\t<\/div><\/figure><figure class='gallery-item'>\n\t\t\t<div class='gallery-icon landscape'>\n\t\t\t\t<a href='https:\/\/upla.cl\/noticias\/wp-content\/uploads\/2026\/03\/Investidura-TO-6.jpeg'><img loading=\"lazy\" decoding=\"async\" width=\"150\" height=\"100\" src=\"https:\/\/upla.cl\/noticias\/wp-content\/uploads\/2026\/03\/Investidura-TO-6-150x100.jpeg\" class=\"attachment-thumbnail size-thumbnail\" alt=\"\" srcset=\"https:\/\/upla.cl\/noticias\/wp-content\/uploads\/2026\/03\/Investidura-TO-6-150x100.jpeg 150w, https:\/\/upla.cl\/noticias\/wp-content\/uploads\/2026\/03\/Investidura-TO-6-300x200.jpeg 300w, https:\/\/upla.cl\/noticias\/wp-content\/uploads\/2026\/03\/Investidura-TO-6-1024x683.jpeg 1024w, https:\/\/upla.cl\/noticias\/wp-content\/uploads\/2026\/03\/Investidura-TO-6-768x512.jpeg 768w, https:\/\/upla.cl\/noticias\/wp-content\/uploads\/2026\/03\/Investidura-TO-6-1536x1025.jpeg 1536w, https:\/\/upla.cl\/noticias\/wp-content\/uploads\/2026\/03\/Investidura-TO-6-310x205.jpeg 310w, https:\/\/upla.cl\/noticias\/wp-content\/uploads\/2026\/03\/Investidura-TO-6.jpeg 1920w\" sizes=\"auto, (max-width: 150px) 100vw, 150px\" \/><\/a>\n\t\t\t<\/div><\/figure><figure class='gallery-item'>\n\t\t\t<div class='gallery-icon landscape'>\n\t\t\t\t<a href='https:\/\/upla.cl\/noticias\/wp-content\/uploads\/2026\/03\/Investidura-TO-8-1.jpeg'><img loading=\"lazy\" decoding=\"async\" width=\"150\" height=\"100\" src=\"https:\/\/upla.cl\/noticias\/wp-content\/uploads\/2026\/03\/Investidura-TO-8-1-150x100.jpeg\" class=\"attachment-thumbnail size-thumbnail\" alt=\"\" srcset=\"https:\/\/upla.cl\/noticias\/wp-content\/uploads\/2026\/03\/Investidura-TO-8-1-150x100.jpeg 150w, https:\/\/upla.cl\/noticias\/wp-content\/uploads\/2026\/03\/Investidura-TO-8-1-300x200.jpeg 300w, https:\/\/upla.cl\/noticias\/wp-content\/uploads\/2026\/03\/Investidura-TO-8-1-1024x683.jpeg 1024w, https:\/\/upla.cl\/noticias\/wp-content\/uploads\/2026\/03\/Investidura-TO-8-1-768x512.jpeg 768w, https:\/\/upla.cl\/noticias\/wp-content\/uploads\/2026\/03\/Investidura-TO-8-1-1536x1025.jpeg 1536w, https:\/\/upla.cl\/noticias\/wp-content\/uploads\/2026\/03\/Investidura-TO-8-1-310x205.jpeg 310w, https:\/\/upla.cl\/noticias\/wp-content\/uploads\/2026\/03\/Investidura-TO-8-1.jpeg 1920w\" sizes=\"auto, (max-width: 150px) 100vw, 150px\" \/><\/a>\n\t\t\t<\/div><\/figure><figure class='gallery-item'>\n\t\t\t<div class='gallery-icon landscape'>\n\t\t\t\t<a href='https:\/\/upla.cl\/noticias\/wp-content\/uploads\/2026\/03\/Investidura-TO-10.jpeg'><img loading=\"lazy\" decoding=\"async\" width=\"150\" height=\"100\" src=\"https:\/\/upla.cl\/noticias\/wp-content\/uploads\/2026\/03\/Investidura-TO-10-150x100.jpeg\" class=\"attachment-thumbnail size-thumbnail\" alt=\"\" srcset=\"https:\/\/upla.cl\/noticias\/wp-content\/uploads\/2026\/03\/Investidura-TO-10-150x100.jpeg 150w, https:\/\/upla.cl\/noticias\/wp-content\/uploads\/2026\/03\/Investidura-TO-10-300x200.jpeg 300w, https:\/\/upla.cl\/noticias\/wp-content\/uploads\/2026\/03\/Investidura-TO-10-1024x683.jpeg 1024w, https:\/\/upla.cl\/noticias\/wp-content\/uploads\/2026\/03\/Investidura-TO-10-768x512.jpeg 768w, https:\/\/upla.cl\/noticias\/wp-content\/uploads\/2026\/03\/Investidura-TO-10-1536x1025.jpeg 1536w, https:\/\/upla.cl\/noticias\/wp-content\/uploads\/2026\/03\/Investidura-TO-10-310x205.jpeg 310w, https:\/\/upla.cl\/noticias\/wp-content\/uploads\/2026\/03\/Investidura-TO-10.jpeg 1920w\" sizes=\"auto, (max-width: 150px) 100vw, 150px\" \/><\/a>\n\t\t\t<\/div><\/figure><figure class='gallery-item'>\n\t\t\t<div class='gallery-icon landscape'>\n\t\t\t\t<a href='https:\/\/upla.cl\/noticias\/wp-content\/uploads\/2026\/03\/Pamela-Marcone.jpeg'><img loading=\"lazy\" decoding=\"async\" width=\"150\" height=\"100\" src=\"https:\/\/upla.cl\/noticias\/wp-content\/uploads\/2026\/03\/Pamela-Marcone-150x100.jpeg\" class=\"attachment-thumbnail size-thumbnail\" alt=\"\" srcset=\"https:\/\/upla.cl\/noticias\/wp-content\/uploads\/2026\/03\/Pamela-Marcone-150x100.jpeg 150w, https:\/\/upla.cl\/noticias\/wp-content\/uploads\/2026\/03\/Pamela-Marcone-300x200.jpeg 300w, https:\/\/upla.cl\/noticias\/wp-content\/uploads\/2026\/03\/Pamela-Marcone-1024x683.jpeg 1024w, https:\/\/upla.cl\/noticias\/wp-content\/uploads\/2026\/03\/Pamela-Marcone-768x512.jpeg 768w, https:\/\/upla.cl\/noticias\/wp-content\/uploads\/2026\/03\/Pamela-Marcone-1536x1025.jpeg 1536w, https:\/\/upla.cl\/noticias\/wp-content\/uploads\/2026\/03\/Pamela-Marcone-310x205.jpeg 310w, https:\/\/upla.cl\/noticias\/wp-content\/uploads\/2026\/03\/Pamela-Marcone.jpeg 1920w\" sizes=\"auto, (max-width: 150px) 100vw, 150px\" \/><\/a>\n\t\t\t<\/div><\/figure><figure class='gallery-item'>\n\t\t\t<div class='gallery-icon landscape'>\n\t\t\t\t<a href='https:\/\/upla.cl\/noticias\/wp-content\/uploads\/2026\/03\/Investidura-TO-9.jpeg'><img loading=\"lazy\" decoding=\"async\" width=\"150\" height=\"100\" src=\"https:\/\/upla.cl\/noticias\/wp-content\/uploads\/2026\/03\/Investidura-TO-9-150x100.jpeg\" class=\"attachment-thumbnail size-thumbnail\" alt=\"\" srcset=\"https:\/\/upla.cl\/noticias\/wp-content\/uploads\/2026\/03\/Investidura-TO-9-150x100.jpeg 150w, https:\/\/upla.cl\/noticias\/wp-content\/uploads\/2026\/03\/Investidura-TO-9-300x200.jpeg 300w, https:\/\/upla.cl\/noticias\/wp-content\/uploads\/2026\/03\/Investidura-TO-9-1024x683.jpeg 1024w, https:\/\/upla.cl\/noticias\/wp-content\/uploads\/2026\/03\/Investidura-TO-9-768x512.jpeg 768w, https:\/\/upla.cl\/noticias\/wp-content\/uploads\/2026\/03\/Investidura-TO-9-1536x1025.jpeg 1536w, https:\/\/upla.cl\/noticias\/wp-content\/uploads\/2026\/03\/Investidura-TO-9-310x205.jpeg 310w, https:\/\/upla.cl\/noticias\/wp-content\/uploads\/2026\/03\/Investidura-TO-9.jpeg 1920w\" sizes=\"auto, (max-width: 150px) 100vw, 150px\" \/><\/a>\n\t\t\t<\/div><\/figure>\n\t\t<\/div>\n\n","protected":false},"excerpt":{"rendered":"<p>Tras a\u00f1os de formaci\u00f3n te\u00f3rica, 38 estudiantes de Terapia Ocupacional se preparan para intervenir en diversos centros de salud bajo un sello \u00e9tico y humano. Durante el acto, autoridades y acad\u00e9micos destacaron la importancia de la ocupaci\u00f3n como herramienta clave para la autonom\u00eda y la inclusi\u00f3n social.<\/p>\n","protected":false},"author":3,"featured_media":195651,"comment_status":"closed","ping_status":"open","sticky":false,"template":"","format":"standard","meta":{"footnotes":""},"categories":[51,96,40,101,97,74,1],"tags":[],"class_list":["post-195645","post","type-post","status-publish","format-standard","has-post-thumbnail","","category-academia","category-academicos","category-destacados","category-docencia","category-estudiantes","category-facultad-de-ciencias-de-la-salud","category-sin-categoria"],"_links":{"self":[{"href":"https:\/\/upla.cl\/noticias\/wp-json\/wp\/v2\/posts\/195645","targetHints":{"allow":["GET"]}}],"collection":[{"href":"https:\/\/upla.cl\/noticias\/wp-json\/wp\/v2\/posts"}],"about":[{"href":"https:\/\/upla.cl\/noticias\/wp-json\/wp\/v2\/types\/post"}],"author":[{"embeddable":true,"href":"https:\/\/upla.cl\/noticias\/wp-json\/wp\/v2\/users\/3"}],"replies":[{"embeddable":true,"href":"https:\/\/upla.cl\/noticias\/wp-json\/wp\/v2\/comments?post=195645"}],"version-history":[{"count":2,"href":"https:\/\/upla.cl\/noticias\/wp-json\/wp\/v2\/posts\/195645\/revisions"}],"predecessor-version":[{"id":195669,"href":"https:\/\/upla.cl\/noticias\/wp-json\/wp\/v2\/posts\/195645\/revisions\/195669"}],"wp:featuredmedia":[{"embeddable":true,"href":"https:\/\/upla.cl\/noticias\/wp-json\/wp\/v2\/media\/195651"}],"wp:attachment":[{"href":"https:\/\/upla.cl\/noticias\/wp-json\/wp\/v2\/media?parent=195645"}],"wp:term":[{"taxonomy":"category","embeddable":true,"href":"https:\/\/upla.cl\/noticias\/wp-json\/wp\/v2\/categories?post=195645"},{"taxonomy":"post_tag","embeddable":true,"href":"https:\/\/upla.cl\/noticias\/wp-json\/wp\/v2\/tags?post=195645"}],"curies":[{"name":"wp","href":"https:\/\/api.w.org\/{rel}","templated":true}]}}