{"id":195693,"date":"2026-03-17T15:38:59","date_gmt":"2026-03-17T18:38:59","guid":{"rendered":"https:\/\/upla.cl\/noticias\/?p=195693"},"modified":"2026-03-17T15:43:58","modified_gmt":"2026-03-17T18:43:58","slug":"entrelazando-saberes-vecinos-del-primer-sector-de-playa-ancha-celebraron-la-instalacion-de-un-punto-de-reciclaje","status":"publish","type":"post","link":"https:\/\/upla.cl\/noticias\/2026\/03\/17\/entrelazando-saberes-vecinos-del-primer-sector-de-playa-ancha-celebraron-la-instalacion-de-un-punto-de-reciclaje\/","title":{"rendered":"Entrelazando Saberes: Vecinos del primer sector de Playa Ancha celebraron la instalaci\u00f3n de un punto de reciclaje"},"content":{"rendered":"<p><a href=\"https:\/\/upla.cl\/noticias\/wp-content\/uploads\/2026\/03\/mural_cuidemos_el_sector_2495.jpg\"><img loading=\"lazy\" decoding=\"async\" class=\"aligncenter size-full wp-image-195696\" src=\"https:\/\/upla.cl\/noticias\/wp-content\/uploads\/2026\/03\/mural_cuidemos_el_sector_2495.jpg\" alt=\"\" width=\"800\" height=\"533\" srcset=\"https:\/\/upla.cl\/noticias\/wp-content\/uploads\/2026\/03\/mural_cuidemos_el_sector_2495.jpg 800w, https:\/\/upla.cl\/noticias\/wp-content\/uploads\/2026\/03\/mural_cuidemos_el_sector_2495-300x200.jpg 300w, https:\/\/upla.cl\/noticias\/wp-content\/uploads\/2026\/03\/mural_cuidemos_el_sector_2495-150x100.jpg 150w, https:\/\/upla.cl\/noticias\/wp-content\/uploads\/2026\/03\/mural_cuidemos_el_sector_2495-768x512.jpg 768w\" sizes=\"auto, (max-width: 800px) 100vw, 800px\" \/><\/a>Con m\u00fasica y actividades recreativas, vecinos y vecinas del primer sector del cerro Playa Ancha celebraron la instalaci\u00f3n de un punto de reciclaje para la gesti\u00f3n de residuos. Esta iniciativa forma parte del <strong>proyecto de vinculaci\u00f3n con el medio de la Universidad de Playa Ancha, Entrelazando Saberes (ESR UPA 2495)<\/strong>, desarrollada colaborativamente con el <strong>colectivo medioambiental Viento Sur<\/strong>, la <strong>Junta de Vecinos N\u00b042 John Kennedy<\/strong> y la <strong>Oficina Municipal Zonal Quebrada Verde Alto<\/strong>.<\/p>\n<p>La actividad se llev\u00f3 a cabo durante la tarde del s\u00e1bado 14 de marzo, iniciando con la intervenci\u00f3n musical de la agrupaci\u00f3n Frente Murguero, que convoc\u00f3 a la comunidad a la cancha S\u00e9ptimo de L\u00ednea para participar en la actividad de inauguraci\u00f3n, que contempl\u00f3 una feria de emprendimiento, juegos para ni\u00f1eces, la creaci\u00f3n de un mural y la exhibici\u00f3n del documental de UPLA TV, \u201cSaberes territoriales y luchas populares: La defensa de la Quebrada de Los L\u00facumos\u201d.<\/p>\n<h4><strong>Puntos de reciclaje en el primer sector de Playa Ancha<\/strong><\/h4>\n<p><a href=\"https:\/\/upla.cl\/noticias\/wp-content\/uploads\/2026\/03\/Equipo-del-proyecto-OMZ-y-JJVV-42-John-Kennedy-en-el-punto-de-reciclaje_2495.jpg\"><img loading=\"lazy\" decoding=\"async\" class=\"alignright size-medium wp-image-195698\" src=\"https:\/\/upla.cl\/noticias\/wp-content\/uploads\/2026\/03\/Equipo-del-proyecto-OMZ-y-JJVV-42-John-Kennedy-en-el-punto-de-reciclaje_2495-300x200.jpg\" alt=\"\" width=\"300\" height=\"200\" srcset=\"https:\/\/upla.cl\/noticias\/wp-content\/uploads\/2026\/03\/Equipo-del-proyecto-OMZ-y-JJVV-42-John-Kennedy-en-el-punto-de-reciclaje_2495-300x200.jpg 300w, https:\/\/upla.cl\/noticias\/wp-content\/uploads\/2026\/03\/Equipo-del-proyecto-OMZ-y-JJVV-42-John-Kennedy-en-el-punto-de-reciclaje_2495-150x100.jpg 150w, https:\/\/upla.cl\/noticias\/wp-content\/uploads\/2026\/03\/Equipo-del-proyecto-OMZ-y-JJVV-42-John-Kennedy-en-el-punto-de-reciclaje_2495-768x512.jpg 768w, https:\/\/upla.cl\/noticias\/wp-content\/uploads\/2026\/03\/Equipo-del-proyecto-OMZ-y-JJVV-42-John-Kennedy-en-el-punto-de-reciclaje_2495.jpg 800w\" sizes=\"auto, (max-width: 300px) 100vw, 300px\" \/><\/a>El punto de reciclaje instalado se encuentra a un costado de la cancha S\u00e9ptimo de L\u00ednea y cuenta con cuatro contenedores de residuos: postconsumo (como botellas de detergente, shampoo, bandejas de carnes, etc), pl\u00e1sticos PET 1 (botellas de pl\u00e1stico, envases de alimentos), latas de aluminio, Tetra pak y cart\u00f3n.<\/p>\n<p>La gesti\u00f3n de los residuos estar\u00e1 a cargo de la <strong>Cooperativa de Trabajo Reciclavida Ilimitada de Playa Ancha<\/strong>, que retirar\u00e1 los residuos semanalmente, los d\u00edas domingo. <strong>Fernando Figueroa, gerente administrativo de la Cooperativa<\/strong>, se\u00f1al\u00f3 que con este punto ser\u00edan nueve los instalados por ellos para aumentar el sistema de reciclaje.<\/p>\n<p>Desde la <strong>OMZ Quebrada Verde Alto, su encargada, Catalina Mu\u00f1oz Contreras<\/strong>, explic\u00f3 que estar\u00e1n apoyando en la gesti\u00f3n de este punto de reciclaje \u201cen coordinar que no se sobrepasen y no se arme un microbasural en el sector\u201d.<\/p>\n<p><a href=\"https:\/\/upla.cl\/noticias\/wp-content\/uploads\/2026\/03\/visionado_del_documenta_upla_tv_2495.jpg\"><img loading=\"lazy\" decoding=\"async\" class=\"alignright size-medium wp-image-195694\" src=\"https:\/\/upla.cl\/noticias\/wp-content\/uploads\/2026\/03\/visionado_del_documenta_upla_tv_2495-300x200.jpg\" alt=\"\" width=\"300\" height=\"200\" srcset=\"https:\/\/upla.cl\/noticias\/wp-content\/uploads\/2026\/03\/visionado_del_documenta_upla_tv_2495-300x200.jpg 300w, https:\/\/upla.cl\/noticias\/wp-content\/uploads\/2026\/03\/visionado_del_documenta_upla_tv_2495-150x100.jpg 150w, https:\/\/upla.cl\/noticias\/wp-content\/uploads\/2026\/03\/visionado_del_documenta_upla_tv_2495-768x512.jpg 768w, https:\/\/upla.cl\/noticias\/wp-content\/uploads\/2026\/03\/visionado_del_documenta_upla_tv_2495.jpg 800w\" sizes=\"auto, (max-width: 300px) 100vw, 300px\" \/><\/a>Asimismo, la encargada adelant\u00f3 que desde el municipio se est\u00e1 preparando la implementaci\u00f3n de la Ley 20.920 en la comuna, que considera un plan piloto de gesti\u00f3n de residuos domiciliarios en coordinaci\u00f3n con recicladores de base y la empresa de reciclaje Resimple.<\/p>\n<p>Por parte del <strong>colectivo Viento Sur, Scarlet Jara Araya<\/strong> destac\u00f3 la instalaci\u00f3n de este punto de reciclaje \u201cporque nuestro objetivo es proteger esta quebrada, que es santuario de la naturaleza. Entonces creemos que con esta iniciativa la gente no va a estar botando las latas de cerveza o las botellas de pl\u00e1stico en cualquier lado. Adem\u00e1s, as\u00ed ayudamos al medio ambiente y generamos conciencia en el barrio\u201d.<\/p>\n<h4><strong>Se\u00f1al\u00e9ticas para la quebrada Los L\u00facumos<\/strong><\/h4>\n<p><strong><a href=\"https:\/\/upla.cl\/noticias\/wp-content\/uploads\/2026\/03\/feria_de_servicios_2495.jpg\"><img loading=\"lazy\" decoding=\"async\" class=\"alignright size-medium wp-image-195697\" src=\"https:\/\/upla.cl\/noticias\/wp-content\/uploads\/2026\/03\/feria_de_servicios_2495-300x200.jpg\" alt=\"\" width=\"300\" height=\"200\" srcset=\"https:\/\/upla.cl\/noticias\/wp-content\/uploads\/2026\/03\/feria_de_servicios_2495-300x200.jpg 300w, https:\/\/upla.cl\/noticias\/wp-content\/uploads\/2026\/03\/feria_de_servicios_2495-150x100.jpg 150w, https:\/\/upla.cl\/noticias\/wp-content\/uploads\/2026\/03\/feria_de_servicios_2495-768x512.jpg 768w, https:\/\/upla.cl\/noticias\/wp-content\/uploads\/2026\/03\/feria_de_servicios_2495.jpg 800w\" sizes=\"auto, (max-width: 300px) 100vw, 300px\" \/><\/a>Francisca Letelier Araos, trabajadora social e integrante del proyecto Entrelazando Saberes<\/strong>, se\u00f1al\u00f3 que este hito culmina el trabajo realizado durante 2025 junto con las organizaciones territoriales y la UPLA, a trav\u00e9s de <strong>estudiantes de la carrera de <a href=\"https:\/\/upla.cl\/facultad\/cienciasnaturalesyexactas\/carreras\/pedagogia-en-biologia-y-ciencias\/\">Pedagog\u00eda en Biolog\u00eda y Ciencias<\/a><\/strong> \u201cpara sensibilizar a parte estrat\u00e9gica de la poblaci\u00f3n en torno al uso correcto del reciclaje.<\/p>\n<p>\u201cEntonces, con la instalaci\u00f3n del punto de reciclaje se cumple un hito de cierre de todo ese trabajo, ya esperando que la poblaci\u00f3n pueda disfrutar, cuidar y reflexionar acerca de los residuos que constantemente estamos produciendo en la cotidianidad\u201d, sostuvo Letelier.<\/p>\n<p><a href=\"https:\/\/upla.cl\/noticias\/wp-content\/uploads\/2026\/03\/frente_murguero_quinta_region_2495.jpg\"><img loading=\"lazy\" decoding=\"async\" class=\"alignright size-medium wp-image-195695\" src=\"https:\/\/upla.cl\/noticias\/wp-content\/uploads\/2026\/03\/frente_murguero_quinta_region_2495-300x200.jpg\" alt=\"\" width=\"300\" height=\"200\" srcset=\"https:\/\/upla.cl\/noticias\/wp-content\/uploads\/2026\/03\/frente_murguero_quinta_region_2495-300x200.jpg 300w, https:\/\/upla.cl\/noticias\/wp-content\/uploads\/2026\/03\/frente_murguero_quinta_region_2495-150x100.jpg 150w, https:\/\/upla.cl\/noticias\/wp-content\/uploads\/2026\/03\/frente_murguero_quinta_region_2495-768x512.jpg 768w, https:\/\/upla.cl\/noticias\/wp-content\/uploads\/2026\/03\/frente_murguero_quinta_region_2495.jpg 800w\" sizes=\"auto, (max-width: 300px) 100vw, 300px\" \/><\/a>La profesional tambi\u00e9n adelant\u00f3 que se est\u00e1 trabajando en la reforestaci\u00f3n con \u00e1rboles nativos y la creaci\u00f3n de un sendero interpretativo en la ladera sur de la quebrada, donde las personas podr\u00e1n disfrutar de la naturaleza y conocer la flora y fauna nativa del sector.<\/p>\n<p><em>Fuente: Esteban Moreno Torres, periodista de la Direcci\u00f3n General de Vinculaci\u00f3n con el Medio<\/em><\/p>\n","protected":false},"excerpt":{"rendered":"<p>La iniciativa forma parte del proyecto de vinculaci\u00f3n con el medio Entrelazando Saberes (ESR UPA 2495) de la Universidad de Playa Ancha, en colaboraci\u00f3n con el colectivo medioambiental Viento Sur, la JJVV N\u00b042 John Kennedy y la OMZ de Quebrada Verde Alto.<\/p>\n","protected":false},"author":10,"featured_media":195696,"comment_status":"closed","ping_status":"open","sticky":false,"template":"","format":"standard","meta":{"footnotes":""},"categories":[51,96,40,97,742,91],"tags":[],"class_list":["post-195693","post","type-post","status-publish","format-standard","has-post-thumbnail","","category-academia","category-academicos","category-destacados","category-estudiantes","category-pedagogia-en-biologia-y-ciencias","category-vinculacion-con-el-medio"],"_links":{"self":[{"href":"https:\/\/upla.cl\/noticias\/wp-json\/wp\/v2\/posts\/195693","targetHints":{"allow":["GET"]}}],"collection":[{"href":"https:\/\/upla.cl\/noticias\/wp-json\/wp\/v2\/posts"}],"about":[{"href":"https:\/\/upla.cl\/noticias\/wp-json\/wp\/v2\/types\/post"}],"author":[{"embeddable":true,"href":"https:\/\/upla.cl\/noticias\/wp-json\/wp\/v2\/users\/10"}],"replies":[{"embeddable":true,"href":"https:\/\/upla.cl\/noticias\/wp-json\/wp\/v2\/comments?post=195693"}],"version-history":[{"count":2,"href":"https:\/\/upla.cl\/noticias\/wp-json\/wp\/v2\/posts\/195693\/revisions"}],"predecessor-version":[{"id":195701,"href":"https:\/\/upla.cl\/noticias\/wp-json\/wp\/v2\/posts\/195693\/revisions\/195701"}],"wp:featuredmedia":[{"embeddable":true,"href":"https:\/\/upla.cl\/noticias\/wp-json\/wp\/v2\/media\/195696"}],"wp:attachment":[{"href":"https:\/\/upla.cl\/noticias\/wp-json\/wp\/v2\/media?parent=195693"}],"wp:term":[{"taxonomy":"category","embeddable":true,"href":"https:\/\/upla.cl\/noticias\/wp-json\/wp\/v2\/categories?post=195693"},{"taxonomy":"post_tag","embeddable":true,"href":"https:\/\/upla.cl\/noticias\/wp-json\/wp\/v2\/tags?post=195693"}],"curies":[{"name":"wp","href":"https:\/\/api.w.org\/{rel}","templated":true}]}}