{"id":195714,"date":"2026-03-18T17:39:17","date_gmt":"2026-03-18T20:39:17","guid":{"rendered":"https:\/\/upla.cl\/noticias\/?p=195714"},"modified":"2026-03-18T17:54:52","modified_gmt":"2026-03-18T20:54:52","slug":"destino-upla-estudiantes-del-mundo-eligen-nuestra-institucion-para-su-formacion-profesional-en-este-semestre","status":"publish","type":"post","link":"https:\/\/upla.cl\/noticias\/2026\/03\/18\/destino-upla-estudiantes-del-mundo-eligen-nuestra-institucion-para-su-formacion-profesional-en-este-semestre\/","title":{"rendered":"Destino UPLA: Estudiantes del mundo eligen nuestra instituci\u00f3n para su formaci\u00f3n profesional en este semestre"},"content":{"rendered":"<p><a href=\"https:\/\/upla.cl\/noticias\/wp-content\/uploads\/2026\/03\/estudiantes_de_intercambio_2026.jpg\"><img loading=\"lazy\" decoding=\"async\" class=\"aligncenter wp-image-195715 size-large\" src=\"https:\/\/upla.cl\/noticias\/wp-content\/uploads\/2026\/03\/estudiantes_de_intercambio_2026-1024x576.jpg\" alt=\"\" width=\"618\" height=\"348\" \/><\/a><\/p>\n<p>La Universidad de Playa Ancha (UPLA) se llen\u00f3 de nuevas energ\u00edas con la llegada de estudiantes internacionales que eligieron nuestra casa de estudios para cursar su primer semestre de 2026, atra\u00eddos por el sello social de su formaci\u00f3n acad\u00e9mica y la riqueza cultural de Valpara\u00edso.<\/p>\n<p>La elecci\u00f3n de nuestra instituci\u00f3n, por parte de 9 j\u00f3venes procedentes de Latinoam\u00e9rica y Europa, responde a una actualizada Pol\u00edtica de Internacionalizaci\u00f3n, acorde a las complejidades de un mundo cada vez m\u00e1s interconectado e interdependiente, as\u00ed como a consolidados lazos de cooperaci\u00f3n institucional que trascienden fronteras.<\/p>\n<p>Un grupo de estudiantes lleg\u00f3 proveniente de la Universidad Nacional de Cuyo y la Universidad Nacional del Noroeste de la Provincia de Buenos Aires, Argentina, y de la Universidade Federal de Minas Gerais, Brasil, quienes vienen por el convenio con la Agrupaci\u00f3n de Universidades Grupo Montevideo (AUGM) .<\/p>\n<p><a href=\"https:\/\/upla.cl\/noticias\/wp-content\/uploads\/2026\/03\/estudiantes_de_intercambio_2026_2.jpg\"><img loading=\"lazy\" decoding=\"async\" class=\"alignright size-medium wp-image-195716\" src=\"https:\/\/upla.cl\/noticias\/wp-content\/uploads\/2026\/03\/estudiantes_de_intercambio_2026_2-300x169.jpg\" alt=\"\" width=\"300\" height=\"169\" srcset=\"https:\/\/upla.cl\/noticias\/wp-content\/uploads\/2026\/03\/estudiantes_de_intercambio_2026_2-300x169.jpg 300w, https:\/\/upla.cl\/noticias\/wp-content\/uploads\/2026\/03\/estudiantes_de_intercambio_2026_2-1024x576.jpg 1024w, https:\/\/upla.cl\/noticias\/wp-content\/uploads\/2026\/03\/estudiantes_de_intercambio_2026_2-150x84.jpg 150w, https:\/\/upla.cl\/noticias\/wp-content\/uploads\/2026\/03\/estudiantes_de_intercambio_2026_2-768x432.jpg 768w, https:\/\/upla.cl\/noticias\/wp-content\/uploads\/2026\/03\/estudiantes_de_intercambio_2026_2.jpg 1156w\" sizes=\"auto, (max-width: 300px) 100vw, 300px\" \/><\/a>El segundo grupo viene por convenios bilaterales, desde la Universidad Veracruzana y de la Universidad de Guadalajara, en M\u00e9xico; y de Sciences PO, en Francia.<\/p>\n<p>Los y las estudiantes fueron recibidos por la <strong>Direcci\u00f3n General de Relaciones Internacionales<\/strong>, que brind\u00f3 un charla inductora de la vida universitaria; luego, la <strong>Direcci\u00f3n de Selecci\u00f3n y Admisi\u00f3n<\/strong> los llev\u00f3 a un recorrido por el campus Valpara\u00edso; posteriormente, el programa de Cueca Urbana de la <strong>Direcci\u00f3n de Deportes y Recreaci\u00f3n<\/strong> present\u00f3 una muestra de nuestro baile nacional; y en la tarde realizaron un recorrido patrimonial por Valpara\u00edso, a cargo de la <strong>Direcci\u00f3n de Turismo del municipio.\u00a0<\/strong><\/p>\n<p>En todas las actividades han estado guiados por los y las tutoras internacionales, estudiantes UPLA que realizaron su movilidad en el semestre anterior y que ahora apoyan a los y las estudiantes entrantes.<\/p>\n<p>Las aulas de esta instituci\u00f3n se enriquecer\u00e1n con las perspectivas globales y multiculturales que aportar\u00e1n los y las estudiantes desde las \u00e1reas del Teatro, Dise\u00f1o, M\u00fasica, Biolog\u00eda, Ingenier\u00eda y Ciencias Sociales. A ellos se suman cinco estudiantes que llegaron el semestre anterior y que decidieron prolongar su estad\u00eda para este 2026.<\/p>\n<p><em>Fuente: Natacha Valenzuela L\u00f3pez, periodista de la Direcci\u00f3n General de Relaciones Exteriores<\/em><\/p>\n","protected":false},"excerpt":{"rendered":"<p>Desde Argentina, Brasil, Francia y M\u00e9xico son los y las estudiantes que este primer semestre se integran a nuestra universidad como parte de los convenios gestionados por la Direcci\u00f3n General de Relaciones Internacionales. <\/p>\n","protected":false},"author":10,"featured_media":195715,"comment_status":"closed","ping_status":"open","sticky":false,"template":"","format":"standard","meta":{"footnotes":""},"categories":[51,96,212,40,97,86],"tags":[],"class_list":["post-195714","post","type-post","status-publish","format-standard","has-post-thumbnail","","category-academia","category-academicos","category-admision","category-destacados","category-estudiantes","category-relaciones-internacionales"],"_links":{"self":[{"href":"https:\/\/upla.cl\/noticias\/wp-json\/wp\/v2\/posts\/195714","targetHints":{"allow":["GET"]}}],"collection":[{"href":"https:\/\/upla.cl\/noticias\/wp-json\/wp\/v2\/posts"}],"about":[{"href":"https:\/\/upla.cl\/noticias\/wp-json\/wp\/v2\/types\/post"}],"author":[{"embeddable":true,"href":"https:\/\/upla.cl\/noticias\/wp-json\/wp\/v2\/users\/10"}],"replies":[{"embeddable":true,"href":"https:\/\/upla.cl\/noticias\/wp-json\/wp\/v2\/comments?post=195714"}],"version-history":[{"count":2,"href":"https:\/\/upla.cl\/noticias\/wp-json\/wp\/v2\/posts\/195714\/revisions"}],"predecessor-version":[{"id":195724,"href":"https:\/\/upla.cl\/noticias\/wp-json\/wp\/v2\/posts\/195714\/revisions\/195724"}],"wp:featuredmedia":[{"embeddable":true,"href":"https:\/\/upla.cl\/noticias\/wp-json\/wp\/v2\/media\/195715"}],"wp:attachment":[{"href":"https:\/\/upla.cl\/noticias\/wp-json\/wp\/v2\/media?parent=195714"}],"wp:term":[{"taxonomy":"category","embeddable":true,"href":"https:\/\/upla.cl\/noticias\/wp-json\/wp\/v2\/categories?post=195714"},{"taxonomy":"post_tag","embeddable":true,"href":"https:\/\/upla.cl\/noticias\/wp-json\/wp\/v2\/tags?post=195714"}],"curies":[{"name":"wp","href":"https:\/\/api.w.org\/{rel}","templated":true}]}}