{"id":195742,"date":"2026-03-19T16:13:34","date_gmt":"2026-03-19T19:13:34","guid":{"rendered":"https:\/\/upla.cl\/noticias\/?p=195742"},"modified":"2026-03-19T17:40:23","modified_gmt":"2026-03-19T20:40:23","slug":"rector-de-la-universidad-de-playa-ancha-asume-la-presidencia-del-consejo-de-rectores-de-valparaiso","status":"publish","type":"post","link":"https:\/\/upla.cl\/noticias\/2026\/03\/19\/rector-de-la-universidad-de-playa-ancha-asume-la-presidencia-del-consejo-de-rectores-de-valparaiso\/","title":{"rendered":"Rector de la Universidad de Playa Ancha asume la presidencia del Consejo  de Rectores de Valpara\u00edso"},"content":{"rendered":"<p><a href=\"https:\/\/upla.cl\/noticias\/wp-content\/uploads\/2026\/03\/CRUV_2026.jpg\"><img loading=\"lazy\" decoding=\"async\" class=\"aligncenter size-large wp-image-195746\" src=\"https:\/\/upla.cl\/noticias\/wp-content\/uploads\/2026\/03\/CRUV_2026-1024x768.jpg\" alt=\"\" width=\"618\" height=\"464\" srcset=\"https:\/\/upla.cl\/noticias\/wp-content\/uploads\/2026\/03\/CRUV_2026-1024x768.jpg 1024w, https:\/\/upla.cl\/noticias\/wp-content\/uploads\/2026\/03\/CRUV_2026-300x225.jpg 300w, https:\/\/upla.cl\/noticias\/wp-content\/uploads\/2026\/03\/CRUV_2026-150x113.jpg 150w, https:\/\/upla.cl\/noticias\/wp-content\/uploads\/2026\/03\/CRUV_2026-768x576.jpg 768w, https:\/\/upla.cl\/noticias\/wp-content\/uploads\/2026\/03\/CRUV_2026-1536x1152.jpg 1536w, https:\/\/upla.cl\/noticias\/wp-content\/uploads\/2026\/03\/CRUV_2026.jpg 1920w\" sizes=\"auto, (max-width: 618px) 100vw, 618px\" \/><\/a><\/p>\n<p>El rector de la Universidad de Playa Ancha, Carlos Gonz\u00e1lez Morales, asumi\u00f3 la presidencia del Consejo de Rectores de Valpara\u00edso por el periodo 2026-2027, tras la sesi\u00f3n desarrollada en la Facultad de Derecho de la Universidad de Valpara\u00edso.<\/p>\n<p>En la instancia estuvieron presentes los rectores de las cuatro casas de estudios superiores<br \/>\nque componen el CRUV: Juan Yuz Eissmann, rector de la Universidad T\u00e9cnica Federico Santa Mar\u00eda, Claudia Mej\u00edas Alonzo, rectora (s) de la Pontificia Universidad Cat\u00f3lica de Valpara\u00edso y Osvaldo Corrales Jorquera, rector de la Universidad de Valpara\u00edso, quien presidi\u00f3 el consejo durante el \u00faltimo periodo 2025-2026.<\/p>\n<p>Con respecto al nombramiento, el <strong>rector Carlos Gonz\u00e1lez<\/strong> manifest\u00f3 que \u201ces un desaf\u00edo importante, toda vez que entendemos que Valpara\u00edso es una ciudad universitaria y que nuestras instituciones hacen un aporte sustantivo tanto en el arte, la cultura, la vinculaci\u00f3n con el medio, en la investigaci\u00f3n y en el trabajo comunitario y solidario en el territorio. Desde nuestra universidad lo que queremos hacer es, justamente, impulsar estas estrategias y mantener el rol que juegan nuestras universidades en este territorio\u201d.<\/p>\n<p><a href=\"https:\/\/upla.cl\/noticias\/wp-content\/uploads\/2026\/03\/CRUV-2_2026.jpg\"><img loading=\"lazy\" decoding=\"async\" class=\"alignright size-medium wp-image-195743\" src=\"https:\/\/upla.cl\/noticias\/wp-content\/uploads\/2026\/03\/CRUV-2_2026-300x225.jpg\" alt=\"\" width=\"300\" height=\"225\" srcset=\"https:\/\/upla.cl\/noticias\/wp-content\/uploads\/2026\/03\/CRUV-2_2026-300x225.jpg 300w, https:\/\/upla.cl\/noticias\/wp-content\/uploads\/2026\/03\/CRUV-2_2026-1024x768.jpg 1024w, https:\/\/upla.cl\/noticias\/wp-content\/uploads\/2026\/03\/CRUV-2_2026-150x113.jpg 150w, https:\/\/upla.cl\/noticias\/wp-content\/uploads\/2026\/03\/CRUV-2_2026-768x576.jpg 768w, https:\/\/upla.cl\/noticias\/wp-content\/uploads\/2026\/03\/CRUV-2_2026-1536x1152.jpg 1536w, https:\/\/upla.cl\/noticias\/wp-content\/uploads\/2026\/03\/CRUV-2_2026.jpg 1920w\" sizes=\"auto, (max-width: 300px) 100vw, 300px\" \/><\/a>Adem\u00e1s, Gonz\u00e1lez explic\u00f3 que \u201csiempre tenemos desaf\u00edos relevantes, m\u00e1s a\u00fan ahora que estamos viviendo un cambio de gobierno, donde mantendremos aquellas cosas que son tradicionales del consejo como hacer ferias educativas, seminarios, el programa Alerta para detecci\u00f3n temprana de VIH, pero queremos robustecer otras m\u00e1s, de manera tal que acciones de cultura, exposiciones, m\u00fasica, actividades deportivas, presentaci\u00f3n de resultados\u00a0 de investigaciones de modo tal de que la sociedad las conozca, fortalecer experiencias de colaboraci\u00f3n con el Gobierno Regional para mejorar las condiciones de nuestro territorio y estar en cada una de las acciones en la cual el CRUV es invitado\u201d.<\/p>\n<p><a href=\"https:\/\/upla.cl\/noticias\/wp-content\/uploads\/2026\/03\/CRUV-1_2026.jpg\"><img loading=\"lazy\" decoding=\"async\" class=\"alignright size-medium wp-image-195745\" src=\"https:\/\/upla.cl\/noticias\/wp-content\/uploads\/2026\/03\/CRUV-1_2026-300x225.jpg\" alt=\"\" width=\"300\" height=\"225\" srcset=\"https:\/\/upla.cl\/noticias\/wp-content\/uploads\/2026\/03\/CRUV-1_2026-300x225.jpg 300w, https:\/\/upla.cl\/noticias\/wp-content\/uploads\/2026\/03\/CRUV-1_2026-1024x768.jpg 1024w, https:\/\/upla.cl\/noticias\/wp-content\/uploads\/2026\/03\/CRUV-1_2026-150x113.jpg 150w, https:\/\/upla.cl\/noticias\/wp-content\/uploads\/2026\/03\/CRUV-1_2026-768x576.jpg 768w, https:\/\/upla.cl\/noticias\/wp-content\/uploads\/2026\/03\/CRUV-1_2026-1536x1152.jpg 1536w, https:\/\/upla.cl\/noticias\/wp-content\/uploads\/2026\/03\/CRUV-1_2026.jpg 1920w\" sizes=\"auto, (max-width: 300px) 100vw, 300px\" \/><\/a>Por su parte, el <strong>rector Osvaldo Corrales<\/strong> agreg\u00f3 que \u201cestamos entreg\u00e1ndole este testimonio a una universidad hermana, la Universidad de Playa Ancha, a su rector Carlos Gonz\u00e1lez. Creemos que hemos avanzado bastante durante este a\u00f1o, pero, por cierto, quedan todav\u00eda tareas que enfrentar y afrontar y le tocar\u00e1, entonces, ahora a la Universidad de Playa Ancha encabezar ese proceso y hacerse cargo de estos desaf\u00edos que han quedado planteados durante este a\u00f1o\u201d.<\/p>\n<p><a href=\"https:\/\/upla.cl\/noticias\/wp-content\/uploads\/2026\/03\/CRUV-3_2026.jpg\"><img loading=\"lazy\" decoding=\"async\" class=\"alignright size-medium wp-image-195744\" src=\"https:\/\/upla.cl\/noticias\/wp-content\/uploads\/2026\/03\/CRUV-3_2026-300x225.jpg\" alt=\"\" width=\"300\" height=\"225\" srcset=\"https:\/\/upla.cl\/noticias\/wp-content\/uploads\/2026\/03\/CRUV-3_2026-300x225.jpg 300w, https:\/\/upla.cl\/noticias\/wp-content\/uploads\/2026\/03\/CRUV-3_2026-1024x768.jpg 1024w, https:\/\/upla.cl\/noticias\/wp-content\/uploads\/2026\/03\/CRUV-3_2026-150x113.jpg 150w, https:\/\/upla.cl\/noticias\/wp-content\/uploads\/2026\/03\/CRUV-3_2026-768x576.jpg 768w, https:\/\/upla.cl\/noticias\/wp-content\/uploads\/2026\/03\/CRUV-3_2026-1536x1152.jpg 1536w, https:\/\/upla.cl\/noticias\/wp-content\/uploads\/2026\/03\/CRUV-3_2026.jpg 1920w\" sizes=\"auto, (max-width: 300px) 100vw, 300px\" \/><\/a>Sobre el trabajo realizado en el periodo 2025-2026, Corrales puntualiz\u00f3 que \u201clos rectores del Consejo hemos concordado en focalizar nuestras acciones en potenciar a la ciudad de Valpara\u00edso como ciudad universitaria. Fuimos testigos que despu\u00e9s de la pandemia nuestra ciudad se ha visto muy deca\u00edda en su actividad comercial y tur\u00edstica, y eso, por supuesto, afecta a el desempe\u00f1o de las universidades. Por eso, hemos desarrollado una alianza estrat\u00e9gica con el Gobierno Regional y el gobierno comunal, hemos participado del espacio de la Alianza para el Desarrollo de la Regi\u00f3n de Valpara\u00edso, hemos tenido un protagonismo en el proyecto que la secretar\u00eda general del acuerdo del BBNJ se instale en Valpara\u00edso, nos hemos comprometido en acciones concretas de desarrollo territorial para que Valpara\u00edso recupere su car\u00e1cter universitario y de capital cultural\u201d.<\/p>\n<p><iframe loading=\"lazy\" width=\"560\" height=\"315\" src=\"https:\/\/www.youtube.com\/embed\/MFy2loIiZqQ?si=HFBcTZxe3EncUttR\" title=\"YouTube video player\" frameborder=\"0\" allow=\"accelerometer; autoplay; clipboard-write; encrypted-media; gyroscope; picture-in-picture; web-share\" referrerpolicy=\"strict-origin-when-cross-origin\" allowfullscreen><\/iframe><\/p>\n","protected":false},"excerpt":{"rendered":"<p>Carlos Gonz\u00e1lez Morales liderar\u00e1 el organismo que agrupa a las principales universidades de la Regi\u00f3n de Valpara\u00edso, en el per\u00edodo 2026-2027.<\/p>\n","protected":false},"author":10,"featured_media":195749,"comment_status":"closed","ping_status":"open","sticky":false,"template":"","format":"standard","meta":{"footnotes":""},"categories":[96,51,40,98,113],"tags":[],"class_list":["post-195742","post","type-post","status-publish","format-standard","has-post-thumbnail","","category-academicos","category-academia","category-destacados","category-gestion","category-universidades-en-red"],"_links":{"self":[{"href":"https:\/\/upla.cl\/noticias\/wp-json\/wp\/v2\/posts\/195742","targetHints":{"allow":["GET"]}}],"collection":[{"href":"https:\/\/upla.cl\/noticias\/wp-json\/wp\/v2\/posts"}],"about":[{"href":"https:\/\/upla.cl\/noticias\/wp-json\/wp\/v2\/types\/post"}],"author":[{"embeddable":true,"href":"https:\/\/upla.cl\/noticias\/wp-json\/wp\/v2\/users\/10"}],"replies":[{"embeddable":true,"href":"https:\/\/upla.cl\/noticias\/wp-json\/wp\/v2\/comments?post=195742"}],"version-history":[{"count":2,"href":"https:\/\/upla.cl\/noticias\/wp-json\/wp\/v2\/posts\/195742\/revisions"}],"predecessor-version":[{"id":195761,"href":"https:\/\/upla.cl\/noticias\/wp-json\/wp\/v2\/posts\/195742\/revisions\/195761"}],"wp:featuredmedia":[{"embeddable":true,"href":"https:\/\/upla.cl\/noticias\/wp-json\/wp\/v2\/media\/195749"}],"wp:attachment":[{"href":"https:\/\/upla.cl\/noticias\/wp-json\/wp\/v2\/media?parent=195742"}],"wp:term":[{"taxonomy":"category","embeddable":true,"href":"https:\/\/upla.cl\/noticias\/wp-json\/wp\/v2\/categories?post=195742"},{"taxonomy":"post_tag","embeddable":true,"href":"https:\/\/upla.cl\/noticias\/wp-json\/wp\/v2\/tags?post=195742"}],"curies":[{"name":"wp","href":"https:\/\/api.w.org\/{rel}","templated":true}]}}