{"id":195793,"date":"2026-03-20T16:20:27","date_gmt":"2026-03-20T19:20:27","guid":{"rendered":"https:\/\/upla.cl\/noticias\/?p=195793"},"modified":"2026-03-26T11:43:56","modified_gmt":"2026-03-26T14:43:56","slug":"upla-asume-la-presidencia-de-la-red-de-educacion-superior-inclusiva-y-refuerza-su-compromiso-con-la-equidad","status":"publish","type":"post","link":"https:\/\/upla.cl\/noticias\/2026\/03\/20\/upla-asume-la-presidencia-de-la-red-de-educacion-superior-inclusiva-y-refuerza-su-compromiso-con-la-equidad\/","title":{"rendered":"UPLA asume la presidencia de la Red de Educaci\u00f3n Superior Inclusiva y refuerza su compromiso con la equidad"},"content":{"rendered":"<p><img loading=\"lazy\" decoding=\"async\" class=\"aligncenter wp-image-195794 size-large\" src=\"https:\/\/upla.cl\/noticias\/wp-content\/uploads\/2026\/03\/IMG_5926-1024x683.jpg\" alt=\"\" width=\"618\" height=\"412\" srcset=\"https:\/\/upla.cl\/noticias\/wp-content\/uploads\/2026\/03\/IMG_5926-1024x683.jpg 1024w, https:\/\/upla.cl\/noticias\/wp-content\/uploads\/2026\/03\/IMG_5926-300x200.jpg 300w, https:\/\/upla.cl\/noticias\/wp-content\/uploads\/2026\/03\/IMG_5926-150x100.jpg 150w, https:\/\/upla.cl\/noticias\/wp-content\/uploads\/2026\/03\/IMG_5926-768x512.jpg 768w, https:\/\/upla.cl\/noticias\/wp-content\/uploads\/2026\/03\/IMG_5926-1536x1024.jpg 1536w, https:\/\/upla.cl\/noticias\/wp-content\/uploads\/2026\/03\/IMG_5926-2048x1365.jpg 2048w\" sizes=\"auto, (max-width: 618px) 100vw, 618px\" \/><\/p>\n<p>En el marco del fortalecimiento de pol\u00edticas que promueven el acceso inclusivo a la educaci\u00f3n superior, la Universidad de Playa Ancha (UPLA) fue sede del primer encuentro 2026 de la <strong>Red de Educaci\u00f3n Superior Inclusiva (RESI)<\/strong>, instancia en la que, adem\u00e1s, asumi\u00f3 la presidencia de esta red en la regi\u00f3n de Valpara\u00edso.<\/p>\n<p>La jornada cont\u00f3 con la participaci\u00f3n de representantes de distintas instituciones, as\u00ed como del rector de la UPLA y del equipo de la Unidad de Acompa\u00f1amiento Estudiantil (UAE), quienes abordaron los principales desaf\u00edos y proyecciones en materia de educaci\u00f3n inclusiva.<\/p>\n<p>Durante la actividad, se gener\u00f3 un espacio de reflexi\u00f3n en el que los participantes compartieron sus experiencias en torno a la construcci\u00f3n de una ense\u00f1anza equitativa. Asimismo, se busc\u00f3 fortalecer el trabajo colaborativo entre las instituciones de la red, a trav\u00e9s de estrategias que permiten avanzar hacia entornos educativos m\u00e1s accesibles.<\/p>\n<p><img loading=\"lazy\" decoding=\"async\" class=\"alignright wp-image-195795 size-medium\" src=\"https:\/\/upla.cl\/noticias\/wp-content\/uploads\/2026\/03\/resi-300x169.jpeg\" alt=\"\" width=\"300\" height=\"169\" srcset=\"https:\/\/upla.cl\/noticias\/wp-content\/uploads\/2026\/03\/resi-300x169.jpeg 300w, https:\/\/upla.cl\/noticias\/wp-content\/uploads\/2026\/03\/resi-1024x577.jpeg 1024w, https:\/\/upla.cl\/noticias\/wp-content\/uploads\/2026\/03\/resi-150x85.jpeg 150w, https:\/\/upla.cl\/noticias\/wp-content\/uploads\/2026\/03\/resi-768x433.jpeg 768w, https:\/\/upla.cl\/noticias\/wp-content\/uploads\/2026\/03\/resi-1536x866.jpeg 1536w, https:\/\/upla.cl\/noticias\/wp-content\/uploads\/2026\/03\/resi.jpeg 1600w\" sizes=\"auto, (max-width: 300px) 100vw, 300px\" \/><\/p>\n<p>En ese sentido, la<strong> coordinadora de la Unidad de Acompa\u00f1amiento Estudiantil, Mar\u00eda Teresa Hidalgo Neira<\/strong>, valor\u00f3 el trabajo en equipo que se ha realizado en la agrupaci\u00f3n. \u201cEl trabajo con otras universidades nos permite ir avanzando coordinadamente en aspectos que tienen relaci\u00f3n con la accesibilidad y, por lo tanto, con la inclusi\u00f3n en educaci\u00f3n superior. Nos pone el desaf\u00edo de fijar est\u00e1ndares y compartir recursos, principalmente, entre las instituciones que componen esta red\u201d.<\/p>\n<p>Por otro lado, el <strong>rector Carlos Gonz\u00e1lez Morales<\/strong>, enfatiz\u00f3 la importancia que tiene para la casa de estudios hacerse cargo de la presidencia de la RESI: \u201cAsumir un rol de liderazgo es muy importante para nuestra universidad. Nos pone en un punto de inflexi\u00f3n respecto a las innovaciones, a los cambios y a la instalaci\u00f3n de pol\u00edticas inclusivas en los procesos formativos y en el quehacer institucional\u201d.<\/p>\n<p>Finalmente, el <strong>coordinador ejecutivo de la UAE, Jos\u00e9 Ignacio D\u00edaz Aros<\/strong>, afirm\u00f3 que \u201cla inclusi\u00f3n en educaci\u00f3n superior es un proceso en constante construcci\u00f3n y tensi\u00f3n. M\u00e1s que un punto de llegada, implica avanzar de manera sostenida en garantizar el acceso, la participaci\u00f3n y el bienestar de toda la comunidad estudiantil, reconociendo la diversidad como parte constitutiva de la vida universitaria\u201d.<\/p>\n","protected":false},"excerpt":{"rendered":"<p>La Universidad de Playa Ancha asumi\u00f3 la presidencia de la Red de Educaci\u00f3n Superior Inclusiva, convocando a distintas instituciones para abordar los desaf\u00edos de una educaci\u00f3n equitativa.<\/p>\n","protected":false},"author":22,"featured_media":195794,"comment_status":"closed","ping_status":"open","sticky":false,"template":"","format":"standard","meta":{"footnotes":""},"categories":[40,98,122,136,90,113],"tags":[],"class_list":["post-195793","post","type-post","status-publish","format-standard","has-post-thumbnail","","category-destacados","category-gestion","category-inclusion","category-pace-upla","category-uae","category-universidades-en-red"],"_links":{"self":[{"href":"https:\/\/upla.cl\/noticias\/wp-json\/wp\/v2\/posts\/195793","targetHints":{"allow":["GET"]}}],"collection":[{"href":"https:\/\/upla.cl\/noticias\/wp-json\/wp\/v2\/posts"}],"about":[{"href":"https:\/\/upla.cl\/noticias\/wp-json\/wp\/v2\/types\/post"}],"author":[{"embeddable":true,"href":"https:\/\/upla.cl\/noticias\/wp-json\/wp\/v2\/users\/22"}],"replies":[{"embeddable":true,"href":"https:\/\/upla.cl\/noticias\/wp-json\/wp\/v2\/comments?post=195793"}],"version-history":[{"count":3,"href":"https:\/\/upla.cl\/noticias\/wp-json\/wp\/v2\/posts\/195793\/revisions"}],"predecessor-version":[{"id":195945,"href":"https:\/\/upla.cl\/noticias\/wp-json\/wp\/v2\/posts\/195793\/revisions\/195945"}],"wp:featuredmedia":[{"embeddable":true,"href":"https:\/\/upla.cl\/noticias\/wp-json\/wp\/v2\/media\/195794"}],"wp:attachment":[{"href":"https:\/\/upla.cl\/noticias\/wp-json\/wp\/v2\/media?parent=195793"}],"wp:term":[{"taxonomy":"category","embeddable":true,"href":"https:\/\/upla.cl\/noticias\/wp-json\/wp\/v2\/categories?post=195793"},{"taxonomy":"post_tag","embeddable":true,"href":"https:\/\/upla.cl\/noticias\/wp-json\/wp\/v2\/tags?post=195793"}],"curies":[{"name":"wp","href":"https:\/\/api.w.org\/{rel}","templated":true}]}}