{"id":195816,"date":"2026-03-20T12:23:53","date_gmt":"2026-03-20T15:23:53","guid":{"rendered":"https:\/\/upla.cl\/noticias\/?p=195816"},"modified":"2026-03-20T17:30:29","modified_gmt":"2026-03-20T20:30:29","slug":"upla-tv-estrena-automatas-serie-que-aborda-el-uso-de-la-tecnologia-desde-valparaiso","status":"publish","type":"post","link":"https:\/\/upla.cl\/noticias\/2026\/03\/20\/upla-tv-estrena-automatas-serie-que-aborda-el-uso-de-la-tecnologia-desde-valparaiso\/","title":{"rendered":"UPLA TV estrena \u201cAut\u00f3matas\u201d serie que aborda el uso de la tecnolog\u00eda desde Valpara\u00edso"},"content":{"rendered":"<p><a href=\"https:\/\/upla.cl\/noticias\/wp-content\/uploads\/2026\/03\/automatas_uplatv_estreno2026_4.jpg\"><img loading=\"lazy\" decoding=\"async\" class=\"alignright wp-image-195830\" src=\"https:\/\/upla.cl\/noticias\/wp-content\/uploads\/2026\/03\/automatas_uplatv_estreno2026_4.jpg\" alt=\"\" width=\"350\" height=\"197\" srcset=\"https:\/\/upla.cl\/noticias\/wp-content\/uploads\/2026\/03\/automatas_uplatv_estreno2026_4.jpg 1920w, https:\/\/upla.cl\/noticias\/wp-content\/uploads\/2026\/03\/automatas_uplatv_estreno2026_4-300x169.jpg 300w, https:\/\/upla.cl\/noticias\/wp-content\/uploads\/2026\/03\/automatas_uplatv_estreno2026_4-1024x576.jpg 1024w, https:\/\/upla.cl\/noticias\/wp-content\/uploads\/2026\/03\/automatas_uplatv_estreno2026_4-150x84.jpg 150w, https:\/\/upla.cl\/noticias\/wp-content\/uploads\/2026\/03\/automatas_uplatv_estreno2026_4-768x432.jpg 768w, https:\/\/upla.cl\/noticias\/wp-content\/uploads\/2026\/03\/automatas_uplatv_estreno2026_4-1536x864.jpg 1536w\" sizes=\"auto, (max-width: 350px) 100vw, 350px\" \/><\/a>El canal universitario de televisi\u00f3n p\u00fablica UPLA TV, en conjunto con el Laboratorio de Data Science (<a href=\"https:\/\/www.datoslab.cl\" target=\"_blank\" rel=\"noopener\">DatosLab.cl<\/a>) de la Facultad de Ingenier\u00eda de la Universidad de Playa Ancha estrenar\u00e1 la <strong>serie \u00abAut\u00f3matas: Inteligencia Artificial en el quehacer humano\u00bb<\/strong>, que cont\u00f3 con financiamiento del Ministerio de Ciencia, Tecnolog\u00eda, Conocimiento e Innovaci\u00f3n por medio del Concurso de Ciencia P\u00fablica 2025.<\/p>\n<p>Dicho dispositivo de comunicaci\u00f3n y divulgaci\u00f3n cient\u00edfica fue grabado en la ciudad de Valpara\u00edso y est\u00e1 orientado a un p\u00fablico que usa tecnolog\u00eda m\u00e1s all\u00e1 de las aulas acad\u00e9micas.<\/p>\n<p><a href=\"https:\/\/upla.cl\/noticias\/wp-content\/uploads\/2026\/03\/automatas_uplatv_estreno2026_2.jpg\"><img loading=\"lazy\" decoding=\"async\" class=\"alignright wp-image-195828\" src=\"https:\/\/upla.cl\/noticias\/wp-content\/uploads\/2026\/03\/automatas_uplatv_estreno2026_2.jpg\" alt=\"\" width=\"350\" height=\"197\" srcset=\"https:\/\/upla.cl\/noticias\/wp-content\/uploads\/2026\/03\/automatas_uplatv_estreno2026_2.jpg 1920w, https:\/\/upla.cl\/noticias\/wp-content\/uploads\/2026\/03\/automatas_uplatv_estreno2026_2-300x169.jpg 300w, https:\/\/upla.cl\/noticias\/wp-content\/uploads\/2026\/03\/automatas_uplatv_estreno2026_2-1024x576.jpg 1024w, https:\/\/upla.cl\/noticias\/wp-content\/uploads\/2026\/03\/automatas_uplatv_estreno2026_2-150x84.jpg 150w, https:\/\/upla.cl\/noticias\/wp-content\/uploads\/2026\/03\/automatas_uplatv_estreno2026_2-768x432.jpg 768w, https:\/\/upla.cl\/noticias\/wp-content\/uploads\/2026\/03\/automatas_uplatv_estreno2026_2-1536x864.jpg 1536w\" sizes=\"auto, (max-width: 350px) 100vw, 350px\" \/><\/a>La serie repasa aspectos como los antecedentes hist\u00f3ricos y socio t\u00e9cnicos de las tecnolog\u00edas de Inteligencia Artificial y el an\u00e1lisis de datos, las principales tecnolog\u00edas con las que interactuamos en el cotidiano y sus implicancias. En el \u00e1mbito de la econom\u00eda y el trabajo, se plantean reflexiones sobre las principales tecnolog\u00edas que se utilizan con el fin de optimizar procesos productivos, adem\u00e1s de los aspectos socio pol\u00edticos que implican estos avances.<\/p>\n<p><strong>Aut\u00f3matas<\/strong> tambi\u00e9n ahonda en la potencial contribuci\u00f3n de este tipo de desarrollos a los campos del arte y la cultura, buscando apoyar a la visibilizaci\u00f3n de iniciativas formativas, culturales y de memoria locales que utilizan, en distintos grados, tecnolog\u00edas para generar espacios de creaci\u00f3n y encuentro social, sin dejar de lado la reflexi\u00f3n sobre propiedad intelectual. Adem\u00e1s, en el \u00e1mbito de la educaci\u00f3n, diversos profesores y profesoras eval\u00faan los beneficios de la necesidad de alfabetizaci\u00f3n digital y las aplicaciones de mecanismos de Inteligencia Artificial que pueden facilitar tanto la docencia como el aprendizaje.<\/p>\n<h4><strong>Una producci\u00f3n audiovisual de Valpara\u00edso hacia otras regiones<\/strong><\/h4>\n<p><a href=\"https:\/\/upla.cl\/noticias\/wp-content\/uploads\/2026\/03\/automatas_uplatv_estreno2026_3.jpg\"><img loading=\"lazy\" decoding=\"async\" class=\"alignright wp-image-195829\" src=\"https:\/\/upla.cl\/noticias\/wp-content\/uploads\/2026\/03\/automatas_uplatv_estreno2026_3.jpg\" alt=\"\" width=\"350\" height=\"197\" srcset=\"https:\/\/upla.cl\/noticias\/wp-content\/uploads\/2026\/03\/automatas_uplatv_estreno2026_3.jpg 1920w, https:\/\/upla.cl\/noticias\/wp-content\/uploads\/2026\/03\/automatas_uplatv_estreno2026_3-300x169.jpg 300w, https:\/\/upla.cl\/noticias\/wp-content\/uploads\/2026\/03\/automatas_uplatv_estreno2026_3-1024x576.jpg 1024w, https:\/\/upla.cl\/noticias\/wp-content\/uploads\/2026\/03\/automatas_uplatv_estreno2026_3-150x84.jpg 150w, https:\/\/upla.cl\/noticias\/wp-content\/uploads\/2026\/03\/automatas_uplatv_estreno2026_3-768x432.jpg 768w, https:\/\/upla.cl\/noticias\/wp-content\/uploads\/2026\/03\/automatas_uplatv_estreno2026_3-1536x864.jpg 1536w\" sizes=\"auto, (max-width: 350px) 100vw, 350px\" \/><\/a>Valpara\u00edso se destaca por importantes polos de investigaci\u00f3n universitaria al albergar distintas casas de estudio que se dedican al estudio y desarrollo de trabajos en el campo de la ciencia y tecnolog\u00eda. La presencia de instituciones como la Universidad T\u00e9cnica Federico Santa Mar\u00eda, la Pontificia Universidad Cat\u00f3lica de Valpara\u00edso y la Universidad de Playa Ancha, que se encuentran constantemente realizando investigaci\u00f3n en la regi\u00f3n, sumada a distintas iniciativas art\u00edsticas y culturales que utilizan tecnolog\u00eda para socializar conocimientos y memorias territoriales, hacen de la ciudad y sus problem\u00e1ticas un campo f\u00e9rtil para investigadores e investigadoras.<\/p>\n<p>\u201cPara nuestro equipo, Aut\u00f3matas representa el resultado de un trabajo profundamente colaborativo, destacando especialmente la disposici\u00f3n y visi\u00f3n de nuestra Universidad, a trav\u00e9s de DatosLab, que ha sido un socio estrat\u00e9gico clave en este proceso\u201d, explic\u00f3 el <strong>director de UPLA TV, Marcelo Tapia Olmedo<\/strong>.<\/p>\n<p><a href=\"https:\/\/upla.cl\/noticias\/wp-content\/uploads\/2026\/03\/automatas_uplatv_estreno2026_1.jpg\"><img loading=\"lazy\" decoding=\"async\" class=\"alignright wp-image-195827\" src=\"https:\/\/upla.cl\/noticias\/wp-content\/uploads\/2026\/03\/automatas_uplatv_estreno2026_1.jpg\" alt=\"\" width=\"350\" height=\"197\" srcset=\"https:\/\/upla.cl\/noticias\/wp-content\/uploads\/2026\/03\/automatas_uplatv_estreno2026_1.jpg 1920w, https:\/\/upla.cl\/noticias\/wp-content\/uploads\/2026\/03\/automatas_uplatv_estreno2026_1-300x169.jpg 300w, https:\/\/upla.cl\/noticias\/wp-content\/uploads\/2026\/03\/automatas_uplatv_estreno2026_1-1024x576.jpg 1024w, https:\/\/upla.cl\/noticias\/wp-content\/uploads\/2026\/03\/automatas_uplatv_estreno2026_1-150x84.jpg 150w, https:\/\/upla.cl\/noticias\/wp-content\/uploads\/2026\/03\/automatas_uplatv_estreno2026_1-768x432.jpg 768w, https:\/\/upla.cl\/noticias\/wp-content\/uploads\/2026\/03\/automatas_uplatv_estreno2026_1-1536x864.jpg 1536w\" sizes=\"auto, (max-width: 350px) 100vw, 350px\" \/><\/a>\u201cEste proyecto tambi\u00e9n se nutre del di\u00e1logo con otras casas de estudio de la regi\u00f3n, lo que da cuenta de un ecosistema acad\u00e9mico y cultural activo, que desde Valpara\u00edso proyecta conocimiento hacia el pa\u00eds. En ese sentido, abordar la Inteligencia Artificial desde el territorio, con una mirada cr\u00edtica y situada, nos permite como universidad p\u00fablica asumir un rol relevante, posicion\u00e1ndonos como un referente en la divulgaci\u00f3n y reflexi\u00f3n sobre uno de los temas m\u00e1s determinantes de nuestro tiempo. Aut\u00f3matas es, precisamente, una invitaci\u00f3n a pensar la tecnolog\u00eda desde lo colectivo y con sentido social\u201d, enfatiz\u00f3 el profesional.<\/p>\n<p>Los estrenos se realizar\u00e1n de manera quincenal en la web de UPLA TV (<a href=\"https:\/\/www.uplatv.cl\" target=\"_blank\" rel=\"noopener\">uplatv.cl<\/a>), en su p\u00e1gina de Instagram (<a href=\"https:\/\/www.instagram.com\/uplatv\/\" target=\"_blank\" rel=\"noopener\">https:\/\/www.instagram.com\/uplatv\/<\/a>) y en el portal institucional de la Universidad de Playa Ancha (<a href=\"https:\/\/www.upla.cl\" target=\"_blank\" rel=\"noopener\">upla.cl<\/a>). Adem\u00e1s, la serie ser\u00e1 distribuida por <a href=\"https:\/\/www.uestv.cl\" target=\"_blank\" rel=\"noopener\"><strong>UESTV+<\/strong><\/a>, <a href=\"https:\/\/uchile.cl\/uchiletv\" target=\"_blank\" rel=\"noopener\"><strong>UChileTV<\/strong><\/a> y <strong>STGO.TV<\/strong>, importantes canales universitarios presentes en la se\u00f1al digital terrestre. Alineados con el compromiso de difundir los conocimientos producidos desde la Universidad hacia la comunidad, <strong>Aut\u00f3matas<\/strong> estar\u00e1 disponible para su descarga gratuita en <strong>uplatv.cl<\/strong>.<\/p>\n<h6>Fuente: Maite M\u00e9rida Baeza, productora de UPLA TV.<\/h6>\n","protected":false},"excerpt":{"rendered":"<p>La propuesta audiovisual explora diversos espacios acad\u00e9micos, proyectos y conocimientos cient\u00edficos producidos en la ciudad, problematizando el uso de la Inteligencia Artificial y el an\u00e1lisis de datos desde la vida cotidiana, el trabajo, la econom\u00eda y la educaci\u00f3n. El primer cap\u00edtulo estar\u00e1 disponible el jueves 26 de marzo por las plataformas de UPLA TV y upla.cl.<\/p>\n","protected":false},"author":2,"featured_media":195830,"comment_status":"closed","ping_status":"open","sticky":false,"template":"","format":"standard","meta":{"footnotes":""},"categories":[40,51,96,101,78,206,43,113,137,91],"tags":[],"class_list":["post-195816","post","type-post","status-publish","format-standard","has-post-thumbnail","","category-destacados","category-academia","category-academicos","category-docencia","category-facultad-de-ingenieria","category-innovacion","category-investigacion","category-universidades-en-red","category-upla-tv","category-vinculacion-con-el-medio"],"_links":{"self":[{"href":"https:\/\/upla.cl\/noticias\/wp-json\/wp\/v2\/posts\/195816","targetHints":{"allow":["GET"]}}],"collection":[{"href":"https:\/\/upla.cl\/noticias\/wp-json\/wp\/v2\/posts"}],"about":[{"href":"https:\/\/upla.cl\/noticias\/wp-json\/wp\/v2\/types\/post"}],"author":[{"embeddable":true,"href":"https:\/\/upla.cl\/noticias\/wp-json\/wp\/v2\/users\/2"}],"replies":[{"embeddable":true,"href":"https:\/\/upla.cl\/noticias\/wp-json\/wp\/v2\/comments?post=195816"}],"version-history":[{"count":5,"href":"https:\/\/upla.cl\/noticias\/wp-json\/wp\/v2\/posts\/195816\/revisions"}],"predecessor-version":[{"id":195833,"href":"https:\/\/upla.cl\/noticias\/wp-json\/wp\/v2\/posts\/195816\/revisions\/195833"}],"wp:featuredmedia":[{"embeddable":true,"href":"https:\/\/upla.cl\/noticias\/wp-json\/wp\/v2\/media\/195830"}],"wp:attachment":[{"href":"https:\/\/upla.cl\/noticias\/wp-json\/wp\/v2\/media?parent=195816"}],"wp:term":[{"taxonomy":"category","embeddable":true,"href":"https:\/\/upla.cl\/noticias\/wp-json\/wp\/v2\/categories?post=195816"},{"taxonomy":"post_tag","embeddable":true,"href":"https:\/\/upla.cl\/noticias\/wp-json\/wp\/v2\/tags?post=195816"}],"curies":[{"name":"wp","href":"https:\/\/api.w.org\/{rel}","templated":true}]}}