{"id":195838,"date":"2026-03-23T13:55:36","date_gmt":"2026-03-23T16:55:36","guid":{"rendered":"https:\/\/upla.cl\/noticias\/?p=195838"},"modified":"2026-03-23T13:55:36","modified_gmt":"2026-03-23T16:55:36","slug":"libro-que-aborda-los-lugares-de-memoria-en-la-dramaturgia-de-valparaiso-sera-presentado-en-la-upla","status":"publish","type":"post","link":"https:\/\/upla.cl\/noticias\/2026\/03\/23\/libro-que-aborda-los-lugares-de-memoria-en-la-dramaturgia-de-valparaiso-sera-presentado-en-la-upla\/","title":{"rendered":"Libro que aborda los lugares de memoria en la dramaturgia de Valpara\u00edso ser\u00e1 presentado en la UPLA"},"content":{"rendered":"<p><a href=\"https:\/\/upla.cl\/noticias\/wp-content\/uploads\/2026\/03\/Afiche.jpg\"><img loading=\"lazy\" decoding=\"async\" class=\"alignright  wp-image-195839\" src=\"https:\/\/upla.cl\/noticias\/wp-content\/uploads\/2026\/03\/Afiche-819x1024.jpg\" alt=\"\" width=\"331\" height=\"414\" srcset=\"https:\/\/upla.cl\/noticias\/wp-content\/uploads\/2026\/03\/Afiche-819x1024.jpg 819w, https:\/\/upla.cl\/noticias\/wp-content\/uploads\/2026\/03\/Afiche-240x300.jpg 240w, https:\/\/upla.cl\/noticias\/wp-content\/uploads\/2026\/03\/Afiche-120x150.jpg 120w, https:\/\/upla.cl\/noticias\/wp-content\/uploads\/2026\/03\/Afiche-768x960.jpg 768w, https:\/\/upla.cl\/noticias\/wp-content\/uploads\/2026\/03\/Afiche.jpg 1080w\" sizes=\"auto, (max-width: 331px) 100vw, 331px\" \/><\/a><strong>\u201cLugares de Memoria en la dramaturgia de Valpara\u00edso: escrituras de espacios, cuidad, territorios y representaci\u00f3n\u201d,<\/strong> se titula el <strong>libro que el acad\u00e9mico de la carrera de Teatro de la Facultad de Arte y director de la Sala de Arte Esc\u00e9nico UPLA, Giulio Ferretto Salinas, presentar\u00e1 el jueves 26 de marzo de 2026, a las 18.30 horas,<\/strong> en la Sala de Arte Esc\u00e9nico de la Universidad de Playa Ancha.<\/p>\n<p>La publicaci\u00f3n de 267 p\u00e1ginas, editada por RIL Editores, es el resultado de una investigaci\u00f3n que <strong>aborda el concepto de lugares de memoria en la dramaturgia de Valpara\u00edso, durante el periodo comprendido entre 2000 y 2015.<\/strong> Su puesta en circulaci\u00f3n se concret\u00f3 gracias al financiamiento del <strong>Ministerio de las Culturas, las Artes y el Patrimonio, a trav\u00e9s del Fondo del Libro, convocatoria 2025.<\/strong><\/p>\n<p>Entre las <strong>obras analizadas<\/strong> se encuentran <strong>\u201cTodo es Cancha\u201d y \u201cI Love Valpo\u201d de la compa\u00f1\u00eda Teatro La Peste; \u201cTsunami\u201d de Jenny Pino; \u201cCorral Ajeno\u201d de la compa\u00f1\u00eda La Malinche y \u201cDubois Santo Asesino\u201d de la compa\u00f1\u00eda La Turba.<\/strong><\/p>\n<p>De esta forma <strong>la investigaci\u00f3n busca establecer la relaci\u00f3n entre memoria, espacio urbano y dramaturgia,<\/strong> procurando establecer profundizaciones te\u00f3ricas para el concepto de lugar como factor que incide en la construcci\u00f3n e interpretaci\u00f3n del pasado en los textos dram\u00e1ticos porte\u00f1os.<\/p>\n<p>El concepto de lugar de memoria, desarrollado por el historiador Franc\u00e9s Pierre Nora, <strong>se entiende como el pasado situado no solo en un espacio f\u00edsico urbano, sino tambi\u00e9n en los significados y funciones de los sitios vinculados al recuerdo.<\/strong> El libro lo relaciona con la teatralidad y el espacio como formas de representar el pasado regional, permitiendo reconstruir la escena testimonial, cr\u00edtica y visual de este periodo en Valpara\u00edso.<\/p>\n<p><a href=\"https:\/\/upla.cl\/noticias\/wp-content\/uploads\/2026\/03\/GiulioFerretto2.jpg\"><img loading=\"lazy\" decoding=\"async\" class=\"alignright size-medium wp-image-195842\" src=\"https:\/\/upla.cl\/noticias\/wp-content\/uploads\/2026\/03\/GiulioFerretto2-300x200.jpg\" alt=\"\" width=\"300\" height=\"200\" srcset=\"https:\/\/upla.cl\/noticias\/wp-content\/uploads\/2026\/03\/GiulioFerretto2-300x200.jpg 300w, https:\/\/upla.cl\/noticias\/wp-content\/uploads\/2026\/03\/GiulioFerretto2-1024x681.jpg 1024w, https:\/\/upla.cl\/noticias\/wp-content\/uploads\/2026\/03\/GiulioFerretto2-150x100.jpg 150w, https:\/\/upla.cl\/noticias\/wp-content\/uploads\/2026\/03\/GiulioFerretto2-768x511.jpg 768w, https:\/\/upla.cl\/noticias\/wp-content\/uploads\/2026\/03\/GiulioFerretto2-1536x1022.jpg 1536w, https:\/\/upla.cl\/noticias\/wp-content\/uploads\/2026\/03\/GiulioFerretto2.jpg 1920w\" sizes=\"auto, (max-width: 300px) 100vw, 300px\" \/><\/a>En ese contexto, <strong>Giulio Ferretto Salinas explic\u00f3<\/strong> que esta investigaci\u00f3n \u201csurgi\u00f3 hace muchos a\u00f1os como inter\u00e9s personal. <strong>En los noventa empec\u00e9 a leer mucho sobre estudios de memoria, primero de muchas posiciones sobre el tema de la memoria universal;<\/strong> siempre nos conectamos con el Holocausto, con el tema de Alemania, de los jud\u00edos y de los nazis, y despu\u00e9s viene como a tomar el centro de Latinoam\u00e9rica con las dictaduras, pero toma fuerza en el contexto del doctorado en Estudios Hisp\u00e1nicos avanzados en la Universitat de Valencia que realic\u00e9 en 2013\u201d.<\/p>\n<p>Cabe mencionar, que <strong>la presentaci\u00f3n del libro estar\u00e1 a cargo de la Dra. en filosof\u00eda Mar\u00eda Lorena Saavedra,<\/strong> acad\u00e9mica e investigadora teatral de la Escuela de Teatro de la Pontificia Universidad Cat\u00f3lica de Chile, <strong>y Fabiola Ariadna Ruiz, dramaturga y directora esc\u00e9nica de la compa\u00f1\u00eda La Malinche,<\/strong> cuya obra \u201cCorral Ajeno\u201d es una de las puestas en escena analizadas por Ferretto.<\/p>\n","protected":false},"excerpt":{"rendered":"<p>La publicaci\u00f3n, del investigador teatral Giulio Ferretto Salinas, \u201cLugares de Memoria en la dramaturgia de Valpara\u00edso: escrituras de espacios, cuidad, territorios y representaci\u00f3n\u201d, se exhibir\u00e1 el jueves 26 de marzo (18:30 horas) en la Sala de Arte Esc\u00e9nico de la universidad.<\/p>\n","protected":false},"author":21,"featured_media":195839,"comment_status":"closed","ping_status":"open","sticky":false,"template":"","format":"standard","meta":{"footnotes":""},"categories":[96,48,52,201,40,69,97,71,208,139,91],"tags":[824,823,215,282,822,214,216],"class_list":["post-195838","post","type-post","status-publish","format-standard","has-post-thumbnail","","category-academicos","category-agenda-cultural","category-cultura","category-desarrollo-estudiantil","category-destacados","category-egresados","category-estudiantes","category-facultad-de-arte","category-sala-upla","category-sibupla","category-vinculacion-con-el-medio","tag-dramaturgia","tag-espacio-urbano","tag-facultad-de-arte","tag-giulio-ferretto","tag-memoria","tag-teatro","tag-upla"],"_links":{"self":[{"href":"https:\/\/upla.cl\/noticias\/wp-json\/wp\/v2\/posts\/195838","targetHints":{"allow":["GET"]}}],"collection":[{"href":"https:\/\/upla.cl\/noticias\/wp-json\/wp\/v2\/posts"}],"about":[{"href":"https:\/\/upla.cl\/noticias\/wp-json\/wp\/v2\/types\/post"}],"author":[{"embeddable":true,"href":"https:\/\/upla.cl\/noticias\/wp-json\/wp\/v2\/users\/21"}],"replies":[{"embeddable":true,"href":"https:\/\/upla.cl\/noticias\/wp-json\/wp\/v2\/comments?post=195838"}],"version-history":[{"count":5,"href":"https:\/\/upla.cl\/noticias\/wp-json\/wp\/v2\/posts\/195838\/revisions"}],"predecessor-version":[{"id":195846,"href":"https:\/\/upla.cl\/noticias\/wp-json\/wp\/v2\/posts\/195838\/revisions\/195846"}],"wp:featuredmedia":[{"embeddable":true,"href":"https:\/\/upla.cl\/noticias\/wp-json\/wp\/v2\/media\/195839"}],"wp:attachment":[{"href":"https:\/\/upla.cl\/noticias\/wp-json\/wp\/v2\/media?parent=195838"}],"wp:term":[{"taxonomy":"category","embeddable":true,"href":"https:\/\/upla.cl\/noticias\/wp-json\/wp\/v2\/categories?post=195838"},{"taxonomy":"post_tag","embeddable":true,"href":"https:\/\/upla.cl\/noticias\/wp-json\/wp\/v2\/tags?post=195838"}],"curies":[{"name":"wp","href":"https:\/\/api.w.org\/{rel}","templated":true}]}}