{"id":195898,"date":"2026-03-25T11:10:40","date_gmt":"2026-03-25T14:10:40","guid":{"rendered":"https:\/\/upla.cl\/noticias\/?p=195898"},"modified":"2026-03-25T11:10:40","modified_gmt":"2026-03-25T14:10:40","slug":"academico-juan-sebastian-cayo-presentara-tercera-edicion-de-libro-armonia-moderna-tecnicas-de-rearmonizacion-y-modulacion","status":"publish","type":"post","link":"https:\/\/upla.cl\/noticias\/2026\/03\/25\/academico-juan-sebastian-cayo-presentara-tercera-edicion-de-libro-armonia-moderna-tecnicas-de-rearmonizacion-y-modulacion\/","title":{"rendered":"Acad\u00e9mico Juan Sebasti\u00e1n Cayo presentar\u00e1 tercera edici\u00f3n de libro \u201cArmon\u00eda Moderna: t\u00e9cnicas de rearmonizaci\u00f3n y modulaci\u00f3n\u201d"},"content":{"rendered":"<p><a href=\"https:\/\/upla.cl\/noticias\/wp-content\/uploads\/2026\/03\/Afiche.jpeg\"><img loading=\"lazy\" decoding=\"async\" class=\"alignright  wp-image-195899\" src=\"https:\/\/upla.cl\/noticias\/wp-content\/uploads\/2026\/03\/Afiche-1024x1024.jpeg\" alt=\"\" width=\"350\" height=\"350\" srcset=\"https:\/\/upla.cl\/noticias\/wp-content\/uploads\/2026\/03\/Afiche-1024x1024.jpeg 1024w, https:\/\/upla.cl\/noticias\/wp-content\/uploads\/2026\/03\/Afiche-300x300.jpeg 300w, https:\/\/upla.cl\/noticias\/wp-content\/uploads\/2026\/03\/Afiche-150x150.jpeg 150w, https:\/\/upla.cl\/noticias\/wp-content\/uploads\/2026\/03\/Afiche-768x768.jpeg 768w, https:\/\/upla.cl\/noticias\/wp-content\/uploads\/2026\/03\/Afiche.jpeg 1080w\" sizes=\"auto, (max-width: 350px) 100vw, 350px\" \/><\/a>La <strong>Facultad de Arte<\/strong> de la Universidad de Playa Ancha invita a la comunidad universitaria y al p\u00fablico en general a la <strong>presentaci\u00f3n de la tercera edici\u00f3n del libro \u201cArmon\u00eda Moderna: t\u00e9cnicas de rearmonizaci\u00f3n y modulaci\u00f3n\u201d, obra del acad\u00e9mico de la carrera de Pedagog\u00eda en Educaci\u00f3n Musical Juan Sebasti\u00e1n Cayo.<\/strong><\/p>\n<p>La actividad se realizar\u00e1 el <strong>viernes 27 de marzo, a las 12:15 horas, en el auditorio de la Facultad de Arte<\/strong> y contempla una instancia de di\u00e1logo acad\u00e9mico en torno a los contenidos del libro, as\u00ed como la exposici\u00f3n de algunos de los procedimientos abordados en esta nueva edici\u00f3n.<\/p>\n<p><strong>Publicado originalmente en 2014 y ampliado posteriormente en 2017, \u201cArmon\u00eda Moderna\u201d se ha consolidado como un material de referencia para el estudio de la armon\u00eda aplicada a la m\u00fasica popular.<\/strong> Esta tercera edici\u00f3n revisada y ampliada incorpora nuevos cap\u00edtulos dedicados a procedimientos arm\u00f3nicos no tradicionales, entre ellos el sistema multit\u00f3nico y la armon\u00eda por polaridades, herramientas que ampl\u00edan las posibilidades anal\u00edticas y compositivas dentro del lenguaje arm\u00f3nico contempor\u00e1neo, adem\u00e1s, un pr\u00f3logo realizado por el destacado music\u00f3logo nacional Juan Pablo Gonz\u00e1lez.<\/p>\n<p><strong>La publicaci\u00f3n fue financiada por el Fondo del Libro y la Lectura del Ministerio de las Culturas, las Artes y el Patrimonio,<\/strong> y <strong>busca adem\u00e1s contribuir al nuevo plan de estudios de la carrera de Pedagog\u00eda en Educaci\u00f3n Musical<\/strong> de la Universidad de Playa Ancha, cuya actualizaci\u00f3n comenzar\u00e1 a implementarse a partir del presente a\u00f1o 2026.<\/p>\n<p>La jornada de presentaci\u00f3n incluir\u00e1 comentarios acad\u00e9micos sobre la obra, una intervenci\u00f3n del autor y un espacio de conversaci\u00f3n con el p\u00fablico asistente. Asimismo, se espera que esta publicaci\u00f3n incentive la generaci\u00f3n de nuevos materiales pedag\u00f3gicos por parte de docentes de la carrera, fortaleciendo la producci\u00f3n de conocimiento disciplinar al interior de la universidad.<\/p>\n<p><strong>La actividad es abierta a estudiantes, m\u00fasicos, docentes e interesados en el estudio de la armon\u00eda y la creaci\u00f3n musical contempor\u00e1nea.<\/strong><\/p>\n","protected":false},"excerpt":{"rendered":"<p>Actividad organizada por la carrera de Pedagog\u00eda en Educaci\u00f3n Musical se realizar\u00e1 el viernes 27 de marzo, a las 12:15 horas, en el auditorio de la Facultad de Arte de la UPLA.<\/p>\n","protected":false},"author":21,"featured_media":195899,"comment_status":"closed","ping_status":"open","sticky":false,"template":"","format":"standard","meta":{"footnotes":""},"categories":[51,96,48,52,201,40,101,97,71,411,91],"tags":[287,215,288,289,216,222],"class_list":["post-195898","post","type-post","status-publish","format-standard","has-post-thumbnail","","category-academia","category-academicos","category-agenda-cultural","category-cultura","category-desarrollo-estudiantil","category-destacados","category-docencia","category-estudiantes","category-facultad-de-arte","category-educacion-musical","category-vinculacion-con-el-medio","tag-armonia-moderna","tag-facultad-de-arte","tag-juan-cayo","tag-musica","tag-upla","tag-valpo"],"_links":{"self":[{"href":"https:\/\/upla.cl\/noticias\/wp-json\/wp\/v2\/posts\/195898","targetHints":{"allow":["GET"]}}],"collection":[{"href":"https:\/\/upla.cl\/noticias\/wp-json\/wp\/v2\/posts"}],"about":[{"href":"https:\/\/upla.cl\/noticias\/wp-json\/wp\/v2\/types\/post"}],"author":[{"embeddable":true,"href":"https:\/\/upla.cl\/noticias\/wp-json\/wp\/v2\/users\/21"}],"replies":[{"embeddable":true,"href":"https:\/\/upla.cl\/noticias\/wp-json\/wp\/v2\/comments?post=195898"}],"version-history":[{"count":2,"href":"https:\/\/upla.cl\/noticias\/wp-json\/wp\/v2\/posts\/195898\/revisions"}],"predecessor-version":[{"id":195901,"href":"https:\/\/upla.cl\/noticias\/wp-json\/wp\/v2\/posts\/195898\/revisions\/195901"}],"wp:featuredmedia":[{"embeddable":true,"href":"https:\/\/upla.cl\/noticias\/wp-json\/wp\/v2\/media\/195899"}],"wp:attachment":[{"href":"https:\/\/upla.cl\/noticias\/wp-json\/wp\/v2\/media?parent=195898"}],"wp:term":[{"taxonomy":"category","embeddable":true,"href":"https:\/\/upla.cl\/noticias\/wp-json\/wp\/v2\/categories?post=195898"},{"taxonomy":"post_tag","embeddable":true,"href":"https:\/\/upla.cl\/noticias\/wp-json\/wp\/v2\/tags?post=195898"}],"curies":[{"name":"wp","href":"https:\/\/api.w.org\/{rel}","templated":true}]}}