{"id":196041,"date":"2026-03-30T09:51:01","date_gmt":"2026-03-30T12:51:01","guid":{"rendered":"https:\/\/upla.cl\/noticias\/?p=196041"},"modified":"2026-03-30T14:55:30","modified_gmt":"2026-03-30T17:55:30","slug":"importantes-pero-sin-financiamiento","status":"publish","type":"post","link":"https:\/\/upla.cl\/noticias\/2026\/03\/30\/importantes-pero-sin-financiamiento\/","title":{"rendered":"Importantes, pero sin financiamiento"},"content":{"rendered":"<p>Las universidades constituyen un eje central para el desarrollo regional. No cuestiono la relevancia de otros pilares, como las orientaciones estrat\u00e9gicas del Gobierno o el dinamismo del sector privado; de hecho, es precisamente cuando estos tres sectores act\u00faan de forma coordinada que se logra la sinergia necesaria para el progreso del territorio.<\/p>\n<p>Tengo esto muy presente al iniciar mi gesti\u00f3n como presidente del Consejo de Rectores de Valpara\u00edso (CRUV). En este espacio, las cuatro universidades tradicionales de la ciudad desarrollamos un trabajo colaborativo basado en el respeto y el reconocimiento mutuo del aporte que entregamos a la regi\u00f3n, tanto de forma individual como a trav\u00e9s de nuestra asociaci\u00f3n.<\/p>\n<p>Esta misma l\u00f3gica colaborativa la extendemos a la relaci\u00f3n con los sectores p\u00fablico y privado. Un ejemplo claro es la Alianza por el Desarrollo de la Regi\u00f3n de Valpara\u00edso, cuya misi\u00f3n declara ser un espacio \u00abdonde la colaboraci\u00f3n estrat\u00e9gica p\u00fablico-privada-acad\u00e9mica genera oportunidades y bienestar material y espiritual para todos sus habitantes\u00bb. Es un foro de m\u00e1xima importancia en el que seguiremos aportando mediante el di\u00e1logo y la planificaci\u00f3n.<\/p>\n<p>Nuestras instituciones contribuyen al desarrollo desde m\u00faltiples dimensiones: la investigaci\u00f3n de bienes naturales, p\u00fablicos y sociales; la formaci\u00f3n de profesionales en \u00e1reas emergentes; el trabajo en laboratorios y la labor de expertos que diagnostican y resuelven problemas locales. Tambi\u00e9n desde la cultura, con eventos gratuitos, el deporte y el trabajo con adultos mayores. En definitiva, nos hacemos presentes en todo lo que implique vinculaci\u00f3n con nuestras comunidades y territorios.<\/p>\n<p>Queremos hacer m\u00e1s visible este compromiso de las universidades del CRUV. Por ello, potenciaremos el di\u00e1logo entre investigadores y ciudadan\u00eda para difundir proyectos e innovaciones, as\u00ed como para analizar falencias y proponer soluciones. Realizaremos ferias, charlas y seminarios abiertos, con el fin de que el conocimiento no quede confinado al claustro acad\u00e9mico.<\/p>\n<p>Sin embargo, nos invade la preocupaci\u00f3n.<\/p>\n<p>Nos inquietan los anuncios p\u00fablicos sobre recortes presupuestarios que afectar\u00edan a las universidades, realizados sin una discusi\u00f3n previa. Con distintos gobiernos hemos coincidido en que existen aspectos que mejorar, y siempre hemos buscado hacerlo a trav\u00e9s del di\u00e1logo y el bien com\u00fan. No obstante, al inicio de este a\u00f1o acad\u00e9mico, nos enfrentamos a titulares de prensa que afectan a nuestras comunidades y las predisponen negativamente, sin un an\u00e1lisis previo que considere las realidades particulares de cada instituci\u00f3n.<\/p>\n<p>En paralelo, estos recortes impactar\u00e1n a los gobiernos regionales, de los cuales proviene parte del financiamiento para nuestras acciones mediante instrumentos como el Fondo de Investigaci\u00f3n para Universidades (FIU). En consecuencia, las universidades sufriremos una restricci\u00f3n presupuestaria doble: v\u00eda Ministerio de Educaci\u00f3n y v\u00eda gobiernos regionales.<\/p>\n<p>Ante este escenario, cabe preguntarse: \u00bfc\u00f3mo podremos seguir realizando un aporte efectivo al desarrollo de la regi\u00f3n y del pa\u00eds?<\/p>\n<p>&nbsp;<\/p>\n<p><strong>Carlos Gonz\u00e1lez Morales<\/strong><br \/>\nRector Universidad de Playa Ancha<br \/>\nPresidente Consejo de Rectores de Valpara\u00edso<\/p>\n<p>&nbsp;<\/p>\n<p>Fuente: columna publicada en El Mercurio de Valpara\u00edso, domingo 29 de marzo de 2026 (<a href=\"https:\/\/www.mercuriovalpo.cl\/impresa\/2026\/03\/29\/full\/cuerpo-principal\/8\/\" target=\"_blank\" rel=\"noopener\">acceso para suscriptores<\/a>).<\/p>\n<p>&nbsp;<\/p>\n","protected":false},"excerpt":{"rendered":"<p>Opini\u00f3n del rector Carlos Gonz\u00e1lez Morales, publicada en El Mercurio de Valpara\u00edso.<\/p>\n","protected":false},"author":4,"featured_media":153062,"comment_status":"closed","ping_status":"open","sticky":false,"template":"","format":"standard","meta":{"footnotes":""},"categories":[40,98,44,179,178,113,45],"tags":[],"class_list":["post-196041","post","type-post","status-publish","format-standard","has-post-thumbnail","","category-destacados","category-gestion","category-opinion","category-prensa","category-rectoria","category-universidades-en-red","category-upla-en-los-medios"],"_links":{"self":[{"href":"https:\/\/upla.cl\/noticias\/wp-json\/wp\/v2\/posts\/196041","targetHints":{"allow":["GET"]}}],"collection":[{"href":"https:\/\/upla.cl\/noticias\/wp-json\/wp\/v2\/posts"}],"about":[{"href":"https:\/\/upla.cl\/noticias\/wp-json\/wp\/v2\/types\/post"}],"author":[{"embeddable":true,"href":"https:\/\/upla.cl\/noticias\/wp-json\/wp\/v2\/users\/4"}],"replies":[{"embeddable":true,"href":"https:\/\/upla.cl\/noticias\/wp-json\/wp\/v2\/comments?post=196041"}],"version-history":[{"count":1,"href":"https:\/\/upla.cl\/noticias\/wp-json\/wp\/v2\/posts\/196041\/revisions"}],"predecessor-version":[{"id":196042,"href":"https:\/\/upla.cl\/noticias\/wp-json\/wp\/v2\/posts\/196041\/revisions\/196042"}],"wp:featuredmedia":[{"embeddable":true,"href":"https:\/\/upla.cl\/noticias\/wp-json\/wp\/v2\/media\/153062"}],"wp:attachment":[{"href":"https:\/\/upla.cl\/noticias\/wp-json\/wp\/v2\/media?parent=196041"}],"wp:term":[{"taxonomy":"category","embeddable":true,"href":"https:\/\/upla.cl\/noticias\/wp-json\/wp\/v2\/categories?post=196041"},{"taxonomy":"post_tag","embeddable":true,"href":"https:\/\/upla.cl\/noticias\/wp-json\/wp\/v2\/tags?post=196041"}],"curies":[{"name":"wp","href":"https:\/\/api.w.org\/{rel}","templated":true}]}}