{"id":196142,"date":"2026-04-01T15:22:10","date_gmt":"2026-04-01T18:22:10","guid":{"rendered":"https:\/\/upla.cl\/noticias\/?p=196142"},"modified":"2026-04-01T15:22:10","modified_gmt":"2026-04-01T18:22:10","slug":"saludo-del-rector-carlos-gonzalez-morales-en-el-aniversario-78-de-la-universidad-de-playa-ancha","status":"publish","type":"post","link":"https:\/\/upla.cl\/noticias\/2026\/04\/01\/saludo-del-rector-carlos-gonzalez-morales-en-el-aniversario-78-de-la-universidad-de-playa-ancha\/","title":{"rendered":"Saludo del rector Carlos Gonz\u00e1lez Morales en el Aniversario 78 de la Universidad de Playa Ancha"},"content":{"rendered":"<p><a href=\"https:\/\/upla.cl\/noticias\/wp-content\/uploads\/2026\/04\/20260401_78a-1920x1280-1.png\"><img loading=\"lazy\" decoding=\"async\" class=\"aligncenter size-large wp-image-196148\" src=\"https:\/\/upla.cl\/noticias\/wp-content\/uploads\/2026\/04\/20260401_78a-1920x1280-1-1024x683.png\" alt=\"\u00a1Estamos de aniversario! Universidad de Playa Ancha cumpli\u00f3 78 a\u00f1os\" width=\"618\" height=\"412\" srcset=\"https:\/\/upla.cl\/noticias\/wp-content\/uploads\/2026\/04\/20260401_78a-1920x1280-1-1024x683.png 1024w, https:\/\/upla.cl\/noticias\/wp-content\/uploads\/2026\/04\/20260401_78a-1920x1280-1-300x200.png 300w, https:\/\/upla.cl\/noticias\/wp-content\/uploads\/2026\/04\/20260401_78a-1920x1280-1-150x100.png 150w, https:\/\/upla.cl\/noticias\/wp-content\/uploads\/2026\/04\/20260401_78a-1920x1280-1-768x512.png 768w, https:\/\/upla.cl\/noticias\/wp-content\/uploads\/2026\/04\/20260401_78a-1920x1280-1-1536x1024.png 1536w, https:\/\/upla.cl\/noticias\/wp-content\/uploads\/2026\/04\/20260401_78a-1920x1280-1.png 1920w\" sizes=\"auto, (max-width: 618px) 100vw, 618px\" \/><\/a><\/p>\n<p>Hoy, al conmemorar 78 a\u00f1os de historia, quiero saludar a cada integrante de la Universidad de Playa Ancha. Desde nuestros inicios como Instituto Pedag\u00f3gico de Valpara\u00edso, hemos sido testigos y protagonistas de una vocaci\u00f3n profunda al formar personas comprometidas con el conocimiento, la sociedad y el bien com\u00fan.<\/p>\n<p>El devenir de nuestra trayectoria institucional reafirma un compromiso tan inquebrantable como incuestionable: entender la educaci\u00f3n p\u00fablica como el motor de una sociedad m\u00e1s justa, inclusiva y democr\u00e1tica. Este hito no es solo memoria, sino la motivaci\u00f3n e impulso para proyectar con responsabilidad el futuro que nos corresponde liderar.<\/p>\n<p>En tiempos desafiantes y complejos, nuestra mayor fortaleza es la unidad y la participaci\u00f3n responsable. Por eso, les invito a seguir construyendo, juntos y juntas, la universidad que so\u00f1amos, con la certeza de reconocernos como una comunidad rica en talentos y convicciones.<\/p>\n<p>Agradezco de coraz\u00f3n el compromiso, dedicaci\u00f3n y sentido de pertenencia de cada uno y cada una de ustedes.<\/p>\n","protected":false},"excerpt":{"rendered":"<p>\u00abEl devenir de nuestra trayectoria institucional reafirma un compromiso tan inquebrantable como incuestionable: entender la educaci\u00f3n p\u00fablica como el motor de una sociedad m\u00e1s justa, inclusiva y democr\u00e1tica\u00bb.<\/p>\n","protected":false},"author":6,"featured_media":196148,"comment_status":"closed","ping_status":"open","sticky":false,"template":"","format":"standard","meta":{"footnotes":""},"categories":[40,51,202,60,201,101,69,97,71,72,73,74,75,76,77,99,150,204,98,122,102,83,43,403,651,199,151,84,634,665,716,85,178,86,87,208,397,103,90,113,213,715,91],"tags":[],"class_list":["post-196142","post","type-post","status-publish","format-standard","has-post-thumbnail","","category-destacados","category-academia","category-analisis-y-planificacion-estrategica","category-campus-san-felipe","category-desarrollo-estudiantil","category-docencia","category-egresados","category-estudiantes","category-facultad-de-arte","category-facultad-de-ciencias-actividad-fisica-y-deporte","category-facultad-de-ciencias-de-la-educacion","category-facultad-de-ciencias-de-la-salud","category-facultad-de-ciencias-naturales-y-exactas","category-facultad-de-ciencias-sociales","category-facultad-de-humanidades","category-funcionarios","category-genero","category-gestion-de-la-calidad","category-gestion","category-inclusion","category-infraestructura","category-instituto-tecnologico","category-investigacion","category-ley-karin","category-magister-en-literatura","category-modelo-educativo","category-museo-universitario-del-grabado","category-otec","category-pedagogia-en-castellano","category-pedagogia-en-ingles","category-postgrado-e-innovacion","category-postgrados","category-rectoria","category-relaciones-internacionales","category-colmenita","category-sala-upla","category-senado-universitario","category-bienestar-del-personal","category-uae","category-universidades-en-red","category-vicerrectoria-academica","category-vicerrectoria-de-investigacion","category-vinculacion-con-el-medio"],"_links":{"self":[{"href":"https:\/\/upla.cl\/noticias\/wp-json\/wp\/v2\/posts\/196142","targetHints":{"allow":["GET"]}}],"collection":[{"href":"https:\/\/upla.cl\/noticias\/wp-json\/wp\/v2\/posts"}],"about":[{"href":"https:\/\/upla.cl\/noticias\/wp-json\/wp\/v2\/types\/post"}],"author":[{"embeddable":true,"href":"https:\/\/upla.cl\/noticias\/wp-json\/wp\/v2\/users\/6"}],"replies":[{"embeddable":true,"href":"https:\/\/upla.cl\/noticias\/wp-json\/wp\/v2\/comments?post=196142"}],"version-history":[{"count":2,"href":"https:\/\/upla.cl\/noticias\/wp-json\/wp\/v2\/posts\/196142\/revisions"}],"predecessor-version":[{"id":196149,"href":"https:\/\/upla.cl\/noticias\/wp-json\/wp\/v2\/posts\/196142\/revisions\/196149"}],"wp:featuredmedia":[{"embeddable":true,"href":"https:\/\/upla.cl\/noticias\/wp-json\/wp\/v2\/media\/196148"}],"wp:attachment":[{"href":"https:\/\/upla.cl\/noticias\/wp-json\/wp\/v2\/media?parent=196142"}],"wp:term":[{"taxonomy":"category","embeddable":true,"href":"https:\/\/upla.cl\/noticias\/wp-json\/wp\/v2\/categories?post=196142"},{"taxonomy":"post_tag","embeddable":true,"href":"https:\/\/upla.cl\/noticias\/wp-json\/wp\/v2\/tags?post=196142"}],"curies":[{"name":"wp","href":"https:\/\/api.w.org\/{rel}","templated":true}]}}