{"id":196164,"date":"2026-04-02T13:24:43","date_gmt":"2026-04-02T16:24:43","guid":{"rendered":"https:\/\/upla.cl\/noticias\/?p=196164"},"modified":"2026-04-06T16:27:26","modified_gmt":"2026-04-06T20:27:26","slug":"upla-amplia-su-vinculo-con-egresados-mas-de-900-participantes-en-actividades-de-vinculo-en-2025","status":"publish","type":"post","link":"https:\/\/upla.cl\/noticias\/2026\/04\/02\/upla-amplia-su-vinculo-con-egresados-mas-de-900-participantes-en-actividades-de-vinculo-en-2025\/","title":{"rendered":"UPLA ampl\u00eda su v\u00ednculo con egresados: M\u00e1s de 900 participantes en actividades de 2025"},"content":{"rendered":"<figure id=\"attachment_196166\" aria-describedby=\"caption-attachment-196166\" style=\"width: 800px\" class=\"wp-caption aligncenter\"><a href=\"https:\/\/upla.cl\/noticias\/wp-content\/uploads\/2026\/04\/equipo_uvce.jpg\"><img loading=\"lazy\" decoding=\"async\" class=\"size-full wp-image-196166\" src=\"https:\/\/upla.cl\/noticias\/wp-content\/uploads\/2026\/04\/equipo_uvce.jpg\" alt=\"\" width=\"800\" height=\"600\" srcset=\"https:\/\/upla.cl\/noticias\/wp-content\/uploads\/2026\/04\/equipo_uvce.jpg 800w, https:\/\/upla.cl\/noticias\/wp-content\/uploads\/2026\/04\/equipo_uvce-300x225.jpg 300w, https:\/\/upla.cl\/noticias\/wp-content\/uploads\/2026\/04\/equipo_uvce-150x113.jpg 150w, https:\/\/upla.cl\/noticias\/wp-content\/uploads\/2026\/04\/equipo_uvce-768x576.jpg 768w\" sizes=\"auto, (max-width: 800px) 100vw, 800px\" \/><\/a><figcaption id=\"caption-attachment-196166\" class=\"wp-caption-text\">Equipo Unidad de V\u00ednculos con la Comunidad Egresada y Empleadores.<\/figcaption><\/figure>\n<p>La Unidad de V\u00ednculos con la Comunidad Egresada y Empleadores (UVCE) de la Universidad de Playa Ancha (UPLA) cerr\u00f3 el a\u00f1o 2025 con un balance positivo en materia de vinculaci\u00f3n con sus titulados, registrando m\u00e1s de 900 participaciones en distintas actividades institucionales a lo largo del a\u00f1o.<\/p>\n<p>Entre los hitos m\u00e1s relevantes del per\u00edodo destaca la realizaci\u00f3n del <strong>Reconocimiento al Egresado\/a Sello UPLA<\/strong>, instancia que recibi\u00f3 47 postulaciones de egresados de distintas facultades. El galard\u00f3n fue otorgado a <strong>Cristina Zapata Zamorano, egresada de Educaci\u00f3n Parvularia,<\/strong> quien se desempe\u00f1a en el Servicio Local de Educaci\u00f3n P\u00fablica de Valpara\u00edso, destacando por su aporte al fortalecimiento de la educaci\u00f3n p\u00fablica y su compromiso con el desarrollo territorial.<\/p>\n<p>En el \u00e1mbito de la formaci\u00f3n continua, la unidad organiz\u00f3 siete talleres virtuales sobre tem\u00e1ticas como an\u00e1lisis de datos con R, inteligencia artificial generativa, evaluaci\u00f3n docente, formulaci\u00f3n de proyectos y comunicaci\u00f3n profesional, <span id=\"m_-1736514488544128238m_-1421867691931062569gmail-docs-internal-guid-079ea546-7fff-650b-866f-3aa78cbd0496\">que en conjunto sumaron <b>700 inscripciones<\/b><\/span>. Las actividades se realizaron en horario vespertino y modalidad online para facilitar el acceso de egresados que se encuentran trabajando.<\/p>\n<figure id=\"attachment_196165\" aria-describedby=\"caption-attachment-196165\" style=\"width: 300px\" class=\"wp-caption alignright\"><a href=\"https:\/\/upla.cl\/noticias\/wp-content\/uploads\/2026\/04\/17_Egresada-sello-UPLA-2025-Cristina-Zapata-Zamorano.jpg\"><img loading=\"lazy\" decoding=\"async\" class=\"size-medium wp-image-196165\" src=\"https:\/\/upla.cl\/noticias\/wp-content\/uploads\/2026\/04\/17_Egresada-sello-UPLA-2025-Cristina-Zapata-Zamorano-300x200.jpg\" alt=\"\" width=\"300\" height=\"200\" srcset=\"https:\/\/upla.cl\/noticias\/wp-content\/uploads\/2026\/04\/17_Egresada-sello-UPLA-2025-Cristina-Zapata-Zamorano-300x200.jpg 300w, https:\/\/upla.cl\/noticias\/wp-content\/uploads\/2026\/04\/17_Egresada-sello-UPLA-2025-Cristina-Zapata-Zamorano-150x100.jpg 150w, https:\/\/upla.cl\/noticias\/wp-content\/uploads\/2026\/04\/17_Egresada-sello-UPLA-2025-Cristina-Zapata-Zamorano-768x512.jpg 768w, https:\/\/upla.cl\/noticias\/wp-content\/uploads\/2026\/04\/17_Egresada-sello-UPLA-2025-Cristina-Zapata-Zamorano.jpg 800w\" sizes=\"auto, (max-width: 300px) 100vw, 300px\" \/><\/a><figcaption id=\"caption-attachment-196165\" class=\"wp-caption-text\">Premio Egresada Sello, Cristina Zapata Zamorano.<\/figcaption><\/figure>\n<p>Asimismo, se entregaron <strong>970 credenciales de egresado<\/strong> en ceremonias de titulaci\u00f3n de pregrado y postgrado, instancia que permite a los titulados acceder a beneficios comerciales y mantener el v\u00ednculo con la instituci\u00f3n. Durante el a\u00f1o tambi\u00e9n se realizaron <strong>2.526 actualizaciones<\/strong> de datos de contacto en la base institucional, herramienta clave para el seguimiento de trayectorias profesionales.<\/p>\n<p>En materia de empleabilidad, la unidad implement\u00f3 un <strong>Programa de Asesor\u00edas Personalizadas<\/strong> para egresados en b\u00fasqueda de empleo, con 66 inscritos y 18 que completaron el proceso. Para fortalecer estas capacidades en la formaci\u00f3n de pregrado, se realiz\u00f3 el curso sello \u201cDesarrollo de Habilidades Prelaborales\u201d, una instancia dirigida a estudiantes para fortalecer su empleabilidad y que cont\u00f3 con 103 aprobados.<\/p>\n<p><a href=\"https:\/\/upla.cl\/noticias\/wp-content\/uploads\/2026\/04\/credenciales_egresados.jpg\"><img loading=\"lazy\" decoding=\"async\" class=\"alignright size-medium wp-image-196167\" src=\"https:\/\/upla.cl\/noticias\/wp-content\/uploads\/2026\/04\/credenciales_egresados-300x202.jpg\" alt=\"\" width=\"300\" height=\"202\" srcset=\"https:\/\/upla.cl\/noticias\/wp-content\/uploads\/2026\/04\/credenciales_egresados-300x202.jpg 300w, https:\/\/upla.cl\/noticias\/wp-content\/uploads\/2026\/04\/credenciales_egresados-150x101.jpg 150w, https:\/\/upla.cl\/noticias\/wp-content\/uploads\/2026\/04\/credenciales_egresados-110x75.jpg 110w, https:\/\/upla.cl\/noticias\/wp-content\/uploads\/2026\/04\/credenciales_egresados.jpg 640w\" sizes=\"auto, (max-width: 300px) 100vw, 300px\" \/><\/a>Uno de los avances institucionales m\u00e1s relevantes del per\u00edodo fue la <strong>integraci\u00f3n de una encuesta de satisfacci\u00f3n al tr\u00e1mite de titulaci\u00f3n <\/strong>en el sistema institucional SINTE, lo que permitir\u00e1 contar, a<br \/>\npartir de 2026, con informaci\u00f3n estandarizada de la totalidad de los nuevos titulados. Durante 2025 se levantaron 529 respuestas de egresados de carreras profesionales, 128 de carreras t\u00e9cnicas y 84 de programas de postgrado.<\/p>\n<p>La<strong> coordinadora de la Unidad, soci\u00f3loga Daniela Vald\u00e9s Casanueva<\/strong>, destac\u00f3 que durante 2025 fue la integraci\u00f3n de mecanismos sistem\u00e1ticos para la instalaci\u00f3n del v\u00ednculo con la comunidad egresada y con empleadores de manera institucional, donde \u201cse observa un tr\u00e1nsito desde iniciativas aisladas hacia un enfoque estructurado, con mayor trazabilidad, sistematicidad y proyecci\u00f3n en el tiempo\u201d.<\/p>\n<p>Vald\u00e9s agreg\u00f3 que \u201cen este contexto, el principal desaf\u00edo para el per\u00edodo siguiente es continuar fortaleciendo el trabajo con las unidades acad\u00e9micas, promoviendo una mayor apropiaci\u00f3n de estos mecanismos y su integraci\u00f3n efectiva en los procesos formativos. Esto implica avanzar en la consolidaci\u00f3n de una articulaci\u00f3n m\u00e1s estrecha con las carreras, de modo que la informaci\u00f3n generada y las acciones impulsadas por la unidad se traduzcan en insumos concretos para la toma de decisiones curriculares y el mejoramiento continuo de la formaci\u00f3n impartida\u00bb.<\/p>\n<p>De cara al a\u00f1o 2026, la UVCE proyecta el desarrollo de una <strong>plataforma de seguimiento<\/strong> <strong>de trayectorias profesionales<\/strong> durante los primeros cinco a\u00f1os de postitulaci\u00f3n, la creaci\u00f3n de un <strong>portal institucional de empleo<\/strong> y la conformaci\u00f3n de un <strong>Consejo Consultivo de Empleadores<\/strong>, iniciativas que buscan consolidar una relaci\u00f3n m\u00e1s sistem\u00e1tica y bidireccional entre la universidad y el mundo laboral.<\/p>\n<p><em>Fuente: Esteban Moreno Torres, periodista de la Direcci\u00f3n General de Vinculaci\u00f3n con el Medio<\/em><\/p>\n","protected":false},"excerpt":{"rendered":"<p>La unidad encargada del v\u00ednculo con egresados\/as y empleadores consolid\u00f3 un sistema de actividades que incluy\u00f3<br \/>\ntalleres, asesor\u00edas, encuentros y encuestas, adem\u00e1s de la realizaci\u00f3n de la ceremonia del reconocimiento a la egresada sello 2025.<\/p>\n","protected":false},"author":10,"featured_media":196166,"comment_status":"closed","ping_status":"open","sticky":false,"template":"","format":"standard","meta":{"footnotes":""},"categories":[91,40,69],"tags":[],"class_list":["post-196164","post","type-post","status-publish","format-standard","has-post-thumbnail","","category-vinculacion-con-el-medio","category-destacados","category-egresados"],"_links":{"self":[{"href":"https:\/\/upla.cl\/noticias\/wp-json\/wp\/v2\/posts\/196164","targetHints":{"allow":["GET"]}}],"collection":[{"href":"https:\/\/upla.cl\/noticias\/wp-json\/wp\/v2\/posts"}],"about":[{"href":"https:\/\/upla.cl\/noticias\/wp-json\/wp\/v2\/types\/post"}],"author":[{"embeddable":true,"href":"https:\/\/upla.cl\/noticias\/wp-json\/wp\/v2\/users\/10"}],"replies":[{"embeddable":true,"href":"https:\/\/upla.cl\/noticias\/wp-json\/wp\/v2\/comments?post=196164"}],"version-history":[{"count":5,"href":"https:\/\/upla.cl\/noticias\/wp-json\/wp\/v2\/posts\/196164\/revisions"}],"predecessor-version":[{"id":196224,"href":"https:\/\/upla.cl\/noticias\/wp-json\/wp\/v2\/posts\/196164\/revisions\/196224"}],"wp:featuredmedia":[{"embeddable":true,"href":"https:\/\/upla.cl\/noticias\/wp-json\/wp\/v2\/media\/196166"}],"wp:attachment":[{"href":"https:\/\/upla.cl\/noticias\/wp-json\/wp\/v2\/media?parent=196164"}],"wp:term":[{"taxonomy":"category","embeddable":true,"href":"https:\/\/upla.cl\/noticias\/wp-json\/wp\/v2\/categories?post=196164"},{"taxonomy":"post_tag","embeddable":true,"href":"https:\/\/upla.cl\/noticias\/wp-json\/wp\/v2\/tags?post=196164"}],"curies":[{"name":"wp","href":"https:\/\/api.w.org\/{rel}","templated":true}]}}