{"id":196183,"date":"2026-04-02T15:59:13","date_gmt":"2026-04-02T18:59:13","guid":{"rendered":"https:\/\/upla.cl\/noticias\/?p=196183"},"modified":"2026-04-02T15:59:13","modified_gmt":"2026-04-02T18:59:13","slug":"convenio-entre-la-upla-y-el-ind-busca-fortalecer-la-vida-saludable-y-el-bienestar-de-la-comunidad-regional","status":"publish","type":"post","link":"https:\/\/upla.cl\/noticias\/2026\/04\/02\/convenio-entre-la-upla-y-el-ind-busca-fortalecer-la-vida-saludable-y-el-bienestar-de-la-comunidad-regional\/","title":{"rendered":"Convenio entre la UPLA y el IND busca fortalecer la vida saludable y el bienestar de la comunidad regional"},"content":{"rendered":"<p><a href=\"https:\/\/upla.cl\/noticias\/wp-content\/uploads\/2026\/04\/firma_convenio_ind_upla_1.jpg\"><img loading=\"lazy\" decoding=\"async\" class=\"aligncenter size-full wp-image-196185\" src=\"https:\/\/upla.cl\/noticias\/wp-content\/uploads\/2026\/04\/firma_convenio_ind_upla_1.jpg\" alt=\"\" width=\"800\" height=\"533\" srcset=\"https:\/\/upla.cl\/noticias\/wp-content\/uploads\/2026\/04\/firma_convenio_ind_upla_1.jpg 800w, https:\/\/upla.cl\/noticias\/wp-content\/uploads\/2026\/04\/firma_convenio_ind_upla_1-300x200.jpg 300w, https:\/\/upla.cl\/noticias\/wp-content\/uploads\/2026\/04\/firma_convenio_ind_upla_1-150x100.jpg 150w, https:\/\/upla.cl\/noticias\/wp-content\/uploads\/2026\/04\/firma_convenio_ind_upla_1-768x512.jpg 768w\" sizes=\"auto, (max-width: 800px) 100vw, 800px\" \/><\/a><\/p>\n<p>La Universidad de Playa Ancha (UPLA) suscribi\u00f3 un convenio de colaboraci\u00f3n con el Instituto Nacional de Deportes (IND), oficializando a trav\u00e9s de su firma a\u00f1os de relaci\u00f3n interinstitucional orientada a la realizaci\u00f3n de actividades con foco en el desarrollo de la actividad f\u00edsica y el deporte en la Regi\u00f3n de Valpara\u00edso.<\/p>\n<p>La firma se llev\u00f3 a cabo en la sala de prensa del Estadio El\u00edas Figueroa Brander, siendo oficializada por el <strong>rector de la casa de estudios porte\u00f1a, Carlos Gonz\u00e1lez Morales<\/strong>, y por la <strong>directora regional (s) del IND, Dulkamara Alvarado Rivera<\/strong>, con el objetivo de generar una alianza estrat\u00e9gica orientada a fortalecer la formaci\u00f3n acad\u00e9mica, profesional, la investigaci\u00f3n y la difusi\u00f3n del trabajo deportivo en la Regi\u00f3n de Valpara\u00edso.<\/p>\n<p><a href=\"https:\/\/upla.cl\/noticias\/wp-content\/uploads\/2026\/04\/firma_convenio_ind_upla_2.jpg\"><img loading=\"lazy\" decoding=\"async\" class=\"alignright size-medium wp-image-196186\" src=\"https:\/\/upla.cl\/noticias\/wp-content\/uploads\/2026\/04\/firma_convenio_ind_upla_2-300x200.jpg\" alt=\"\" width=\"300\" height=\"200\" srcset=\"https:\/\/upla.cl\/noticias\/wp-content\/uploads\/2026\/04\/firma_convenio_ind_upla_2-300x200.jpg 300w, https:\/\/upla.cl\/noticias\/wp-content\/uploads\/2026\/04\/firma_convenio_ind_upla_2-150x100.jpg 150w, https:\/\/upla.cl\/noticias\/wp-content\/uploads\/2026\/04\/firma_convenio_ind_upla_2-768x512.jpg 768w, https:\/\/upla.cl\/noticias\/wp-content\/uploads\/2026\/04\/firma_convenio_ind_upla_2.jpg 800w\" sizes=\"auto, (max-width: 300px) 100vw, 300px\" \/><\/a>El evento tambi\u00e9n cont\u00f3 con la participaci\u00f3n del decano de la <a href=\"https:\/\/www.upla.cl\/facultad\/cienciasactividadfisicaydeporte\/\"><strong>Facultad de Ciencias de la Actividad F\u00edsica y del Deporte<\/strong><\/a><strong>, Hernaldo Carrasco Beltr\u00e1n<\/strong>; la <strong>directora de la Direcci\u00f3n de An\u00e1lisis y Planificaci\u00f3n Estrat\u00e9gica, Katherine Vergara Araya<\/strong>; el d<strong>irector de Infraestructura, Alexis C\u00e1ceres Leiva<\/strong>; el <strong>director de Deportes y Recreaci\u00f3n, Jorge Guzm\u00e1n Jim\u00e9nez<\/strong>, y la<strong> coordinadora de la Unidad de V\u00ednculos con la Comunidad Egresada y Empleadores, Daniela Casanueva Vald\u00e9s<\/strong>.<\/p>\n<p>Por parte del IND, la <strong>directora regional (s)<\/strong> sostuvo que este trabajo colaborativo \u201cpermite afianzar el trabajo que se ha hecho durante a\u00f1os, adem\u00e1s de la colaboraci\u00f3n que podamos brindarle a toda la comunidad tanto deportiva como social, que es la parte que nos interesa, y poder avanzar en todos los lineamientos que nos van a llevar a que, tanto la Universidad como nosotros, podamos fortalecer la funci\u00f3n que tenemos, que es que nuestra poblaci\u00f3n mejore la actividad f\u00edsica, el deporte y nos centremos cada vez m\u00e1s en una vida saludable\u201d.<\/p>\n<p><a href=\"https:\/\/upla.cl\/noticias\/wp-content\/uploads\/2026\/04\/firma_convenio_ind_upla.jpg\"><img loading=\"lazy\" decoding=\"async\" class=\"alignright size-medium wp-image-196184\" src=\"https:\/\/upla.cl\/noticias\/wp-content\/uploads\/2026\/04\/firma_convenio_ind_upla-300x200.jpg\" alt=\"\" width=\"300\" height=\"200\" srcset=\"https:\/\/upla.cl\/noticias\/wp-content\/uploads\/2026\/04\/firma_convenio_ind_upla-300x200.jpg 300w, https:\/\/upla.cl\/noticias\/wp-content\/uploads\/2026\/04\/firma_convenio_ind_upla-150x100.jpg 150w, https:\/\/upla.cl\/noticias\/wp-content\/uploads\/2026\/04\/firma_convenio_ind_upla-768x512.jpg 768w, https:\/\/upla.cl\/noticias\/wp-content\/uploads\/2026\/04\/firma_convenio_ind_upla.jpg 800w\" sizes=\"auto, (max-width: 300px) 100vw, 300px\" \/><\/a>Por parte de la Universidad, su <strong>rector<\/strong> concord\u00f3 con el esp\u00edritu colaborativo destacando que \u201ces un reconocimiento al trabajo que ha realizado nuestra universidad tanto en vinculaci\u00f3n con el medio, en las actividades propias de la Facultad de Ciencias de la Actividad F\u00edsica y del Deporte, desde otras unidades de gesti\u00f3n de la universidad, con una tarea que es relevante y que es apoyar justamente el deporte en nuestros ciudadanos\u201d.<\/p>\n<p>Asimismo, la autoridad universitaria valor\u00f3 el fortalecimiento de la colaboraci\u00f3n entre instituciones p\u00fablicas, \u201cpara poder seguir desarrollando la vida sana, el buen vivir, el respeto en las actividades deportivas, el respeto a la ciudadan\u00eda, pero sobre todo buscando un espacio de mayor integraci\u00f3n entre las y los ciudadanos de nuestra regi\u00f3n\u201d.<\/p>\n<p><a href=\"https:\/\/upla.cl\/noticias\/wp-content\/uploads\/2026\/04\/firma_convenio_ind_upla_3.jpg\"><img loading=\"lazy\" decoding=\"async\" class=\"alignright size-medium wp-image-196187\" src=\"https:\/\/upla.cl\/noticias\/wp-content\/uploads\/2026\/04\/firma_convenio_ind_upla_3-300x200.jpg\" alt=\"\" width=\"300\" height=\"200\" srcset=\"https:\/\/upla.cl\/noticias\/wp-content\/uploads\/2026\/04\/firma_convenio_ind_upla_3-300x200.jpg 300w, https:\/\/upla.cl\/noticias\/wp-content\/uploads\/2026\/04\/firma_convenio_ind_upla_3-150x100.jpg 150w, https:\/\/upla.cl\/noticias\/wp-content\/uploads\/2026\/04\/firma_convenio_ind_upla_3-768x512.jpg 768w, https:\/\/upla.cl\/noticias\/wp-content\/uploads\/2026\/04\/firma_convenio_ind_upla_3.jpg 800w\" sizes=\"auto, (max-width: 300px) 100vw, 300px\" \/><\/a>Desde la <strong>Facultad de Ciencias de la Actividad F\u00edsica y del Deporte, su decano<\/strong> expres\u00f3 que la oficializaci\u00f3n de la colaboraci\u00f3n viene a reforzar el trabajo que realiza la Facultad con el IND, que adem\u00e1s cumple 40 a\u00f1os, \u201cy este convenio refuerza justamente esa historia (&#8230;) y nos permite seguir avanzando y seguir posicionando a la universidad para poder abordar diferentes temas territoriales, como tambi\u00e9n responder a las pol\u00edticas p\u00fablicas con respecto a actividad f\u00edsica y deporte\u201d.<\/p>\n<p>La ceremonia concluy\u00f3 con una foto oficial en la cancha del recinto deportivo y la entrega de dos ejemplares de la Editorial Punt\u00e1ngeles, el libro \u201cMatrices de Ense\u00f1anza del Grabado en Chile\u201d, del Museo Universitario del Grabado de la Universidad de Playa Ancha; y \u201cV\u00f3leibol: Ense\u00f1anza desde los ocho a\u00f1os a su aprendizaje total\u201d, de los acad\u00e9micos Guillermo Ch\u00e1vez Espinoza, Marcelo Zavala Jara y Nelson Castillo Hern\u00e1ndez.<\/p>\n<p><em>Fuente: Esteban Moreno Flores, periodista Direcci\u00f3n General de Vinculaci\u00f3n con el Medio<\/em><\/p>\n","protected":false},"excerpt":{"rendered":"<p>El convenio, firmado en la sala de prensa del Estadio El\u00edas Figueroa Brander, busca fortalecer la formaci\u00f3n acad\u00e9mica, profesional, la investigaci\u00f3n y la difusi\u00f3n del trabajo deportivo en la Regi\u00f3n de Valpara\u00edso.<\/p>\n","protected":false},"author":10,"featured_media":196186,"comment_status":"closed","ping_status":"open","sticky":false,"template":"","format":"standard","meta":{"footnotes":""},"categories":[91,51,96,42,201,40,72,98],"tags":[],"class_list":["post-196183","post","type-post","status-publish","format-standard","has-post-thumbnail","","category-vinculacion-con-el-medio","category-academia","category-academicos","category-deportes","category-desarrollo-estudiantil","category-destacados","category-facultad-de-ciencias-actividad-fisica-y-deporte","category-gestion"],"_links":{"self":[{"href":"https:\/\/upla.cl\/noticias\/wp-json\/wp\/v2\/posts\/196183","targetHints":{"allow":["GET"]}}],"collection":[{"href":"https:\/\/upla.cl\/noticias\/wp-json\/wp\/v2\/posts"}],"about":[{"href":"https:\/\/upla.cl\/noticias\/wp-json\/wp\/v2\/types\/post"}],"author":[{"embeddable":true,"href":"https:\/\/upla.cl\/noticias\/wp-json\/wp\/v2\/users\/10"}],"replies":[{"embeddable":true,"href":"https:\/\/upla.cl\/noticias\/wp-json\/wp\/v2\/comments?post=196183"}],"version-history":[{"count":2,"href":"https:\/\/upla.cl\/noticias\/wp-json\/wp\/v2\/posts\/196183\/revisions"}],"predecessor-version":[{"id":196189,"href":"https:\/\/upla.cl\/noticias\/wp-json\/wp\/v2\/posts\/196183\/revisions\/196189"}],"wp:featuredmedia":[{"embeddable":true,"href":"https:\/\/upla.cl\/noticias\/wp-json\/wp\/v2\/media\/196186"}],"wp:attachment":[{"href":"https:\/\/upla.cl\/noticias\/wp-json\/wp\/v2\/media?parent=196183"}],"wp:term":[{"taxonomy":"category","embeddable":true,"href":"https:\/\/upla.cl\/noticias\/wp-json\/wp\/v2\/categories?post=196183"},{"taxonomy":"post_tag","embeddable":true,"href":"https:\/\/upla.cl\/noticias\/wp-json\/wp\/v2\/tags?post=196183"}],"curies":[{"name":"wp","href":"https:\/\/api.w.org\/{rel}","templated":true}]}}