{"id":196215,"date":"2026-04-06T14:35:12","date_gmt":"2026-04-06T18:35:12","guid":{"rendered":"https:\/\/upla.cl\/noticias\/?p=196215"},"modified":"2026-04-06T14:35:12","modified_gmt":"2026-04-06T18:35:12","slug":"campus-san-felipe-inauguro-exposicion-que-se-sumerge-en-la-vida-y-obra-de-victor-jara","status":"publish","type":"post","link":"https:\/\/upla.cl\/noticias\/2026\/04\/06\/campus-san-felipe-inauguro-exposicion-que-se-sumerge-en-la-vida-y-obra-de-victor-jara\/","title":{"rendered":"Campus San Felipe inaugur\u00f3 exposici\u00f3n que se sumerge en la vida y obra de V\u00edctor Jara"},"content":{"rendered":"<p><a href=\"https:\/\/upla.cl\/noticias\/wp-content\/uploads\/2026\/04\/exposicion_victor_jara_san_felipe5.jpg\"><img loading=\"lazy\" decoding=\"async\" class=\"aligncenter size-large wp-image-196220\" src=\"https:\/\/upla.cl\/noticias\/wp-content\/uploads\/2026\/04\/exposicion_victor_jara_san_felipe5-1024x683.jpg\" alt=\"\" width=\"618\" height=\"412\" srcset=\"https:\/\/upla.cl\/noticias\/wp-content\/uploads\/2026\/04\/exposicion_victor_jara_san_felipe5-1024x683.jpg 1024w, https:\/\/upla.cl\/noticias\/wp-content\/uploads\/2026\/04\/exposicion_victor_jara_san_felipe5-300x200.jpg 300w, https:\/\/upla.cl\/noticias\/wp-content\/uploads\/2026\/04\/exposicion_victor_jara_san_felipe5-150x100.jpg 150w, https:\/\/upla.cl\/noticias\/wp-content\/uploads\/2026\/04\/exposicion_victor_jara_san_felipe5-768x512.jpg 768w, https:\/\/upla.cl\/noticias\/wp-content\/uploads\/2026\/04\/exposicion_victor_jara_san_felipe5-1536x1024.jpg 1536w, https:\/\/upla.cl\/noticias\/wp-content\/uploads\/2026\/04\/exposicion_victor_jara_san_felipe5.jpg 1920w\" sizes=\"auto, (max-width: 618px) 100vw, 618px\" \/><\/a><\/p>\n<p>El campus San Felipe inaugur\u00f3 oficialmente la exposici\u00f3n \u201cEl mundo gira y crea porque existe el amor\u201d, potente muestra que recorre el patrimonio hist\u00f3rico, social, cultural, pol\u00edtico y art\u00edstico del cantautor chileno V\u00edctor Jara, y que estar\u00e1 abierta a la comunidad hasta mediados de abril.<\/p>\n<p>La exposici\u00f3n consta de 40 l\u00e1minas que vinculan las letras y escritos del artista nacional con fotograf\u00edas de la \u00e9poca en que vivi\u00f3, y que relacionan al amor con conceptos como la justicia, la creaci\u00f3n y el trabajo, entre otros. Est\u00e1 distribuida en secciones que posibilitan un acercamiento a la trascendencia, historia y humanidad de V\u00edctor Jara y su compa\u00f1era Joan Turner, permitiendo dimensionar c\u00f3mo a trav\u00e9s de su quehacer despert\u00f3 y despierta transversalmente a todas las generaciones la conciencia y la memoria de una \u00e9poca.<\/p>\n<p><a href=\"https:\/\/upla.cl\/noticias\/wp-content\/uploads\/2026\/04\/exposicion_victor_jara_-san_felipe2.jpg\"><img loading=\"lazy\" decoding=\"async\" class=\"alignright size-medium wp-image-196218\" src=\"https:\/\/upla.cl\/noticias\/wp-content\/uploads\/2026\/04\/exposicion_victor_jara_-san_felipe2-300x200.jpg\" alt=\"\" width=\"300\" height=\"200\" srcset=\"https:\/\/upla.cl\/noticias\/wp-content\/uploads\/2026\/04\/exposicion_victor_jara_-san_felipe2-300x200.jpg 300w, https:\/\/upla.cl\/noticias\/wp-content\/uploads\/2026\/04\/exposicion_victor_jara_-san_felipe2-1024x683.jpg 1024w, https:\/\/upla.cl\/noticias\/wp-content\/uploads\/2026\/04\/exposicion_victor_jara_-san_felipe2-150x100.jpg 150w, https:\/\/upla.cl\/noticias\/wp-content\/uploads\/2026\/04\/exposicion_victor_jara_-san_felipe2-768x512.jpg 768w, https:\/\/upla.cl\/noticias\/wp-content\/uploads\/2026\/04\/exposicion_victor_jara_-san_felipe2-1536x1024.jpg 1536w, https:\/\/upla.cl\/noticias\/wp-content\/uploads\/2026\/04\/exposicion_victor_jara_-san_felipe2.jpg 1920w\" sizes=\"auto, (max-width: 300px) 100vw, 300px\" \/><\/a>Cabe recordar que tras ser exhibida en Valpara\u00edso, la muestra arrib\u00f3 al Valle de Aconcagua gracias a un trabajo colaborativo entre el <strong>campus San Felipe y el \u00e1rea de Vinculaci\u00f3n y Extensi\u00f3n del Sistema de Bibliotecas de la UPLA<\/strong>. Esto, en el marco de un convenio de colaboraci\u00f3n firmado por la Universidad y Fundaci\u00f3n V\u00edctor Jara.<\/p>\n<p>Durante la inauguraci\u00f3n estuvo presente <strong>la directora del campus, Claudia Concha Erices<\/strong>, quien destaca que \u201cla exhibici\u00f3n dedicada a V\u00edctor Jara representa una valiosa oportunidad para acercar a la comunidad a la memoria, la cultura y el legado art\u00edstico de uno de los referentes m\u00e1s significativos de la m\u00fasica y la historia social de Chile.\u00a0Para nuestro campus es muy importante abrir estos espacios culturales, que fortalecen el v\u00ednculo con el territorio y permiten que estudiantes y comunidad puedan encontrarse con expresiones que forman parte de nuestra identidad y patrimonio\u201d.<\/p>\n<p><a href=\"https:\/\/upla.cl\/noticias\/wp-content\/uploads\/2026\/04\/exposicion_victor_jara_-san_felipe6.jpg\"><img loading=\"lazy\" decoding=\"async\" class=\"alignright size-medium wp-image-196219\" src=\"https:\/\/upla.cl\/noticias\/wp-content\/uploads\/2026\/04\/exposicion_victor_jara_-san_felipe6-300x200.jpg\" alt=\"\" width=\"300\" height=\"200\" srcset=\"https:\/\/upla.cl\/noticias\/wp-content\/uploads\/2026\/04\/exposicion_victor_jara_-san_felipe6-300x200.jpg 300w, https:\/\/upla.cl\/noticias\/wp-content\/uploads\/2026\/04\/exposicion_victor_jara_-san_felipe6-1024x683.jpg 1024w, https:\/\/upla.cl\/noticias\/wp-content\/uploads\/2026\/04\/exposicion_victor_jara_-san_felipe6-150x100.jpg 150w, https:\/\/upla.cl\/noticias\/wp-content\/uploads\/2026\/04\/exposicion_victor_jara_-san_felipe6-768x512.jpg 768w, https:\/\/upla.cl\/noticias\/wp-content\/uploads\/2026\/04\/exposicion_victor_jara_-san_felipe6-1536x1024.jpg 1536w, https:\/\/upla.cl\/noticias\/wp-content\/uploads\/2026\/04\/exposicion_victor_jara_-san_felipe6.jpg 1920w\" sizes=\"auto, (max-width: 300px) 100vw, 300px\" \/><\/a>Junto a la directora Claudia Concha particip\u00f3 tambi\u00e9n de la actividad el <strong>director de la sede de la Universidad de Valpara\u00edso en Aconcagua, Francisco Pantoja Molina<\/strong>, as\u00ed como tambi\u00e9n acad\u00e9micos, funcionarios y estudiantes de la UPLA, ante quienes se llev\u00f3 a cabo una breve charla en el auditorio a cargo del <strong>profesor de la carrera de <a href=\"https:\/\/upla.cl\/facultad\/humanidades\/pedagogia-en-historia-y-geografia\/\">Pedagog\u00eda en Historia y Geograf\u00eda<\/a>, Gonzalo Salda\u00f1a \u00c1lvarez<\/strong>, el que abord\u00f3 el contexto hist\u00f3rico en el que V\u00edctor Jara desarroll\u00f3 su vida y obra.<\/p>\n<p><a href=\"https:\/\/upla.cl\/noticias\/wp-content\/uploads\/2026\/04\/exposicion_victor_jara_-san_felipe_8.jpg\"><img loading=\"lazy\" decoding=\"async\" class=\"alignright size-medium wp-image-196222\" src=\"https:\/\/upla.cl\/noticias\/wp-content\/uploads\/2026\/04\/exposicion_victor_jara_-san_felipe_8-300x200.jpg\" alt=\"\" width=\"300\" height=\"200\" srcset=\"https:\/\/upla.cl\/noticias\/wp-content\/uploads\/2026\/04\/exposicion_victor_jara_-san_felipe_8-300x200.jpg 300w, https:\/\/upla.cl\/noticias\/wp-content\/uploads\/2026\/04\/exposicion_victor_jara_-san_felipe_8-1024x683.jpg 1024w, https:\/\/upla.cl\/noticias\/wp-content\/uploads\/2026\/04\/exposicion_victor_jara_-san_felipe_8-150x100.jpg 150w, https:\/\/upla.cl\/noticias\/wp-content\/uploads\/2026\/04\/exposicion_victor_jara_-san_felipe_8-768x512.jpg 768w, https:\/\/upla.cl\/noticias\/wp-content\/uploads\/2026\/04\/exposicion_victor_jara_-san_felipe_8-1536x1024.jpg 1536w, https:\/\/upla.cl\/noticias\/wp-content\/uploads\/2026\/04\/exposicion_victor_jara_-san_felipe_8.jpg 1920w\" sizes=\"auto, (max-width: 300px) 100vw, 300px\" \/><\/a>Acompa\u00f1\u00f3 al profesor Salda\u00f1a en la mesa de conversaci\u00f3n, <strong>Sergio Esparza Delgado, encargado de Vinculaci\u00f3n y Extensi\u00f3n del Sistema de Bibliotecas de la UPLA<\/strong>, quien adem\u00e1s interpret\u00f3 junto a su guitarra tres reconocidas canciones del cantautor nacional, para luego guiar el recorrido que realizaron los asistentes por la totalidad de la exposici\u00f3n \u201cEl mundo gira y crea porque existe el amor\u201d, comenzando en la Biblioteca del campus, continuando en el edificio administrativo y finalizando en el auditorio de la sede universitaria.<\/p>\n<p><a href=\"https:\/\/upla.cl\/noticias\/wp-content\/uploads\/2026\/04\/exposicion_victor_jara_san_felipe3.jpg\"><img loading=\"lazy\" decoding=\"async\" class=\"alignright size-medium wp-image-196217\" src=\"https:\/\/upla.cl\/noticias\/wp-content\/uploads\/2026\/04\/exposicion_victor_jara_san_felipe3-300x200.jpg\" alt=\"\" width=\"300\" height=\"200\" srcset=\"https:\/\/upla.cl\/noticias\/wp-content\/uploads\/2026\/04\/exposicion_victor_jara_san_felipe3-300x200.jpg 300w, https:\/\/upla.cl\/noticias\/wp-content\/uploads\/2026\/04\/exposicion_victor_jara_san_felipe3-1024x683.jpg 1024w, https:\/\/upla.cl\/noticias\/wp-content\/uploads\/2026\/04\/exposicion_victor_jara_san_felipe3-150x100.jpg 150w, https:\/\/upla.cl\/noticias\/wp-content\/uploads\/2026\/04\/exposicion_victor_jara_san_felipe3-768x512.jpg 768w, https:\/\/upla.cl\/noticias\/wp-content\/uploads\/2026\/04\/exposicion_victor_jara_san_felipe3-1536x1024.jpg 1536w, https:\/\/upla.cl\/noticias\/wp-content\/uploads\/2026\/04\/exposicion_victor_jara_san_felipe3.jpg 1920w\" sizes=\"auto, (max-width: 300px) 100vw, 300px\" \/><\/a>Al respecto,<strong> Sergio Esparza<\/strong> sostiene que \u201cpara nosotros es un plus que la UPLA tenga el campus San Felipe y nos permita promover la cultura y el arte, como parte de la esencia, de la misi\u00f3n de nuestra Universidad, y a su vez responder a la necesidad de este tipo de actividades que tiene toda la regi\u00f3n de Valpara\u00edso y el Valle de Aconcagua, en el sentido de dar a conocer y promover lo que nos dio la historia, lo que nos da la cultura y la m\u00fasica, en las nuevas generaciones, en los futuros profesionales, para que sepan que hay una historia que tambi\u00e9n es parte de su historia\u201d.<\/p>\n<p><em>Fuente: Daniel Labb\u00e9 Y., periodista Direcci\u00f3n General de Vinculaci\u00f3n con el Medio \/ Campus<\/em><br \/>\n<em>San Felipe.<\/em><\/p>\n","protected":false},"excerpt":{"rendered":"<p>La muestra presente en la UPLA gracias a un convenio de colaboraci\u00f3n con la Fundaci\u00f3n V\u00edctor Jara, posibilita un acercamiento a la trascendencia, historia y humanidad del cantautor nacional.<\/p>\n","protected":false},"author":10,"featured_media":196220,"comment_status":"closed","ping_status":"open","sticky":false,"template":"","format":"standard","meta":{"footnotes":""},"categories":[96,51,60,40,97,98,91],"tags":[],"class_list":["post-196215","post","type-post","status-publish","format-standard","has-post-thumbnail","","category-academicos","category-academia","category-campus-san-felipe","category-destacados","category-estudiantes","category-gestion","category-vinculacion-con-el-medio"],"_links":{"self":[{"href":"https:\/\/upla.cl\/noticias\/wp-json\/wp\/v2\/posts\/196215","targetHints":{"allow":["GET"]}}],"collection":[{"href":"https:\/\/upla.cl\/noticias\/wp-json\/wp\/v2\/posts"}],"about":[{"href":"https:\/\/upla.cl\/noticias\/wp-json\/wp\/v2\/types\/post"}],"author":[{"embeddable":true,"href":"https:\/\/upla.cl\/noticias\/wp-json\/wp\/v2\/users\/10"}],"replies":[{"embeddable":true,"href":"https:\/\/upla.cl\/noticias\/wp-json\/wp\/v2\/comments?post=196215"}],"version-history":[{"count":1,"href":"https:\/\/upla.cl\/noticias\/wp-json\/wp\/v2\/posts\/196215\/revisions"}],"predecessor-version":[{"id":196223,"href":"https:\/\/upla.cl\/noticias\/wp-json\/wp\/v2\/posts\/196215\/revisions\/196223"}],"wp:featuredmedia":[{"embeddable":true,"href":"https:\/\/upla.cl\/noticias\/wp-json\/wp\/v2\/media\/196220"}],"wp:attachment":[{"href":"https:\/\/upla.cl\/noticias\/wp-json\/wp\/v2\/media?parent=196215"}],"wp:term":[{"taxonomy":"category","embeddable":true,"href":"https:\/\/upla.cl\/noticias\/wp-json\/wp\/v2\/categories?post=196215"},{"taxonomy":"post_tag","embeddable":true,"href":"https:\/\/upla.cl\/noticias\/wp-json\/wp\/v2\/tags?post=196215"}],"curies":[{"name":"wp","href":"https:\/\/api.w.org\/{rel}","templated":true}]}}