{"id":196225,"date":"2026-04-06T16:58:09","date_gmt":"2026-04-06T20:58:09","guid":{"rendered":"https:\/\/upla.cl\/noticias\/?p=196225"},"modified":"2026-04-06T16:58:23","modified_gmt":"2026-04-06T20:58:23","slug":"no-te-quedes-fuera-del-taller-de-jiu-jitsu-brasileno-formativo","status":"publish","type":"post","link":"https:\/\/upla.cl\/noticias\/2026\/04\/06\/no-te-quedes-fuera-del-taller-de-jiu-jitsu-brasileno-formativo\/","title":{"rendered":"No te quedes fuera del taller de Jiu Jitsu Brasile\u00f1o Formativo"},"content":{"rendered":"<p><a href=\"https:\/\/upla.cl\/noticias\/wp-content\/uploads\/2026\/04\/Jiujitsu.sem1_.2026-.jpg\"><img loading=\"lazy\" decoding=\"async\" class=\"alignright size-medium wp-image-196226\" src=\"https:\/\/upla.cl\/noticias\/wp-content\/uploads\/2026\/04\/Jiujitsu.sem1_.2026--240x300.jpg\" alt=\"\" width=\"240\" height=\"300\" srcset=\"https:\/\/upla.cl\/noticias\/wp-content\/uploads\/2026\/04\/Jiujitsu.sem1_.2026--240x300.jpg 240w, https:\/\/upla.cl\/noticias\/wp-content\/uploads\/2026\/04\/Jiujitsu.sem1_.2026--819x1024.jpg 819w, https:\/\/upla.cl\/noticias\/wp-content\/uploads\/2026\/04\/Jiujitsu.sem1_.2026--120x150.jpg 120w, https:\/\/upla.cl\/noticias\/wp-content\/uploads\/2026\/04\/Jiujitsu.sem1_.2026--768x960.jpg 768w, https:\/\/upla.cl\/noticias\/wp-content\/uploads\/2026\/04\/Jiujitsu.sem1_.2026--1229x1536.jpg 1229w, https:\/\/upla.cl\/noticias\/wp-content\/uploads\/2026\/04\/Jiujitsu.sem1_.2026-.jpg 1536w\" sizes=\"auto, (max-width: 240px) 100vw, 240px\" \/><\/a>La <strong>Direcci\u00f3n de Deportes y Recreaci\u00f3n<\/strong>, perteneciente a la Direcci\u00f3n General de Desarrollo Estudiantil, invita a toda la comunidad UPLA del campus Valpara\u00edso a sumarse al programa de <strong>Jiu Jitsu Brasile\u00f1o Formativo<\/strong>.<\/p>\n<p>Esta iniciativa busca entregar a estudiantes, funcionarios y acad\u00e9micos herramientas pr\u00e1cticas y te\u00f3ricas de este arte marcial, con un enfoque integral, que va m\u00e1s all\u00e1 de la t\u00e9cnica deportiva.<\/p>\n<h4><strong>Objetivos del programa<\/strong><\/h4>\n<p>El taller est\u00e1 dise\u00f1ado para que los participantes logren:<\/p>\n<ul>\n<li><strong>Dominar fundamentos b\u00e1sicos:<\/strong> Aprendizaje de t\u00e9cnicas eficaces, incluso ante oponentes de mayor tama\u00f1o.<\/li>\n<li><strong>Autodefensa y seguridad:<\/strong> Desarrollo de habilidades para la protecci\u00f3n personal.<\/li>\n<li><strong>Bienestar integral:<\/strong> Fomentar la salud f\u00edsica, mental y social, a trav\u00e9s del ejercicio constante.<\/li>\n<li><strong>Fortaleza mental:<\/strong> Potenciar la disciplina y el equilibrio emocional.<\/li>\n<\/ul>\n<p>Las sesiones estar\u00e1n guiadas por el monitor y estudiante de Derecho, <strong>Bayron Ram\u00edrez Miranda,<\/strong> y se realizar\u00e1n en los siguientes horarios:<\/p>\n<ul>\n<li><strong>Inicio:<\/strong> Mi\u00e9rcoles 08 de abril.<\/li>\n<li><strong>Horario:<\/strong> 14:00 a 15:15 horas.<\/li>\n<li><strong>Lugar:<\/strong> Gimnasio FEL, Casa Central.<\/li>\n<\/ul>\n<h4><strong>\u00bfC\u00f3mo inscribirse?<\/strong><\/h4>\n<p>Los interesados deben realizar su registro de manera digital, siguiendo estos pasos:<\/p>\n<ol>\n<li>Ingresar al portal <strong>SINTE<\/strong>.<\/li>\n<li>Acceder a la aplicaci\u00f3n <strong>\u00abDeportes y Recreaci\u00f3n\u00bb<\/strong>.<\/li>\n<li>Seleccionar la opci\u00f3n <strong>\u00abProgramas disponibles\u00bb<\/strong> e inscribirse.<\/li>\n<li>Completar el proceso subiendo la documentaci\u00f3n requerida en la secci\u00f3n <strong>\u00abMis Datos &#8211; Cargar Documentos\u00bb<\/strong>.<\/li>\n<\/ol>\n<p>&nbsp;<\/p>\n","protected":false},"excerpt":{"rendered":"<p>Esta iniciativa busca entregar a estudiantes, funcionarios y acad\u00e9micos herramientas pr\u00e1cticas y te\u00f3ricas de este arte marcial, con un enfoque integral, que va m\u00e1s all\u00e1 de la t\u00e9cnica deportiva.<\/p>\n","protected":false},"author":10,"featured_media":196227,"comment_status":"closed","ping_status":"open","sticky":false,"template":"","format":"standard","meta":{"footnotes":""},"categories":[42,201,97,99],"tags":[],"class_list":["post-196225","post","type-post","status-publish","format-standard","has-post-thumbnail","","category-deportes","category-desarrollo-estudiantil","category-estudiantes","category-funcionarios"],"_links":{"self":[{"href":"https:\/\/upla.cl\/noticias\/wp-json\/wp\/v2\/posts\/196225","targetHints":{"allow":["GET"]}}],"collection":[{"href":"https:\/\/upla.cl\/noticias\/wp-json\/wp\/v2\/posts"}],"about":[{"href":"https:\/\/upla.cl\/noticias\/wp-json\/wp\/v2\/types\/post"}],"author":[{"embeddable":true,"href":"https:\/\/upla.cl\/noticias\/wp-json\/wp\/v2\/users\/10"}],"replies":[{"embeddable":true,"href":"https:\/\/upla.cl\/noticias\/wp-json\/wp\/v2\/comments?post=196225"}],"version-history":[{"count":2,"href":"https:\/\/upla.cl\/noticias\/wp-json\/wp\/v2\/posts\/196225\/revisions"}],"predecessor-version":[{"id":196229,"href":"https:\/\/upla.cl\/noticias\/wp-json\/wp\/v2\/posts\/196225\/revisions\/196229"}],"wp:featuredmedia":[{"embeddable":true,"href":"https:\/\/upla.cl\/noticias\/wp-json\/wp\/v2\/media\/196227"}],"wp:attachment":[{"href":"https:\/\/upla.cl\/noticias\/wp-json\/wp\/v2\/media?parent=196225"}],"wp:term":[{"taxonomy":"category","embeddable":true,"href":"https:\/\/upla.cl\/noticias\/wp-json\/wp\/v2\/categories?post=196225"},{"taxonomy":"post_tag","embeddable":true,"href":"https:\/\/upla.cl\/noticias\/wp-json\/wp\/v2\/tags?post=196225"}],"curies":[{"name":"wp","href":"https:\/\/api.w.org\/{rel}","templated":true}]}}