{"id":196258,"date":"2026-04-07T13:22:08","date_gmt":"2026-04-07T17:22:08","guid":{"rendered":"https:\/\/upla.cl\/noticias\/?p=196258"},"modified":"2026-04-07T13:22:08","modified_gmt":"2026-04-07T17:22:08","slug":"sala-upla-lanza-su-temporada-2026-una-cartelera-que-apuesta-por-creadores-locales-y-teatro-contemporaneo","status":"publish","type":"post","link":"https:\/\/upla.cl\/noticias\/2026\/04\/07\/sala-upla-lanza-su-temporada-2026-una-cartelera-que-apuesta-por-creadores-locales-y-teatro-contemporaneo\/","title":{"rendered":"Sala UPLA lanza su Temporada 2026: una cartelera que apuesta por creadores locales y teatro contempor\u00e1neo"},"content":{"rendered":"<p><a href=\"https:\/\/upla.cl\/noticias\/wp-content\/uploads\/2026\/04\/Persona.jpg\"><img loading=\"lazy\" decoding=\"async\" class=\"alignright  wp-image-196259\" src=\"https:\/\/upla.cl\/noticias\/wp-content\/uploads\/2026\/04\/Persona-1024x765.jpg\" alt=\"\" width=\"352\" height=\"263\" srcset=\"https:\/\/upla.cl\/noticias\/wp-content\/uploads\/2026\/04\/Persona-1024x765.jpg 1024w, https:\/\/upla.cl\/noticias\/wp-content\/uploads\/2026\/04\/Persona-300x224.jpg 300w, https:\/\/upla.cl\/noticias\/wp-content\/uploads\/2026\/04\/Persona-150x112.jpg 150w, https:\/\/upla.cl\/noticias\/wp-content\/uploads\/2026\/04\/Persona-768x573.jpg 768w, https:\/\/upla.cl\/noticias\/wp-content\/uploads\/2026\/04\/Persona.jpg 1109w\" sizes=\"auto, (max-width: 352px) 100vw, 352px\" \/><\/a>La <strong>Sala de Arte Esc\u00e9nico de la Universidad de Playa Ancha (Sala UPLA)<\/strong> se prepara para dar inicio a su <strong>programaci\u00f3n del primer semestre<\/strong> este viernes 10 de abril. Con una selecci\u00f3n que transita entre el drama psicol\u00f3gico, dramaturgos locales y el remontaje de cl\u00e1sicos del teatro nacional y universal bajo nuevas miradas, el espacio universitario reafirma su rol como uno de los polos culturales permanentes de Valpara\u00edso.<\/p>\n<p>Sala UPLA <strong>abrir\u00e1 sus puertas con la obra \u201cPERSONA\u201d, el viernes 10 y s\u00e1bado 11 de abril.<\/strong> A partir de un guion cinematogr\u00e1fico <strong>del director sueco Ingmar Bergman, esta versi\u00f3n adaptada para el teatro por las actrices Abril Ortega y Monserrat Riquelme,<\/strong> se inspir\u00f3 en el \u201cespacio vac\u00edo\u201d, por lo tanto, es una propuesta esc\u00e9nica minimalista, centrada en el di\u00e1logo actoral que propicia el contacto simple entre las int\u00e9rpretes, invitando a los espectadores a ser parte del silencio y la intimidad de la escena.<\/p>\n<p>La trama sigue a Alma, una joven enfermera que debe cuidar a Elizabeth Vogler, una actriz que deja de hablar repentinamente durante una funci\u00f3n de teatro. La convivencia entre ambas teje un delicado encuentro que explora los anhelos \u00edntimos de la enfermera y los motivos del prolongado silencio de Elizabeth.<\/p>\n<p><strong><a href=\"https:\/\/upla.cl\/noticias\/wp-content\/uploads\/2026\/04\/Cartelera-SAE.jpg\"><img loading=\"lazy\" decoding=\"async\" class=\"alignright wp-image-196260\" src=\"https:\/\/upla.cl\/noticias\/wp-content\/uploads\/2026\/04\/Cartelera-SAE-240x300.jpg\" alt=\"\" width=\"300\" height=\"375\" srcset=\"https:\/\/upla.cl\/noticias\/wp-content\/uploads\/2026\/04\/Cartelera-SAE-240x300.jpg 240w, https:\/\/upla.cl\/noticias\/wp-content\/uploads\/2026\/04\/Cartelera-SAE-819x1024.jpg 819w, https:\/\/upla.cl\/noticias\/wp-content\/uploads\/2026\/04\/Cartelera-SAE-120x150.jpg 120w, https:\/\/upla.cl\/noticias\/wp-content\/uploads\/2026\/04\/Cartelera-SAE-768x960.jpg 768w, https:\/\/upla.cl\/noticias\/wp-content\/uploads\/2026\/04\/Cartelera-SAE-1229x1536.jpg 1229w, https:\/\/upla.cl\/noticias\/wp-content\/uploads\/2026\/04\/Cartelera-SAE-1638x2048.jpg 1638w, https:\/\/upla.cl\/noticias\/wp-content\/uploads\/2026\/04\/Cartelera-SAE.jpg 1920w\" sizes=\"auto, (max-width: 300px) 100vw, 300px\" \/><\/a>Vuelve Escena UPLA<\/strong><\/p>\n<p>Durante el 2025, con el financiamiento de la l\u00ednea de <strong>Apoyo a Teatros Universitarios del Ministerio de las Culturas, las Artes y el Patrimonio,<\/strong> la UPLA logr\u00f3 contar con seis obras teatrales producidas en conjunto con la carrera de Teatro de la Facultad de Arte las cuales ser\u00e1n parte de la temporada 2026. De esta forma el ciclo Escena UPLA destaca por su diversidad est\u00e9tica y tem\u00e1tica, bajo la direcci\u00f3n de artistas locales.<\/p>\n<p>Las obras de este ciclo que se presentar\u00e1n durante abril y mayo son: <strong>\u201c#C4LL3\u201d, escrita por Savka Plancic y dirigida por Andr\u00e9s Hern\u00e1ndez.<\/strong> Esta puesta en escena es una mirada a la marginalidad en las calles de Valpara\u00edso y se presentar\u00e1 desde el <strong>24 al 26 de abril.<\/strong><\/p>\n<p>Durante mayo vuelve <strong>\u201cLa Peque\u00f1a Historia de Chile\u201d, escrita por Marco Antonio de la Parra y bajo la direcci\u00f3n de Giulio Ferretto, los d\u00edas 8, 9 y 10 de mayo.<\/strong> Una obra que explora la memoria nacional.<\/p>\n<p>Luego le sigue <strong>\u201cLemuria\u201d de la compa\u00f1\u00eda santiaguina La Jeanette, donde se aborda la crisis ambiental de los oc\u00e9anos de manera l\u00fadica e inmersiva.<\/strong> Las funciones est\u00e1n programadas para los d\u00edas <strong>15, 16 y 17 de mayo.<\/strong><\/p>\n<p><a href=\"https:\/\/upla.cl\/noticias\/wp-content\/uploads\/2026\/04\/Peer-Gyntt2.jpg\"><img loading=\"lazy\" decoding=\"async\" class=\"alignright size-medium wp-image-196262\" src=\"https:\/\/upla.cl\/noticias\/wp-content\/uploads\/2026\/04\/Peer-Gyntt2-300x215.jpg\" alt=\"\" width=\"300\" height=\"215\" srcset=\"https:\/\/upla.cl\/noticias\/wp-content\/uploads\/2026\/04\/Peer-Gyntt2-300x215.jpg 300w, https:\/\/upla.cl\/noticias\/wp-content\/uploads\/2026\/04\/Peer-Gyntt2-1024x732.jpg 1024w, https:\/\/upla.cl\/noticias\/wp-content\/uploads\/2026\/04\/Peer-Gyntt2-150x107.jpg 150w, https:\/\/upla.cl\/noticias\/wp-content\/uploads\/2026\/04\/Peer-Gyntt2-768x549.jpg 768w, https:\/\/upla.cl\/noticias\/wp-content\/uploads\/2026\/04\/Peer-Gyntt2-1536x1098.jpg 1536w, https:\/\/upla.cl\/noticias\/wp-content\/uploads\/2026\/04\/Peer-Gyntt2.jpg 1920w\" sizes=\"auto, (max-width: 300px) 100vw, 300px\" \/><\/a>Para cerrar mayo vuelve a cartelera una de las obras m\u00e1s vistas y aplaudidas del ciclo Escena UPLA: <strong>Peer Gynt una versi\u00f3n contempor\u00e1nea del texto escrito por Henrik Ibsen, los d\u00edas 29, 30 y 31 de mayo.<\/strong><\/p>\n<p><strong>Horario de las funciones:<\/strong> viernes y s\u00e1bado 19:00 horas \/domingo 18:00 horas.<br \/>\n<strong>Valor de las entradas:<\/strong> General $5000; Estudiantes y Personas Mayores: $3.500; COMUNIDAD UPLA 2X1.<\/p>\n","protected":false},"excerpt":{"rendered":"<p>La programaci\u00f3n del primer semestre comienza este viernes 10 y s\u00e1bado 11 de abril con la obra \u201cPERSONA\u201d, propuesta esc\u00e9nica minimalista adaptada para el teatro por las actrices UPLA Abril Ortega y Monserrat Riquelme e inspirada en el guion cinematogr\u00e1fico del director sueco Ingmar Bergman.<\/p>\n","protected":false},"author":21,"featured_media":196263,"comment_status":"closed","ping_status":"open","sticky":false,"template":"","format":"standard","meta":{"footnotes":""},"categories":[48,52,201,40,69,97,71,208,139,91],"tags":[215,191,214,833,231],"class_list":["post-196258","post","type-post","status-publish","format-standard","has-post-thumbnail","","category-agenda-cultural","category-cultura","category-desarrollo-estudiantil","category-destacados","category-egresados","category-estudiantes","category-facultad-de-arte","category-sala-upla","category-sibupla","category-vinculacion-con-el-medio","tag-facultad-de-arte","tag-sala-upla","tag-teatro","tag-temporada-2026","tag-valparaiso"],"_links":{"self":[{"href":"https:\/\/upla.cl\/noticias\/wp-json\/wp\/v2\/posts\/196258","targetHints":{"allow":["GET"]}}],"collection":[{"href":"https:\/\/upla.cl\/noticias\/wp-json\/wp\/v2\/posts"}],"about":[{"href":"https:\/\/upla.cl\/noticias\/wp-json\/wp\/v2\/types\/post"}],"author":[{"embeddable":true,"href":"https:\/\/upla.cl\/noticias\/wp-json\/wp\/v2\/users\/21"}],"replies":[{"embeddable":true,"href":"https:\/\/upla.cl\/noticias\/wp-json\/wp\/v2\/comments?post=196258"}],"version-history":[{"count":3,"href":"https:\/\/upla.cl\/noticias\/wp-json\/wp\/v2\/posts\/196258\/revisions"}],"predecessor-version":[{"id":196266,"href":"https:\/\/upla.cl\/noticias\/wp-json\/wp\/v2\/posts\/196258\/revisions\/196266"}],"wp:featuredmedia":[{"embeddable":true,"href":"https:\/\/upla.cl\/noticias\/wp-json\/wp\/v2\/media\/196263"}],"wp:attachment":[{"href":"https:\/\/upla.cl\/noticias\/wp-json\/wp\/v2\/media?parent=196258"}],"wp:term":[{"taxonomy":"category","embeddable":true,"href":"https:\/\/upla.cl\/noticias\/wp-json\/wp\/v2\/categories?post=196258"},{"taxonomy":"post_tag","embeddable":true,"href":"https:\/\/upla.cl\/noticias\/wp-json\/wp\/v2\/tags?post=196258"}],"curies":[{"name":"wp","href":"https:\/\/api.w.org\/{rel}","templated":true}]}}