{"id":196264,"date":"2026-04-07T14:52:40","date_gmt":"2026-04-07T18:52:40","guid":{"rendered":"https:\/\/upla.cl\/noticias\/?p=196264"},"modified":"2026-04-07T14:52:40","modified_gmt":"2026-04-07T18:52:40","slug":"congreso-iberoamericano-sobre-indagacion-cientifica-ciice-2026-amplio-plazos-para-registros-y-envio-de-trabajos","status":"publish","type":"post","link":"https:\/\/upla.cl\/noticias\/2026\/04\/07\/congreso-iberoamericano-sobre-indagacion-cientifica-ciice-2026-amplio-plazos-para-registros-y-envio-de-trabajos\/","title":{"rendered":"Congreso Iberoamericano sobre Indagaci\u00f3n Cient\u00edfica (CIICE) 2026 ampli\u00f3 plazos para registros y env\u00edo de trabajos"},"content":{"rendered":"<p><a href=\"https:\/\/upla.cl\/noticias\/wp-content\/uploads\/2026\/04\/Afiche-CIICE-difusio\u0301n-digital3.png\"><img loading=\"lazy\" decoding=\"async\" class=\"alignright size-medium wp-image-196267\" src=\"https:\/\/upla.cl\/noticias\/wp-content\/uploads\/2026\/04\/Afiche-CIICE-difusio\u0301n-digital3-240x300.png\" alt=\"\" width=\"240\" height=\"300\" srcset=\"https:\/\/upla.cl\/noticias\/wp-content\/uploads\/2026\/04\/Afiche-CIICE-difusio\u0301n-digital3-240x300.png 240w, https:\/\/upla.cl\/noticias\/wp-content\/uploads\/2026\/04\/Afiche-CIICE-difusio\u0301n-digital3-819x1024.png 819w, https:\/\/upla.cl\/noticias\/wp-content\/uploads\/2026\/04\/Afiche-CIICE-difusio\u0301n-digital3-120x150.png 120w, https:\/\/upla.cl\/noticias\/wp-content\/uploads\/2026\/04\/Afiche-CIICE-difusio\u0301n-digital3-768x960.png 768w, https:\/\/upla.cl\/noticias\/wp-content\/uploads\/2026\/04\/Afiche-CIICE-difusio\u0301n-digital3-1229x1536.png 1229w, https:\/\/upla.cl\/noticias\/wp-content\/uploads\/2026\/04\/Afiche-CIICE-difusio\u0301n-digital3.png 1536w\" sizes=\"auto, (max-width: 240px) 100vw, 240px\" \/><\/a>Con el objetivo de fomentar una mayor participaci\u00f3n de la comunidad acad\u00e9mica y educativa, el comit\u00e9 organizador del <strong>Congreso Iberoamericano sobre Indagaci\u00f3n Cient\u00edfica (CIICE) 2026<\/strong> inform\u00f3 la ampliaci\u00f3n en los plazos para el registro y env\u00edo de trabajos.<\/p>\n<p>Bajo el lema <strong>\u201cIndagar para comprender, participar para transformar: Puentes entre alfabetizaci\u00f3n cient\u00edfica y sostenibilidad\u201d<\/strong>, este encuentro busca ser un espacio clave para transformar la ense\u00f1anza de las ciencias, mediante el intercambio de experiencias entre la investigaci\u00f3n acad\u00e9mica y la pr\u00e1ctica docente.<\/p>\n<h4><strong>Nuevas fechas\u00a0<\/strong><\/h4>\n<p>Para asegurar que ning\u00fan interesado quede fuera de esta instancia, el cronograma se actualiz\u00f3 de la siguiente manera:<\/p>\n<ul>\n<li><strong>Registro de expositores en Formulario:<\/strong> Hasta el 30 de mayo.<\/li>\n<li><strong>Plazo para el env\u00edo formal de trabajos:<\/strong> 13 de abril al 30 de mayo.<\/li>\n<li><strong>Resultados de selecci\u00f3n:<\/strong> 10 al 20 de julio.<\/li>\n<\/ul>\n<h4><strong>Sobre el Congreso<\/strong><\/h4>\n<p>El CIICE 2026 se realizar\u00e1 desde el 3 al 5 de noviembre en modalidad h\u00edbrida (presencial y virtual), con sedes en la <strong>Universidad de Playa Ancha (Chile)<\/strong> y la <strong>Universidad de M\u00e1laga (Espa\u00f1a)<\/strong>. El evento cuenta con el respaldo de la UMCE, la Red INCE y la Organizaci\u00f3n de Estados Iberoamericanos (OEI).<\/p>\n<p>La <strong>invitaci\u00f3n est\u00e1 abierta a<\/strong> estudiantes de pre y postgrado, acad\u00e9micos, investigadores y docentes, quienes podr\u00e1n participar en las modalidades de Ponencia, P\u00f3ster o Simposio, dentro de siete l\u00edneas tem\u00e1ticas:<\/p>\n<p>1. Indagaci\u00f3n cient\u00edfica en la formaci\u00f3n inicial del profesorado<br \/>\n2. Emociones y ciencias en los procesos de indagaci\u00f3n cient\u00edfica<br \/>\n3. Inclusi\u00f3n, diversidad y g\u00e9nero en los procesos de indagaci\u00f3n cient\u00edfica<br \/>\n4. Contribuci\u00f3n de la indagaci\u00f3n cient\u00edfica al desarrollo sostenible y a la educaci\u00f3n ciudadana<br \/>\n5. Innovaci\u00f3n y tecnolog\u00eda digital para la promoci\u00f3n de la indagaci\u00f3n cient\u00edfica<br \/>\n6. Indagaci\u00f3n cient\u00edfica en la educaci\u00f3n STEM Integrada<br \/>\n7. Proyectos de ABP articulados por indagaci\u00f3n cient\u00edfica<\/p>\n<h4><strong>Actividades<\/strong><\/h4>\n<p><strong>Publicaci\u00f3n:<\/strong> Todos los trabajos aceptados y presentados ser\u00e1n publicados en el libro de actas con registro ISBN por la Editorial Punt\u00e1ngeles de la UPLA.<\/p>\n<p><strong>Mesas Redondas:<\/strong> Se debatir\u00e1n temas cr\u00edticos como la formaci\u00f3n del profesorado, la innovaci\u00f3n tecnol\u00f3gica y la interrelaci\u00f3n entre emociones y sostenibilidad.<\/p>\n<h4><strong>Inscripciones y contacto<\/strong><\/h4>\n<p>Las y los interesados en participar como expositores pueden acceder al formulario de registro en el siguiente enlace: <strong><a href=\"https:\/\/upla.cl\/indagacionenciencias\/registro-de-comunicaciones-trabajos\/\">Formulario de Registro CIICE 2026<\/a>.<\/strong><\/p>\n<p>Para obtener m\u00e1s informaci\u00f3n sobre las bases, l\u00edneas tem\u00e1ticas y detalles del programa, visite el sitio oficial: \u00a0https:\/\/upla.cl\/indagacionenciencias\/<\/p>\n","protected":false},"excerpt":{"rendered":"<p>Hasta el 30 de mayo quienes deseen exponer en este evento, podr\u00e1n registrarse en el formulario de participaci\u00f3n, as\u00ed como enviar sus trabajos entre el 13 de abril y el 30 de mayo.<\/p>\n","protected":false},"author":10,"featured_media":195597,"comment_status":"closed","ping_status":"open","sticky":false,"template":"","format":"standard","meta":{"footnotes":""},"categories":[51,96,40,97,75,43,85,86,91],"tags":[],"class_list":["post-196264","post","type-post","status-publish","format-standard","has-post-thumbnail","","category-academia","category-academicos","category-destacados","category-estudiantes","category-facultad-de-ciencias-naturales-y-exactas","category-investigacion","category-postgrados","category-relaciones-internacionales","category-vinculacion-con-el-medio"],"_links":{"self":[{"href":"https:\/\/upla.cl\/noticias\/wp-json\/wp\/v2\/posts\/196264","targetHints":{"allow":["GET"]}}],"collection":[{"href":"https:\/\/upla.cl\/noticias\/wp-json\/wp\/v2\/posts"}],"about":[{"href":"https:\/\/upla.cl\/noticias\/wp-json\/wp\/v2\/types\/post"}],"author":[{"embeddable":true,"href":"https:\/\/upla.cl\/noticias\/wp-json\/wp\/v2\/users\/10"}],"replies":[{"embeddable":true,"href":"https:\/\/upla.cl\/noticias\/wp-json\/wp\/v2\/comments?post=196264"}],"version-history":[{"count":1,"href":"https:\/\/upla.cl\/noticias\/wp-json\/wp\/v2\/posts\/196264\/revisions"}],"predecessor-version":[{"id":196268,"href":"https:\/\/upla.cl\/noticias\/wp-json\/wp\/v2\/posts\/196264\/revisions\/196268"}],"wp:featuredmedia":[{"embeddable":true,"href":"https:\/\/upla.cl\/noticias\/wp-json\/wp\/v2\/media\/195597"}],"wp:attachment":[{"href":"https:\/\/upla.cl\/noticias\/wp-json\/wp\/v2\/media?parent=196264"}],"wp:term":[{"taxonomy":"category","embeddable":true,"href":"https:\/\/upla.cl\/noticias\/wp-json\/wp\/v2\/categories?post=196264"},{"taxonomy":"post_tag","embeddable":true,"href":"https:\/\/upla.cl\/noticias\/wp-json\/wp\/v2\/tags?post=196264"}],"curies":[{"name":"wp","href":"https:\/\/api.w.org\/{rel}","templated":true}]}}