{"id":196269,"date":"2026-04-07T16:14:02","date_gmt":"2026-04-07T20:14:02","guid":{"rendered":"https:\/\/upla.cl\/noticias\/?p=196269"},"modified":"2026-04-07T16:14:02","modified_gmt":"2026-04-07T20:14:02","slug":"itec-upla-fortalece-su-vinculo-con-el-sector-productivo-y-social-para-potenciar-la-formacion-tecnica","status":"publish","type":"post","link":"https:\/\/upla.cl\/noticias\/2026\/04\/07\/itec-upla-fortalece-su-vinculo-con-el-sector-productivo-y-social-para-potenciar-la-formacion-tecnica\/","title":{"rendered":"ITEC UPLA fortalece su v\u00ednculo con el sector productivo y social para potenciar la formaci\u00f3n t\u00e9cnica"},"content":{"rendered":"<p><a href=\"https:\/\/upla.cl\/noticias\/wp-content\/uploads\/2026\/04\/Gonzalo-Silva-y-Mauricio-Hernandez.jpeg\"><img loading=\"lazy\" decoding=\"async\" class=\"alignleft size-medium wp-image-196273\" src=\"https:\/\/upla.cl\/noticias\/wp-content\/uploads\/2026\/04\/Gonzalo-Silva-y-Mauricio-Hernandez-225x300.jpeg\" alt=\"\" width=\"225\" height=\"300\" srcset=\"https:\/\/upla.cl\/noticias\/wp-content\/uploads\/2026\/04\/Gonzalo-Silva-y-Mauricio-Hernandez-225x300.jpeg 225w, https:\/\/upla.cl\/noticias\/wp-content\/uploads\/2026\/04\/Gonzalo-Silva-y-Mauricio-Hernandez-768x1023.jpeg 768w, https:\/\/upla.cl\/noticias\/wp-content\/uploads\/2026\/04\/Gonzalo-Silva-y-Mauricio-Hernandez-113x150.jpeg 113w, https:\/\/upla.cl\/noticias\/wp-content\/uploads\/2026\/04\/Gonzalo-Silva-y-Mauricio-Hernandez-1153x1536.jpeg 1153w, https:\/\/upla.cl\/noticias\/wp-content\/uploads\/2026\/04\/Gonzalo-Silva-y-Mauricio-Hernandez.jpeg 1200w\" sizes=\"auto, (max-width: 225px) 100vw, 225px\" \/><\/a>El <strong>Instituto Tecnol\u00f3gico de la Universidad de Playa Ancha (ITEC UPLA)<\/strong> contin\u00faa consolidando su despliegue territorial mediante la gesti\u00f3n de nuevas alianzas estrat\u00e9gicas con el sector privado. En un reciente encuentro, el <strong>director del ITEC, Mauricio Hern\u00e1ndez Flores,<\/strong> se reuni\u00f3 con el <strong>representante legal de la empresa Logistic Food, Gonzalo Silva Barrios<\/strong>, con el objetivo de establecer un convenio marco de colaboraci\u00f3n. Esta alianza busca beneficiar directamente a las y los estudiantes de las carreras de T\u00e9cnico o T\u00e9cnica de Nivel Superior en Administraci\u00f3n Log\u00edstica, Contabilidad general y Administraci\u00f3n de Recursos Humanos, facilitando un puente real entre la formaci\u00f3n acad\u00e9mica y el mundo laboral.<\/p>\n<p>Hern\u00e1ndez destac\u00f3 que este acuerdo no solo se limita a la firma de documentos, sino que proyecta un impacto operativo inmediato a trav\u00e9s del desarrollo de proyectos espec\u00edficos. Entre las iniciativas destacan la creaci\u00f3n de nuevos puestos de pr\u00e1cticas profesionales, programas de capacitaci\u00f3n continua y el perfeccionamiento t\u00e9cnico de los alumnos. \u00abPara el ITEC, estas gestiones representan un eje fundamental para asegurar que los futuros t\u00e9cnicos de nivel superior cuenten con competencias actualizadas y pertinentes a las necesidades actuales de la industria regional\u00bb, dijo el director.<\/p>\n<p>Agreg\u00f3 que la estrategia responde a un sello de gesti\u00f3n centrado en la vinculaci\u00f3n directa con el entorno. En este contexto, enfatiz\u00f3 la importancia de la presencia f\u00edsica en las comunidades: \u00abHemos salido a la calle\u2026 empezamos a buscar f\u00f3rmulas y yo estaba convencido que saliendo al terreno, al territorio, a las comunidades, a los espacios donde hay gente que desconoce que puede estudiar, sobre todo carreras t\u00e9cnicas con la gratuidad, lograr\u00edamos enfocar la matr\u00edcula de mejor manera\u00bb, sosotuvo el directivo, subrayando el rol social de la instituci\u00f3n.<\/p>\n<p>En paralelo a la vinculaci\u00f3n empresarial, el ITEC UPLA ha estrechado lazos con organizaciones de la sociedad civil, como la Cooperativa Conc\u00f3n Recicla Ltda. En un encuentro calificado como altamente productivo, representantes del Instituto dialogaron sobre la oferta acad\u00e9mica t\u00e9cnico-profesional, abriendo la posibilidad de que los integrantes de dicha cooperativa se incorporen como nuevos estudiantes. Este acercamiento refuerza el compromiso del Instituto por llevar la educaci\u00f3n superior a sectores que, mediante el beneficio de la gratuidad, pueden transformar su realidad laboral y social.<\/p>\n<p>Finalmente, este despliegue territorial permiti\u00f3 al ITEC proyectar un crecimiento hist\u00f3rico en su comunidad estudiantil, con lo cual se consolida como un actor relevante y necesario en la educaci\u00f3n t\u00e9cnica de la Regi\u00f3n de Valpara\u00edso, validando su modelo de gesti\u00f3n basado en la cercan\u00eda y la excelencia acad\u00e9mica.<\/p>\n","protected":false},"excerpt":{"rendered":"<p>La instituci\u00f3n busca potenciar la empleabilidad en \u00e1reas de log\u00edstica, contabilidad y recursos humanos mediante alianzas con el sector privado y organizaciones sociales.<\/p>\n","protected":false},"author":3,"featured_media":196274,"comment_status":"closed","ping_status":"open","sticky":false,"template":"","format":"standard","meta":{"footnotes":""},"categories":[40,101,83],"tags":[],"class_list":["post-196269","post","type-post","status-publish","format-standard","has-post-thumbnail","","category-destacados","category-docencia","category-instituto-tecnologico"],"_links":{"self":[{"href":"https:\/\/upla.cl\/noticias\/wp-json\/wp\/v2\/posts\/196269","targetHints":{"allow":["GET"]}}],"collection":[{"href":"https:\/\/upla.cl\/noticias\/wp-json\/wp\/v2\/posts"}],"about":[{"href":"https:\/\/upla.cl\/noticias\/wp-json\/wp\/v2\/types\/post"}],"author":[{"embeddable":true,"href":"https:\/\/upla.cl\/noticias\/wp-json\/wp\/v2\/users\/3"}],"replies":[{"embeddable":true,"href":"https:\/\/upla.cl\/noticias\/wp-json\/wp\/v2\/comments?post=196269"}],"version-history":[{"count":1,"href":"https:\/\/upla.cl\/noticias\/wp-json\/wp\/v2\/posts\/196269\/revisions"}],"predecessor-version":[{"id":196275,"href":"https:\/\/upla.cl\/noticias\/wp-json\/wp\/v2\/posts\/196269\/revisions\/196275"}],"wp:featuredmedia":[{"embeddable":true,"href":"https:\/\/upla.cl\/noticias\/wp-json\/wp\/v2\/media\/196274"}],"wp:attachment":[{"href":"https:\/\/upla.cl\/noticias\/wp-json\/wp\/v2\/media?parent=196269"}],"wp:term":[{"taxonomy":"category","embeddable":true,"href":"https:\/\/upla.cl\/noticias\/wp-json\/wp\/v2\/categories?post=196269"},{"taxonomy":"post_tag","embeddable":true,"href":"https:\/\/upla.cl\/noticias\/wp-json\/wp\/v2\/tags?post=196269"}],"curies":[{"name":"wp","href":"https:\/\/api.w.org\/{rel}","templated":true}]}}