{"id":196290,"date":"2026-04-08T10:43:30","date_gmt":"2026-04-08T14:43:30","guid":{"rendered":"https:\/\/upla.cl\/noticias\/?p=196290"},"modified":"2026-04-08T17:54:25","modified_gmt":"2026-04-08T21:54:25","slug":"facultad-de-humanidades-de-la-upla-potencia-la-investigacion-intercultural-con-presentacion-de-proyecto-postdoctoral","status":"publish","type":"post","link":"https:\/\/upla.cl\/noticias\/2026\/04\/08\/facultad-de-humanidades-de-la-upla-potencia-la-investigacion-intercultural-con-presentacion-de-proyecto-postdoctoral\/","title":{"rendered":"Facultad de Humanidades de la UPLA potencia la investigaci\u00f3n intercultural con presentaci\u00f3n de proyecto postdoctoral"},"content":{"rendered":"<p><a href=\"https:\/\/upla.cl\/noticias\/wp-content\/uploads\/2026\/04\/postdoctorado_carlosmiranda_humanidadesupla.jpg\"><img loading=\"lazy\" decoding=\"async\" class=\"alignright  wp-image-196291\" src=\"https:\/\/upla.cl\/noticias\/wp-content\/uploads\/2026\/04\/postdoctorado_carlosmiranda_humanidadesupla.jpg\" alt=\"\" width=\"351\" height=\"263\" srcset=\"https:\/\/upla.cl\/noticias\/wp-content\/uploads\/2026\/04\/postdoctorado_carlosmiranda_humanidadesupla.jpg 1280w, https:\/\/upla.cl\/noticias\/wp-content\/uploads\/2026\/04\/postdoctorado_carlosmiranda_humanidadesupla-300x225.jpg 300w, https:\/\/upla.cl\/noticias\/wp-content\/uploads\/2026\/04\/postdoctorado_carlosmiranda_humanidadesupla-1024x768.jpg 1024w, https:\/\/upla.cl\/noticias\/wp-content\/uploads\/2026\/04\/postdoctorado_carlosmiranda_humanidadesupla-150x113.jpg 150w, https:\/\/upla.cl\/noticias\/wp-content\/uploads\/2026\/04\/postdoctorado_carlosmiranda_humanidadesupla-768x576.jpg 768w\" sizes=\"auto, (max-width: 351px) 100vw, 351px\" \/><\/a><strong>\u00bfC\u00f3mo perciben las familias ind\u00edgenas rurales de la Regi\u00f3n de Valpara\u00edso la educaci\u00f3n intercultural y la revitalizaci\u00f3n de su lengua?<\/strong> Fue la interrogante central de la jornada de socializaci\u00f3n de los resultados de la primera etapa del proyecto postdoctoral del <strong>Dr. Carlos Miranda Carvajal<\/strong>.<\/p>\n<p>El acad\u00e9mico, adscrito a la <a href=\"http:\/\/www.upla.cl\/facultad\/humanidades\/\" target=\"_blank\" rel=\"noopener\">Facultad de Humanidades de la Universidad de Playa Ancha<\/a>, desarrolla este Proyecto postdoctoral \u00abEducaci\u00f3n Intercultural y Revitalizaci\u00f3n Ling\u00fc\u00edstica\u00bb gracias al financiamiento del Plan de Fortalecimiento de Universidades Estatales UPA 24991 del Ministerio de Educaci\u00f3n y la Universidad de Playa Ancha de Ciencias de la Educaci\u00f3n.<\/p>\n<p>Reunidos en la Sala Altazor, la <strong>Dra. Candy Veas Fa\u00fandez,<\/strong> Secretaria Acad\u00e9mica de la Facultad de Humanidades, dio la bienvenida a las invitadas y asistentes en representaci\u00f3n de la <strong>Decana<\/strong>, <strong>Dra. Patricia Gonz\u00e1lez San Mart\u00edn<\/strong>.<\/p>\n<p>En su exposici\u00f3n, el <strong>Dr. Miranda Carvajal,<\/strong> en su calidad de investigador responsable, present\u00f3 un resumen de los hallazgos y la producci\u00f3n acad\u00e9mica preliminar de su estudio, los que posteriormente fueron comentados por la autoridad Ancestral Aymara,<strong> Arsenia Apala<\/strong>, y la acad\u00e9mica de la Escuela de Pedagog\u00eda de la Pontificia Universidad Cat\u00f3lica de Valpara\u00edso (PUCV), <strong>Dra. Silvia Red\u00f3n Pantoja<\/strong>.<\/p>\n<p><a href=\"https:\/\/upla.cl\/noticias\/wp-content\/uploads\/2026\/04\/postdoctorado_carlosmiranda_humanidadesupla1.jpg\"><img loading=\"lazy\" decoding=\"async\" class=\"alignright  wp-image-196292\" src=\"https:\/\/upla.cl\/noticias\/wp-content\/uploads\/2026\/04\/postdoctorado_carlosmiranda_humanidadesupla1.jpg\" alt=\"\" width=\"350\" height=\"275\" srcset=\"https:\/\/upla.cl\/noticias\/wp-content\/uploads\/2026\/04\/postdoctorado_carlosmiranda_humanidadesupla1.jpg 960w, https:\/\/upla.cl\/noticias\/wp-content\/uploads\/2026\/04\/postdoctorado_carlosmiranda_humanidadesupla1-300x235.jpg 300w, https:\/\/upla.cl\/noticias\/wp-content\/uploads\/2026\/04\/postdoctorado_carlosmiranda_humanidadesupla1-150x118.jpg 150w, https:\/\/upla.cl\/noticias\/wp-content\/uploads\/2026\/04\/postdoctorado_carlosmiranda_humanidadesupla1-768x602.jpg 768w\" sizes=\"auto, (max-width: 350px) 100vw, 350px\" \/><\/a>Cabe destacar que el inter\u00e9s central de este proyecto postdoctoral en la Facultad de Humanidades es propiciar la incorporaci\u00f3n de enfoques de confluencia interdisciplinar en el diagn\u00f3stico y an\u00e1lisis de los cambios contempor\u00e1neos que repercuten en la educaci\u00f3n y el entendimiento intercultural.<\/p>\n<p>En este \u00e1mbito, las autoridades de la Facultad expresaron que esta unidad acad\u00e9mica ha avanzado en la formalizaci\u00f3n de n\u00facleos de investigaci\u00f3n que dan cuenta de las capacidades e intereses investigativos de su cuerpo acad\u00e9mico, destac\u00e1ndose con relaci\u00f3n a esta propuesta la creaci\u00f3n del <strong>N\u00facleo Lengua, Interculturalidad, Territorio y Migraci\u00f3n<\/strong> (<a href=\"https:\/\/upla.cl\/facultad\/humanidades\/wp-content\/uploads\/2024\/11\/DecretoExento0790-2023CreaUnidadNucleo.pdf\" target=\"_blank\" rel=\"noopener\">Decreto Exento 0790\/2023<\/a>), cuyo objetivo general es desarrollar un espacio multi, inter y transdisciplinario, que propicie la investigaci\u00f3n acad\u00e9mica en torno estas tem\u00e1ticas.<\/p>\n<p>Dentro de sus objetivos espec\u00edficos se encuentra desarrollar nuevos enfoques te\u00f3ricos que conduzcan a una comprensi\u00f3n cada vez m\u00e1s profunda de dichos fen\u00f3menos.<\/p>\n","protected":false},"excerpt":{"rendered":"<p>A trav\u00e9s del Plan de Fortalecimiento de Universidades Estatales, el Dr. Carlos Miranda Carvajal dio a conocer los avances de su estudio, fortaleciendo el nuevo N\u00facleo de Investigaci\u00f3n en Lengua, Interculturalidad, Territorio y Migraci\u00f3n.<\/p>\n","protected":false},"author":2,"featured_media":196291,"comment_status":"closed","ping_status":"open","sticky":false,"template":"","format":"standard","meta":{"footnotes":""},"categories":[40,51,96,77,79,43,91],"tags":[],"class_list":["post-196290","post","type-post","status-publish","format-standard","has-post-thumbnail","","category-destacados","category-academia","category-academicos","category-facultad-de-humanidades","category-fondo-de-fortalecimiento","category-investigacion","category-vinculacion-con-el-medio"],"_links":{"self":[{"href":"https:\/\/upla.cl\/noticias\/wp-json\/wp\/v2\/posts\/196290","targetHints":{"allow":["GET"]}}],"collection":[{"href":"https:\/\/upla.cl\/noticias\/wp-json\/wp\/v2\/posts"}],"about":[{"href":"https:\/\/upla.cl\/noticias\/wp-json\/wp\/v2\/types\/post"}],"author":[{"embeddable":true,"href":"https:\/\/upla.cl\/noticias\/wp-json\/wp\/v2\/users\/2"}],"replies":[{"embeddable":true,"href":"https:\/\/upla.cl\/noticias\/wp-json\/wp\/v2\/comments?post=196290"}],"version-history":[{"count":3,"href":"https:\/\/upla.cl\/noticias\/wp-json\/wp\/v2\/posts\/196290\/revisions"}],"predecessor-version":[{"id":196295,"href":"https:\/\/upla.cl\/noticias\/wp-json\/wp\/v2\/posts\/196290\/revisions\/196295"}],"wp:featuredmedia":[{"embeddable":true,"href":"https:\/\/upla.cl\/noticias\/wp-json\/wp\/v2\/media\/196291"}],"wp:attachment":[{"href":"https:\/\/upla.cl\/noticias\/wp-json\/wp\/v2\/media?parent=196290"}],"wp:term":[{"taxonomy":"category","embeddable":true,"href":"https:\/\/upla.cl\/noticias\/wp-json\/wp\/v2\/categories?post=196290"},{"taxonomy":"post_tag","embeddable":true,"href":"https:\/\/upla.cl\/noticias\/wp-json\/wp\/v2\/tags?post=196290"}],"curies":[{"name":"wp","href":"https:\/\/api.w.org\/{rel}","templated":true}]}}