{"id":196814,"date":"2026-04-30T12:21:03","date_gmt":"2026-04-30T16:21:03","guid":{"rendered":"https:\/\/upla.cl\/noticias\/?p=196814"},"modified":"2026-04-30T12:21:03","modified_gmt":"2026-04-30T16:21:03","slug":"upla-sera-epicentro-del-debate-sobre-educacion-e-interculturalidad-en-america-latina","status":"publish","type":"post","link":"https:\/\/upla.cl\/noticias\/2026\/04\/30\/upla-sera-epicentro-del-debate-sobre-educacion-e-interculturalidad-en-america-latina\/","title":{"rendered":"UPLA ser\u00e1 epicentro del debate sobre educaci\u00f3n e interculturalidad en Am\u00e9rica Latina"},"content":{"rendered":"<p><a href=\"https:\/\/upla.cl\/noticias\/wp-content\/uploads\/2026\/04\/semianrio-educacion.jpg\"><img loading=\"lazy\" decoding=\"async\" class=\"alignleft size-medium wp-image-197016\" src=\"https:\/\/upla.cl\/noticias\/wp-content\/uploads\/2026\/04\/semianrio-educacion-240x300.jpg\" alt=\"\" width=\"240\" height=\"300\" srcset=\"https:\/\/upla.cl\/noticias\/wp-content\/uploads\/2026\/04\/semianrio-educacion-240x300.jpg 240w, https:\/\/upla.cl\/noticias\/wp-content\/uploads\/2026\/04\/semianrio-educacion-819x1024.jpg 819w, https:\/\/upla.cl\/noticias\/wp-content\/uploads\/2026\/04\/semianrio-educacion-120x150.jpg 120w, https:\/\/upla.cl\/noticias\/wp-content\/uploads\/2026\/04\/semianrio-educacion-768x960.jpg 768w, https:\/\/upla.cl\/noticias\/wp-content\/uploads\/2026\/04\/semianrio-educacion-1229x1536.jpg 1229w, https:\/\/upla.cl\/noticias\/wp-content\/uploads\/2026\/04\/semianrio-educacion.jpg 1536w\" sizes=\"auto, (max-width: 240px) 100vw, 240px\" \/><\/a>La <strong>Universidad de Playa Ancha (UPLA)<\/strong> se posiciona una vez m\u00e1s como un referente del pensamiento cr\u00edtico regional al albergar el <strong>Seminario Internacional \u201cEducaci\u00f3n, Pol\u00edtica e Interculturalidad: Construyendo nuevos horizontes desde Am\u00e9rica Latina\u201d.<\/strong> El evento, que se desarrollar\u00e1 el 13 y 14 de mayo en Valpara\u00edso, surge como una colaboraci\u00f3n estrat\u00e9gica entre la <strong><a href=\"https:\/\/redlat.cl\" target=\"_blank\" rel=\"noopener\">Red Latinoamericana de Educaci\u00f3n, Pol\u00edtica e Interculturalidad<\/a> (REDLAT)<\/strong>, el <a href=\"https:\/\/doctoradoeneducacion.cl\" target=\"_blank\" rel=\"noopener\"><strong>Doctorado en Educaci\u00f3n<\/strong><\/a> y el <strong><a href=\"https:\/\/pedagogiascriticas.cl\" target=\"_blank\" rel=\"noopener\">Grupo de Investigaci\u00f3n de Pedagog\u00edas Latinoamericanas<\/a>,<\/strong> lo que reafirma el compromiso institucional con la reflexi\u00f3n social desde el territorio.<\/p>\n<p>La jornada inaugural, que tendr\u00e1 lugar en el <strong>Auditorio del edificio de la Facultad de Ciencias e Ingenier\u00eda<\/strong>, abordar\u00e1 de lleno las tensiones del escenario regional contempor\u00e1neo. Acad\u00e9micas de renombre internacional como <strong>Mercedes Palumbo y Noelia Enriz,<\/strong> provenientes de <strong>Argentina,<\/strong> junto a la investigadora nacional <strong>Silvia Castillo<\/strong>, analizar\u00e1n los desaf\u00edos de la educaci\u00f3n y la pol\u00edtica frente al avance de gobiernos de ultraderecha. Este an\u00e1lisis se complementar\u00e1, durante la tarde, con un di\u00e1logo directo entre representantes de organizaciones ind\u00edgenas y migrantes, quienes compartir\u00e1n sus cr\u00edticas y propuestas para una educaci\u00f3n intercultural situada en el Chile actual.<\/p>\n<p><strong>David G. Miranda, coordinador del Doctorado en Educaci\u00f3n,<\/strong> precis\u00f3 que uno de los hitos m\u00e1s esperados del seminario es la presentaci\u00f3n oficial del libro hom\u00f3nimo al evento, coeditado por<strong> Editorial Ariadna y CLACSO.<\/strong> El lanzamiento, programado para la ma\u00f1ana del jueves 14 en la Sala Altazor, representa el fruto de un trabajo colectivo que busca sistematizar nuevas categor\u00edas pedag\u00f3gicas para el continente. Los comentarios estar\u00e1n a cargo de un panel de expertos internacionales y locales, quienes profundizar\u00e1n en los hallazgos de esta obra que ya se perfila como un texto fundamental para investigadores y tomadores de decisiones en el \u00e1mbito educativo.<\/p>\n<p>La dimensi\u00f3n global de esta cita acad\u00e9mica se consolida mediante la articulaci\u00f3n con la <strong>Universidad Friedrich-Alexander de Erlangen-N\u00faremberg<\/strong> y la participaci\u00f3n de especialistas de Brasil y diversas instituciones nacionales. En la mesa de clausura, el debate se expandir\u00e1 hacia una perspectiva comparada, contando con la visi\u00f3n de <strong>Steffen Brockmann<\/strong> desde Europa y <strong>Lisbet Julca<\/strong> desde la realidad brasile\u00f1a. Esta red de colaboraci\u00f3n internacional subraya la importancia de pensar la educaci\u00f3n inicial y popular no como procesos aislados, sino como ejes transversales que atraviesan fronteras y culturas.<\/p>\n<p>El coordinador del programa extiende la invitaci\u00f3n a toda la comunidad universitaria y al p\u00fablico general a ser parte de este encuentro de entrada liberada, que transformar\u00e1 las dependencias de nuestra Casa Central en un espacio de di\u00e1logo pluralista. Este seminario no solo busca diagnosticar las problem\u00e1ticas actuales, sino, fundamentalmente, proyectar horizontes pedag\u00f3gicos esperanzadores que respondan a la diversidad y complejidad de las sociedades latinoamericanas del siglo XXI.<\/p>\n<p>Programa <a href=\"https:\/\/upla.cl\/noticias\/wp-content\/uploads\/2026\/04\/semianrio-educacion2.jpg\">mi\u00e9rcoles 13 de mayo<\/a><\/p>\n<p>Programa <a href=\"https:\/\/upla.cl\/noticias\/wp-content\/uploads\/2026\/04\/semianrio-educacion2.jpg\">jueves 14 de mayo<\/a><\/p>\n","protected":false},"excerpt":{"rendered":"<p>El encuentro internacional reunir\u00e1 en Valpara\u00edso a expertos de Chile, Argentina, Brasil y Alemania para debatir sobre educaci\u00f3n popular y pol\u00edticas p\u00fablicas. La instancia destaca por el lanzamiento de un nuevo libro de la red REDLAT-CLACSO y el an\u00e1lisis de los desaf\u00edos interculturales en el actual escenario regional.<\/p>\n","protected":false},"author":3,"featured_media":197023,"comment_status":"closed","ping_status":"open","sticky":false,"template":"","format":"standard","meta":{"footnotes":""},"categories":[51,96,40,101,73,85,1],"tags":[],"class_list":["post-196814","post","type-post","status-publish","format-standard","has-post-thumbnail","","category-academia","category-academicos","category-destacados","category-docencia","category-facultad-de-ciencias-de-la-educacion","category-postgrados","category-sin-categoria"],"_links":{"self":[{"href":"https:\/\/upla.cl\/noticias\/wp-json\/wp\/v2\/posts\/196814","targetHints":{"allow":["GET"]}}],"collection":[{"href":"https:\/\/upla.cl\/noticias\/wp-json\/wp\/v2\/posts"}],"about":[{"href":"https:\/\/upla.cl\/noticias\/wp-json\/wp\/v2\/types\/post"}],"author":[{"embeddable":true,"href":"https:\/\/upla.cl\/noticias\/wp-json\/wp\/v2\/users\/3"}],"replies":[{"embeddable":true,"href":"https:\/\/upla.cl\/noticias\/wp-json\/wp\/v2\/comments?post=196814"}],"version-history":[{"count":2,"href":"https:\/\/upla.cl\/noticias\/wp-json\/wp\/v2\/posts\/196814\/revisions"}],"predecessor-version":[{"id":197024,"href":"https:\/\/upla.cl\/noticias\/wp-json\/wp\/v2\/posts\/196814\/revisions\/197024"}],"wp:featuredmedia":[{"embeddable":true,"href":"https:\/\/upla.cl\/noticias\/wp-json\/wp\/v2\/media\/197023"}],"wp:attachment":[{"href":"https:\/\/upla.cl\/noticias\/wp-json\/wp\/v2\/media?parent=196814"}],"wp:term":[{"taxonomy":"category","embeddable":true,"href":"https:\/\/upla.cl\/noticias\/wp-json\/wp\/v2\/categories?post=196814"},{"taxonomy":"post_tag","embeddable":true,"href":"https:\/\/upla.cl\/noticias\/wp-json\/wp\/v2\/tags?post=196814"}],"curies":[{"name":"wp","href":"https:\/\/api.w.org\/{rel}","templated":true}]}}