{"id":196909,"date":"2026-04-27T13:02:20","date_gmt":"2026-04-27T17:02:20","guid":{"rendered":"https:\/\/upla.cl\/noticias\/?p=196909"},"modified":"2026-04-27T13:02:20","modified_gmt":"2026-04-27T17:02:20","slug":"reunidas-2026-upla-apuesta-por-una-ciencia-mas-abierta-inclusiva-y-con-perspectiva-de-genero","status":"publish","type":"post","link":"https:\/\/upla.cl\/noticias\/2026\/04\/27\/reunidas-2026-upla-apuesta-por-una-ciencia-mas-abierta-inclusiva-y-con-perspectiva-de-genero\/","title":{"rendered":"Reunidas 2026: UPLA apuesta por una ciencia m\u00e1s abierta, inclusiva y con perspectiva de g\u00e9nero"},"content":{"rendered":"<p><a href=\"https:\/\/upla.cl\/noticias\/wp-content\/uploads\/2026\/04\/reunidas_red_investigadoras_2026.jpeg\"><img loading=\"lazy\" decoding=\"async\" class=\"aligncenter size-large wp-image-196915\" src=\"https:\/\/upla.cl\/noticias\/wp-content\/uploads\/2026\/04\/reunidas_red_investigadoras_2026-1024x559.jpeg\" alt=\"\" width=\"618\" height=\"337\" srcset=\"https:\/\/upla.cl\/noticias\/wp-content\/uploads\/2026\/04\/reunidas_red_investigadoras_2026-1024x559.jpeg 1024w, https:\/\/upla.cl\/noticias\/wp-content\/uploads\/2026\/04\/reunidas_red_investigadoras_2026-300x164.jpeg 300w, https:\/\/upla.cl\/noticias\/wp-content\/uploads\/2026\/04\/reunidas_red_investigadoras_2026-150x82.jpeg 150w, https:\/\/upla.cl\/noticias\/wp-content\/uploads\/2026\/04\/reunidas_red_investigadoras_2026-768x420.jpeg 768w, https:\/\/upla.cl\/noticias\/wp-content\/uploads\/2026\/04\/reunidas_red_investigadoras_2026-1536x839.jpeg 1536w, https:\/\/upla.cl\/noticias\/wp-content\/uploads\/2026\/04\/reunidas_red_investigadoras_2026.jpeg 1600w\" sizes=\"auto, (max-width: 618px) 100vw, 618px\" \/><\/a><\/p>\n<p>La Universidad de Playa Ancha (UPLA) realiz\u00f3 la jornada \u201cReunidas \u2013 Red de Investigadoras UPLA 2026\u201d, una instancia impulsada por los proyectos <strong>InES Ciencia Abierta<\/strong> e <a href=\"https:\/\/www.upla.cl\/inesgenero\/\"><strong>InES G\u00e9nero<\/strong><\/a>, orientada a promover una reflexi\u00f3n cr\u00edtica sobre las formas en que se produce y circula el conocimiento en la academia.<\/p>\n<p>La actividad se enmarca en el cierre de ambos proyectos y busc\u00f3 consolidar un espacio de encuentro entre quienes investigan, especialmente en el \u00e1mbito de g\u00e9nero, con el desaf\u00edo de proyectar pr\u00e1cticas m\u00e1s abiertas, inclusivas y situadas al interior de la universidad.<\/p>\n<p>A trav\u00e9s de un taller te\u00f3rico-pr\u00e1ctico y espacios de di\u00e1logo, la jornada abord\u00f3 la Ciencia<br \/>\nAbierta desde una perspectiva interseccional, cuestionando los modelos tradicionales de<br \/>\ninvestigaci\u00f3n y poniendo en el centro la necesidad de democratizar el acceso al conocimiento.<\/p>\n<p><a href=\"https:\/\/upla.cl\/noticias\/wp-content\/uploads\/2026\/04\/reunidas_red_investigadoras_2026-1.jpg\"><img loading=\"lazy\" decoding=\"async\" class=\"alignright size-medium wp-image-196914\" src=\"https:\/\/upla.cl\/noticias\/wp-content\/uploads\/2026\/04\/reunidas_red_investigadoras_2026-1-300x225.jpg\" alt=\"\" width=\"300\" height=\"225\" srcset=\"https:\/\/upla.cl\/noticias\/wp-content\/uploads\/2026\/04\/reunidas_red_investigadoras_2026-1-300x225.jpg 300w, https:\/\/upla.cl\/noticias\/wp-content\/uploads\/2026\/04\/reunidas_red_investigadoras_2026-1-1024x768.jpg 1024w, https:\/\/upla.cl\/noticias\/wp-content\/uploads\/2026\/04\/reunidas_red_investigadoras_2026-1-150x113.jpg 150w, https:\/\/upla.cl\/noticias\/wp-content\/uploads\/2026\/04\/reunidas_red_investigadoras_2026-1-768x576.jpg 768w, https:\/\/upla.cl\/noticias\/wp-content\/uploads\/2026\/04\/reunidas_red_investigadoras_2026-1-1536x1152.jpg 1536w, https:\/\/upla.cl\/noticias\/wp-content\/uploads\/2026\/04\/reunidas_red_investigadoras_2026-1.jpg 1920w\" sizes=\"auto, (max-width: 300px) 100vw, 300px\" \/><\/a>La <strong>vicerrectora de Investigaci\u00f3n, Postgrado e Innovaci\u00f3n (VIPEI), Carolina Santelices Werchez<\/strong>, destac\u00f3 que \u201cpostular esta iniciativa surge porque nos parece importante avanzar en la democratizaci\u00f3n del conocimiento. En el contexto editorial global, la universidad p\u00fablica se encuentra en desventaja, por lo que se requiere avanzar en un modelo de publicaci\u00f3n abierto\u201d.<\/p>\n<p>Por su parte, la <strong>coordinadora de la Unidad de G\u00e9nero de la Direcci\u00f3n de Investigaci\u00f3n e InES G\u00e9nero UPLA, Mg. Karimme Morales Aguirre<\/strong>, valor\u00f3 la instancia como el cierre del ciclo de encuentros de la Red de Investigadoras: \u201cLa importancia de este tipo de jornadas es poder arraigar las distintas acciones estrat\u00e9gicas que hemos desarrollado como proyecto durante estos tres a\u00f1os de ejecuci\u00f3n\u201d, afirm\u00f3.<\/p>\n<h4><strong>Reflexiones sobre acceso, equidad y producci\u00f3n de conocimiento<\/strong><\/h4>\n<p><a href=\"https:\/\/upla.cl\/noticias\/wp-content\/uploads\/2026\/04\/reunidas_red_investigadoras_2026_2.jpg\"><img loading=\"lazy\" decoding=\"async\" class=\"alignright size-medium wp-image-196913\" src=\"https:\/\/upla.cl\/noticias\/wp-content\/uploads\/2026\/04\/reunidas_red_investigadoras_2026_2-300x225.jpg\" alt=\"\" width=\"300\" height=\"225\" srcset=\"https:\/\/upla.cl\/noticias\/wp-content\/uploads\/2026\/04\/reunidas_red_investigadoras_2026_2-300x225.jpg 300w, https:\/\/upla.cl\/noticias\/wp-content\/uploads\/2026\/04\/reunidas_red_investigadoras_2026_2-1024x768.jpg 1024w, https:\/\/upla.cl\/noticias\/wp-content\/uploads\/2026\/04\/reunidas_red_investigadoras_2026_2-150x113.jpg 150w, https:\/\/upla.cl\/noticias\/wp-content\/uploads\/2026\/04\/reunidas_red_investigadoras_2026_2-768x576.jpg 768w, https:\/\/upla.cl\/noticias\/wp-content\/uploads\/2026\/04\/reunidas_red_investigadoras_2026_2-1536x1152.jpg 1536w, https:\/\/upla.cl\/noticias\/wp-content\/uploads\/2026\/04\/reunidas_red_investigadoras_2026_2.jpg 1920w\" sizes=\"auto, (max-width: 300px) 100vw, 300px\" \/><\/a>En una primera parte, <strong>Vania Arias Angulo, bibliotec\u00f3loga del proyecto,<\/strong> present\u00f3 una reflexi\u00f3n sobre la incorporaci\u00f3n de la perspectiva de g\u00e9nero en la Ciencia Abierta. Su exposici\u00f3n cuestion\u00f3 los modelos tradicionales de acceso y circulaci\u00f3n del conocimiento, destacando la necesidad de avanzar hacia pr\u00e1cticas m\u00e1s equitativas.<\/p>\n<p>Asimismo, abord\u00f3 los principios promovidos por UNESCO \u2014como la equidad, la justicia, la diversidad y el beneficio colectivo\u2014, subrayando que la Ciencia Abierta implica un cambio sociot\u00e9cnico que transforma la manera en que la investigaci\u00f3n es dise\u00f1ada, realizada y difundida.<\/p>\n<p>Arias tambi\u00e9n se refiri\u00f3 al contexto nacional, advirtiendo que, pese a avances en igualdad de g\u00e9nero, persisten brechas en el sistema de ciencia, tecnolog\u00eda, conocimiento e innovaci\u00f3n, especialmente en la participaci\u00f3n y liderazgo de mujeres.<\/p>\n<p>Respecto al trabajo del proyecto en esta l\u00ednea, se\u00f1al\u00f3: \u201cConjuntamente hemos desarrollado un trabajo bien interesante en torno a compartir metadatos y utilizar la informaci\u00f3n de manera inclusiva, promoviendo que sea abierta en la medida de lo posible y que ambos sistemas puedan dialogar\u201d.<\/p>\n<p>En una segunda parte, <strong>Catalina Soto Cort\u00e9s, tambi\u00e9n bibliotec\u00f3loga del proyecto InES Ciencia Abierta<\/strong>, dio paso al taller \u201cDi\u00e1logos sobre pr\u00e1cticas y principios de ciencia abierta. Mujeres en ciencias\u201d.<\/p>\n<p>El espacio se desarroll\u00f3 de manera participativa, convocando a las y los asistentes a compartir experiencias y reflexionar colectivamente sobre sus propias pr\u00e1cticas investigativas.<\/p>\n<p>La jornada concluy\u00f3 con un \u00e9nfasis en la necesidad de avanzar hacia una investigaci\u00f3n con mayor justicia epistemol\u00f3gica y una real democratizaci\u00f3n del conocimiento, posicionando la integraci\u00f3n de la Ciencia Abierta y la perspectiva de g\u00e9nero como un desaf\u00edo central del<br \/>\nquehacer cient\u00edfico contempor\u00e1neo.<\/p>\n<p><em>Fuente: Jacobi Hadley Valenzuela, periodista de la Vicerrector\u00eda de Investigaci\u00f3n, Postgrado e Innovaci\u00f3n.<\/em><\/p>\n","protected":false},"excerpt":{"rendered":"<p>Encuentro impulsado por los proyectos InES Ciencia Abierta e InES G\u00e9nero, se orient\u00f3 a promover una reflexi\u00f3n cr\u00edtica sobre las formas en que se produce y circula el conocimiento en la academia.<\/p>\n","protected":false},"author":10,"featured_media":196915,"comment_status":"closed","ping_status":"open","sticky":false,"template":"","format":"standard","meta":{"footnotes":""},"categories":[96,51,40,150,715],"tags":[],"class_list":["post-196909","post","type-post","status-publish","format-standard","has-post-thumbnail","","category-academicos","category-academia","category-destacados","category-genero","category-vicerrectoria-de-investigacion"],"_links":{"self":[{"href":"https:\/\/upla.cl\/noticias\/wp-json\/wp\/v2\/posts\/196909","targetHints":{"allow":["GET"]}}],"collection":[{"href":"https:\/\/upla.cl\/noticias\/wp-json\/wp\/v2\/posts"}],"about":[{"href":"https:\/\/upla.cl\/noticias\/wp-json\/wp\/v2\/types\/post"}],"author":[{"embeddable":true,"href":"https:\/\/upla.cl\/noticias\/wp-json\/wp\/v2\/users\/10"}],"replies":[{"embeddable":true,"href":"https:\/\/upla.cl\/noticias\/wp-json\/wp\/v2\/comments?post=196909"}],"version-history":[{"count":3,"href":"https:\/\/upla.cl\/noticias\/wp-json\/wp\/v2\/posts\/196909\/revisions"}],"predecessor-version":[{"id":196922,"href":"https:\/\/upla.cl\/noticias\/wp-json\/wp\/v2\/posts\/196909\/revisions\/196922"}],"wp:featuredmedia":[{"embeddable":true,"href":"https:\/\/upla.cl\/noticias\/wp-json\/wp\/v2\/media\/196915"}],"wp:attachment":[{"href":"https:\/\/upla.cl\/noticias\/wp-json\/wp\/v2\/media?parent=196909"}],"wp:term":[{"taxonomy":"category","embeddable":true,"href":"https:\/\/upla.cl\/noticias\/wp-json\/wp\/v2\/categories?post=196909"},{"taxonomy":"post_tag","embeddable":true,"href":"https:\/\/upla.cl\/noticias\/wp-json\/wp\/v2\/tags?post=196909"}],"curies":[{"name":"wp","href":"https:\/\/api.w.org\/{rel}","templated":true}]}}