{"id":196940,"date":"2026-04-28T12:06:48","date_gmt":"2026-04-28T16:06:48","guid":{"rendered":"https:\/\/upla.cl\/noticias\/?p=196940"},"modified":"2026-04-28T12:06:48","modified_gmt":"2026-04-28T16:06:48","slug":"postgrados-upla-dan-inicio-al-ano-academico-2026-con-enfasis-en-la-investigacion-situada-y-la-excelencia-internacional","status":"publish","type":"post","link":"https:\/\/upla.cl\/noticias\/2026\/04\/28\/postgrados-upla-dan-inicio-al-ano-academico-2026-con-enfasis-en-la-investigacion-situada-y-la-excelencia-internacional\/","title":{"rendered":"Postgrados UPLA dan inicio al A\u00f1o Acad\u00e9mico 2026 con \u00e9nfasis en la investigaci\u00f3n situada y la excelencia internacional"},"content":{"rendered":"<p><a href=\"https:\/\/upla.cl\/noticias\/wp-content\/uploads\/2026\/04\/guillermo_cortes_uvm.jpg\"><img loading=\"lazy\" decoding=\"async\" class=\"alignleft size-medium wp-image-196941\" src=\"https:\/\/upla.cl\/noticias\/wp-content\/uploads\/2026\/04\/guillermo_cortes_uvm-300x200.jpg\" alt=\"\" width=\"300\" height=\"200\" srcset=\"https:\/\/upla.cl\/noticias\/wp-content\/uploads\/2026\/04\/guillermo_cortes_uvm-300x200.jpg 300w, https:\/\/upla.cl\/noticias\/wp-content\/uploads\/2026\/04\/guillermo_cortes_uvm-1024x683.jpg 1024w, https:\/\/upla.cl\/noticias\/wp-content\/uploads\/2026\/04\/guillermo_cortes_uvm-150x100.jpg 150w, https:\/\/upla.cl\/noticias\/wp-content\/uploads\/2026\/04\/guillermo_cortes_uvm-768x512.jpg 768w, https:\/\/upla.cl\/noticias\/wp-content\/uploads\/2026\/04\/guillermo_cortes_uvm-1536x1025.jpg 1536w, https:\/\/upla.cl\/noticias\/wp-content\/uploads\/2026\/04\/guillermo_cortes_uvm.jpg 1920w\" sizes=\"auto, (max-width: 300px) 100vw, 300px\" \/><\/a>La <strong>Universidad de Playa Ancha (UPLA)<\/strong> dio inicio oficial a las actividades acad\u00e9micas de sus programas de postgrado para el periodo 2026, consolidando su compromiso con la formaci\u00f3n avanzada y la generaci\u00f3n de conocimiento. A trav\u00e9s de una serie de jornadas presenciales y virtuales, los programas de mag\u00edster y doctorado marcaron este hito institucional, destacando la relevancia de la vinculaci\u00f3n entre la teor\u00eda acad\u00e9mica y las realidades sociales, educativas y culturales de nuestro tiempo.<\/p>\n<p>En el \u00e1mbito de la <strong>Actividad F\u00edsica para el Desarrollo Humano, el coordinador del Mag\u00edster, Dr. Tom\u00e1s Reyes Amigo<\/strong>, calific\u00f3 la inauguraci\u00f3n como un paso crucial para la primera generaci\u00f3n de estudiantes, quienes ya consolidan competencias desde la pr\u00e1ctica. Este encuentro no solo permiti\u00f3 el intercambio de saberes gracias a destacados expositores, sino que tambi\u00e9n sirvi\u00f3 como plataforma de difusi\u00f3n para la convocatoria 2026-2027, que ya registra un creciente inter\u00e9s con sus primeros postulantes formales.<\/p>\n<p><a href=\"https:\/\/upla.cl\/noticias\/wp-content\/uploads\/2026\/04\/Magister-en-Liderazgo.png\"><img loading=\"lazy\" decoding=\"async\" class=\"alignleft size-medium wp-image-196942\" src=\"https:\/\/upla.cl\/noticias\/wp-content\/uploads\/2026\/04\/Magister-en-Liderazgo-300x225.png\" alt=\"\" width=\"300\" height=\"225\" srcset=\"https:\/\/upla.cl\/noticias\/wp-content\/uploads\/2026\/04\/Magister-en-Liderazgo-300x225.png 300w, https:\/\/upla.cl\/noticias\/wp-content\/uploads\/2026\/04\/Magister-en-Liderazgo-150x112.png 150w, https:\/\/upla.cl\/noticias\/wp-content\/uploads\/2026\/04\/Magister-en-Liderazgo-768x575.png 768w, https:\/\/upla.cl\/noticias\/wp-content\/uploads\/2026\/04\/Magister-en-Liderazgo.png 772w\" sizes=\"auto, (max-width: 300px) 100vw, 300px\" \/><\/a>Por su parte, el <strong>Mag\u00edster en Liderazgo y Gesti\u00f3n de Organizaciones Educativas (MLGOE)<\/strong> celebr\u00f3 su jornada inaugural en la Sala de Conferencias de la <strong>Facultad de Ciencias de la Educaci\u00f3n<\/strong>. La cita se centr\u00f3 en la presentaci\u00f3n de avances de los Trabajos de Grado, donde los maestrandos expusieron investigaciones aplicadas directamente a sus contextos profesionales. Esta metodolog\u00eda asegura que el perfil de egreso del programa responda de manera coherente y pertinente a las necesidades de mejora en las comunidades educativas nacionales.<\/p>\n<p>La<strong> Facultad de Humanidades<\/strong> tambi\u00e9n se hizo presente con la inauguraci\u00f3n conjunta del<strong> Mag\u00edster en Literatura y el Doctorado en Literatura Hispanoamericana Contempor\u00e1nea<\/strong>. Realizada en modalidad virtual, la ceremonia cont\u00f3 con la destacada participaci\u00f3n de la <strong>Dra. Luc\u00eda Stecher de la Universidad Alberto Hurtado.<\/strong> La especialista ofreci\u00f3 la conferencia <strong>\u00abHait\u00ed y sus di\u00e1sporas en la obra de Edwidge Danticat\u00bb,<\/strong> aportando una visi\u00f3n profunda sobre los estudios caribe\u00f1os y las narrativas migrantes, enriqueciendo la perspectiva acad\u00e9mica de estudiantes y acad\u00e9micos.<\/p>\n<p>El <strong>Doctorado en Ciencias Sociales<\/strong> opt\u00f3 por un formato de di\u00e1logo y reflexi\u00f3n cr\u00edtica mediante un conversatorio que sirvi\u00f3 de marco para la presentaci\u00f3n del libro <strong>\u00abLas pasiones alegres del feminismo\u00bb,<\/strong> de <strong>Nayla Luz Vacarezza<\/strong>. La actividad cont\u00f3 con la participaci\u00f3n de la <strong>Dra (c) Consuelo Dinamarca, vocera de la Coordinadora Feminista 8M Valpara\u00edso, y la Dra. Sibila Sotomayor, integrante del colectivo LASTESIS,<\/strong> quienes analizaron las formas de agitar la imaginaci\u00f3n pol\u00edtica contempor\u00e1nea desde los movimientos sociales.<\/p>\n<p>De esta manera, la \u00a0reafirma su posicionamiento como un referente en la formaci\u00f3n de postgrado, promoviendo espacios donde convergen la excelencia acad\u00e9mica y el compromiso social. Estas inauguraciones reflejan una comunidad activa que, desde distintas disciplinas, busca transformar su entorno a trav\u00e9s de la investigaci\u00f3n de alto nivel y la colaboraci\u00f3n interdisciplinaria, proyectando un a\u00f1o acad\u00e9mico de grandes desaf\u00edos y logros para sus estudiantes.<\/p>\n<p>La agenda de inauguraciones de programa de Postgrado confirma que las ceremonias se continuar\u00e1n realizando en el transcurso del pr\u00f3ximo mes.<\/p>\n","protected":false},"excerpt":{"rendered":"<p>Las jornadas destacaron por la participaci\u00f3n de expertos internacionales y el estrecho v\u00ednculo entre la academia y el desarrollo social del territorio.<\/p>\n","protected":false},"author":3,"featured_media":196941,"comment_status":"closed","ping_status":"open","sticky":false,"template":"","format":"standard","meta":{"footnotes":""},"categories":[69,51,96,40,74,85],"tags":[],"class_list":["post-196940","post","type-post","status-publish","format-standard","has-post-thumbnail","","category-egresados","category-academia","category-academicos","category-destacados","category-facultad-de-ciencias-de-la-salud","category-postgrados"],"_links":{"self":[{"href":"https:\/\/upla.cl\/noticias\/wp-json\/wp\/v2\/posts\/196940","targetHints":{"allow":["GET"]}}],"collection":[{"href":"https:\/\/upla.cl\/noticias\/wp-json\/wp\/v2\/posts"}],"about":[{"href":"https:\/\/upla.cl\/noticias\/wp-json\/wp\/v2\/types\/post"}],"author":[{"embeddable":true,"href":"https:\/\/upla.cl\/noticias\/wp-json\/wp\/v2\/users\/3"}],"replies":[{"embeddable":true,"href":"https:\/\/upla.cl\/noticias\/wp-json\/wp\/v2\/comments?post=196940"}],"version-history":[{"count":1,"href":"https:\/\/upla.cl\/noticias\/wp-json\/wp\/v2\/posts\/196940\/revisions"}],"predecessor-version":[{"id":196944,"href":"https:\/\/upla.cl\/noticias\/wp-json\/wp\/v2\/posts\/196940\/revisions\/196944"}],"wp:featuredmedia":[{"embeddable":true,"href":"https:\/\/upla.cl\/noticias\/wp-json\/wp\/v2\/media\/196941"}],"wp:attachment":[{"href":"https:\/\/upla.cl\/noticias\/wp-json\/wp\/v2\/media?parent=196940"}],"wp:term":[{"taxonomy":"category","embeddable":true,"href":"https:\/\/upla.cl\/noticias\/wp-json\/wp\/v2\/categories?post=196940"},{"taxonomy":"post_tag","embeddable":true,"href":"https:\/\/upla.cl\/noticias\/wp-json\/wp\/v2\/tags?post=196940"}],"curies":[{"name":"wp","href":"https:\/\/api.w.org\/{rel}","templated":true}]}}