{"id":196943,"date":"2026-04-28T12:42:50","date_gmt":"2026-04-28T16:42:50","guid":{"rendered":"https:\/\/upla.cl\/noticias\/?p=196943"},"modified":"2026-04-28T12:42:50","modified_gmt":"2026-04-28T16:42:50","slug":"saca-tu-lado-idol-y-sumate-al-programa-k-pop-crew-en-casa-central","status":"publish","type":"post","link":"https:\/\/upla.cl\/noticias\/2026\/04\/28\/saca-tu-lado-idol-y-sumate-al-programa-k-pop-crew-en-casa-central\/","title":{"rendered":"Saca tu lado \u00abidol\u00bb y s\u00famate al programa K-Pop Crew en Casa Central"},"content":{"rendered":"<p data-path-to-node=\"9\"><a href=\"https:\/\/upla.cl\/noticias\/wp-content\/uploads\/2026\/04\/K-Pop_Crew.jpg\"><img loading=\"lazy\" decoding=\"async\" class=\"alignright size-medium wp-image-196945\" src=\"https:\/\/upla.cl\/noticias\/wp-content\/uploads\/2026\/04\/K-Pop_Crew-240x300.jpg\" alt=\"\" width=\"240\" height=\"300\" srcset=\"https:\/\/upla.cl\/noticias\/wp-content\/uploads\/2026\/04\/K-Pop_Crew-240x300.jpg 240w, https:\/\/upla.cl\/noticias\/wp-content\/uploads\/2026\/04\/K-Pop_Crew-819x1024.jpg 819w, https:\/\/upla.cl\/noticias\/wp-content\/uploads\/2026\/04\/K-Pop_Crew-120x150.jpg 120w, https:\/\/upla.cl\/noticias\/wp-content\/uploads\/2026\/04\/K-Pop_Crew-768x960.jpg 768w, https:\/\/upla.cl\/noticias\/wp-content\/uploads\/2026\/04\/K-Pop_Crew.jpg 1080w\" sizes=\"auto, (max-width: 240px) 100vw, 240px\" \/><\/a>La <b data-path-to-node=\"9\" data-index-in-node=\"3\">Direcci\u00f3n de Deportes y Recreaci\u00f3n (DIDER)<\/b>, dependiente de la <strong>Direcci\u00f3n General de Desarrollo Estudiantil<\/strong>, invita a sacar los mejores pasos de los ritmos coreanos y mantenerse en movimiento de manera entretenida.<\/p>\n<p data-path-to-node=\"9\">En el <strong>patio RecreActivo de Casa Central<\/strong> a contar del <strong>mi\u00e9rcoles 29de abril,<\/strong> el programa <b data-path-to-node=\"1\" data-index-in-node=\"301\">\u00abK-Pop Crew\u00bb<\/b> les espera de <strong>14:00 a 15:15 horas<\/strong>, dirigido por <strong>Niko Ibarra Bustos<\/strong>, <strong>estudiante de segundo a\u00f1o de <a href=\"https:\/\/upla.cl\/facultad\/humanidades\/pedagogia-en-ingles\/\">Pedagog\u00eda en Ingl\u00e9s<\/a>.<\/strong><\/p>\n<p data-path-to-node=\"10\">Esta iniciativa nace como un espacio de encuentro y expresi\u00f3n art\u00edstica donde podr\u00e1n aprender las coreograf\u00edas m\u00e1s ic\u00f3nicas del g\u00e9nero. El repertorio promete un recorrido por diversos estilos, desde cl\u00e1sicos nost\u00e1lgicos hasta los hits que dominan las listas actuales, incluyendo temas como <strong>\u00abF<\/strong><b data-path-to-node=\"10\" data-index-in-node=\"198\">ire\u00bb (BTS)<\/b> hasta el estilo de <b data-path-to-node=\"10\" data-index-in-node=\"230\">\u00abBoombayah\u00bb (Blackpink)<\/b> y la elegancia de <b data-path-to-node=\"10\" data-index-in-node=\"272\">\u00abNavillera\u00bb (GFRIEND).<\/b><\/p>\n<h3 data-path-to-node=\"11\"><b data-path-to-node=\"11\" data-index-in-node=\"0\">Inscripci\u00f3n<\/b><\/h3>\n<p data-path-to-node=\"12\">El registro es sencillo y se realiza directamente en el portal <b data-path-to-node=\"12\" data-index-in-node=\"118\">SINTE<\/b>:<\/p>\n<ol start=\"1\" data-path-to-node=\"13\">\n<li>\n<p data-path-to-node=\"13,0,0\">Entrar a la aplicaci\u00f3n de <b data-path-to-node=\"13,0,0\" data-index-in-node=\"25\">\u00abDeportes y Recreaci\u00f3n\u00bb<\/b>.<\/p>\n<\/li>\n<li>\n<p data-path-to-node=\"13,1,0\">Buscar la secci\u00f3n <b data-path-to-node=\"13,1,0\" data-index-in-node=\"17\">\u00abProgramas disponibles\u00bb<\/b> y proceder a la inscripci\u00f3n.<\/p>\n<\/li>\n<li>\n<p data-path-to-node=\"13,2,0\">Completar el perfil subiendo los archivos necesarios en <b data-path-to-node=\"13,2,0\" data-index-in-node=\"55\">\u00abMis Datos &#8211; Cargar Documentos\u00bb<\/b>.<\/p>\n<p>\u00a1Les esperamos para bailar!<\/li>\n<\/ol>\n","protected":false},"excerpt":{"rendered":"<p>En el patio RecreActivo de Casa Central, a contar del mi\u00e9rcoles 29 de abril, de 14:00 a 15:15 horas, les espera Niko Ibarra Bustos, estudiante de segundo a\u00f1o de Pedagog\u00eda en Ingl\u00e9s, para dirigir la actividad.<\/p>\n","protected":false},"author":10,"featured_media":196946,"comment_status":"closed","ping_status":"open","sticky":false,"template":"","format":"standard","meta":{"footnotes":""},"categories":[42,201,40,97],"tags":[],"class_list":["post-196943","post","type-post","status-publish","format-standard","has-post-thumbnail","","category-deportes","category-desarrollo-estudiantil","category-destacados","category-estudiantes"],"_links":{"self":[{"href":"https:\/\/upla.cl\/noticias\/wp-json\/wp\/v2\/posts\/196943","targetHints":{"allow":["GET"]}}],"collection":[{"href":"https:\/\/upla.cl\/noticias\/wp-json\/wp\/v2\/posts"}],"about":[{"href":"https:\/\/upla.cl\/noticias\/wp-json\/wp\/v2\/types\/post"}],"author":[{"embeddable":true,"href":"https:\/\/upla.cl\/noticias\/wp-json\/wp\/v2\/users\/10"}],"replies":[{"embeddable":true,"href":"https:\/\/upla.cl\/noticias\/wp-json\/wp\/v2\/comments?post=196943"}],"version-history":[{"count":2,"href":"https:\/\/upla.cl\/noticias\/wp-json\/wp\/v2\/posts\/196943\/revisions"}],"predecessor-version":[{"id":196948,"href":"https:\/\/upla.cl\/noticias\/wp-json\/wp\/v2\/posts\/196943\/revisions\/196948"}],"wp:featuredmedia":[{"embeddable":true,"href":"https:\/\/upla.cl\/noticias\/wp-json\/wp\/v2\/media\/196946"}],"wp:attachment":[{"href":"https:\/\/upla.cl\/noticias\/wp-json\/wp\/v2\/media?parent=196943"}],"wp:term":[{"taxonomy":"category","embeddable":true,"href":"https:\/\/upla.cl\/noticias\/wp-json\/wp\/v2\/categories?post=196943"},{"taxonomy":"post_tag","embeddable":true,"href":"https:\/\/upla.cl\/noticias\/wp-json\/wp\/v2\/tags?post=196943"}],"curies":[{"name":"wp","href":"https:\/\/api.w.org\/{rel}","templated":true}]}}