{"id":196949,"date":"2026-04-28T13:40:16","date_gmt":"2026-04-28T17:40:16","guid":{"rendered":"https:\/\/upla.cl\/noticias\/?p=196949"},"modified":"2026-04-28T13:40:16","modified_gmt":"2026-04-28T17:40:16","slug":"estudiantes-de-campus-san-felipe-cierran-ludica-semana-de-bienvenida-aportando-al-cuidado-medioambiental-de-la-comuna","status":"publish","type":"post","link":"https:\/\/upla.cl\/noticias\/2026\/04\/28\/estudiantes-de-campus-san-felipe-cierran-ludica-semana-de-bienvenida-aportando-al-cuidado-medioambiental-de-la-comuna\/","title":{"rendered":"Estudiantes de campus San Felipe cierran l\u00fadica \u201cSemana de bienvenida\u201d aportando al cuidado medioambiental de la comuna"},"content":{"rendered":"<p><a href=\"https:\/\/upla.cl\/noticias\/wp-content\/uploads\/2026\/04\/semana_bienvenida_san_felipe_10.jpg\"><img loading=\"lazy\" decoding=\"async\" class=\"aligncenter size-large wp-image-196955\" src=\"https:\/\/upla.cl\/noticias\/wp-content\/uploads\/2026\/04\/semana_bienvenida_san_felipe_10-1024x683.jpg\" alt=\"\" width=\"618\" height=\"412\" srcset=\"https:\/\/upla.cl\/noticias\/wp-content\/uploads\/2026\/04\/semana_bienvenida_san_felipe_10-1024x683.jpg 1024w, https:\/\/upla.cl\/noticias\/wp-content\/uploads\/2026\/04\/semana_bienvenida_san_felipe_10-300x200.jpg 300w, https:\/\/upla.cl\/noticias\/wp-content\/uploads\/2026\/04\/semana_bienvenida_san_felipe_10-150x100.jpg 150w, https:\/\/upla.cl\/noticias\/wp-content\/uploads\/2026\/04\/semana_bienvenida_san_felipe_10-768x512.jpg 768w, https:\/\/upla.cl\/noticias\/wp-content\/uploads\/2026\/04\/semana_bienvenida_san_felipe_10-1536x1024.jpg 1536w, https:\/\/upla.cl\/noticias\/wp-content\/uploads\/2026\/04\/semana_bienvenida_san_felipe_10.jpg 1920w\" sizes=\"auto, (max-width: 618px) 100vw, 618px\" \/><\/a><\/p>\n<p>Una entretenida e intensa \u00abSemana de bienvenida\u00bb vivi\u00f3 el <a href=\"https:\/\/www.upla.cl\/sanfelipe\/\"><strong>campus San Felipe<\/strong> <\/a>de la UPLA, organizada por la Direcci\u00f3n de Deportes y Recreaci\u00f3n (DIDER) en la sede de la Universidad en el Valle de Aconcagua.<\/p>\n<p>Tanto estudiantes de las carreras profesionales y t\u00e9cnicas del <a href=\"https:\/\/www.upla.cl\/institutotecnologico\/\"><strong>Instituto Tecnol\u00f3gico (ITEC)<\/strong>,<\/a> as\u00ed como tambi\u00e9n funcionarios del campus, pudieron disfrutar de una serie de actividades, entre las que se cuentan juegos como tenis de mesa, tirar la cuerda, gallito ingl\u00e9s, cachip\u00fan, sillita musical, bochas y salto de la cuerda; n\u00fameros art\u00edsticos a cargo de los propios estudiantes y una charla sobre primeros auxilios; y la tradicional presentaci\u00f3n de los candidatos y candidatas por carrera, quienes exhibieron sus trajes de gala y aquellos confeccionados en base a reciclaje.<\/p>\n<p><a href=\"https:\/\/upla.cl\/noticias\/wp-content\/uploads\/2026\/04\/semana_bienvenida_san_felipe_2-e1777397616434.jpg\"><img loading=\"lazy\" decoding=\"async\" class=\"alignright size-medium wp-image-196950\" src=\"https:\/\/upla.cl\/noticias\/wp-content\/uploads\/2026\/04\/semana_bienvenida_san_felipe_2-e1777397616434-300x165.jpg\" alt=\"\" width=\"300\" height=\"165\" srcset=\"https:\/\/upla.cl\/noticias\/wp-content\/uploads\/2026\/04\/semana_bienvenida_san_felipe_2-e1777397616434-300x165.jpg 300w, https:\/\/upla.cl\/noticias\/wp-content\/uploads\/2026\/04\/semana_bienvenida_san_felipe_2-e1777397616434-1024x563.jpg 1024w, https:\/\/upla.cl\/noticias\/wp-content\/uploads\/2026\/04\/semana_bienvenida_san_felipe_2-e1777397616434-150x83.jpg 150w, https:\/\/upla.cl\/noticias\/wp-content\/uploads\/2026\/04\/semana_bienvenida_san_felipe_2-e1777397616434-768x422.jpg 768w, https:\/\/upla.cl\/noticias\/wp-content\/uploads\/2026\/04\/semana_bienvenida_san_felipe_2-e1777397616434-1536x845.jpg 1536w, https:\/\/upla.cl\/noticias\/wp-content\/uploads\/2026\/04\/semana_bienvenida_san_felipe_2-e1777397616434.jpg 1920w\" sizes=\"auto, (max-width: 300px) 100vw, 300px\" \/><\/a>El <strong>coordinador de la DIDER en la sede de San Felipe, Carlos Ot\u00e1rola Veas,<\/strong> destac\u00f3 que \u201cla adhesi\u00f3n y la participaci\u00f3n, tanto de los estudiantes de pregrado como del ITEC, ha sido muy importante; se comportaron a la altura de lo que planificamos, y eso demuestra que el trabajar de manera triestamental genera frutos, trae r\u00e9ditos, por lo que esperamos seguir generando m\u00e1s instancias de este tipo, y sumar colaboraciones con otras instituciones que enaltezcan el rol que tiene la Universidad de Playa Ancha\u201d.<\/p>\n<p><a href=\"https:\/\/upla.cl\/noticias\/wp-content\/uploads\/2026\/04\/semana_bienvenida_san_felipe_9.jpg\"><img loading=\"lazy\" decoding=\"async\" class=\"alignright size-medium wp-image-196956\" src=\"https:\/\/upla.cl\/noticias\/wp-content\/uploads\/2026\/04\/semana_bienvenida_san_felipe_9-300x200.jpg\" alt=\"\" width=\"300\" height=\"200\" srcset=\"https:\/\/upla.cl\/noticias\/wp-content\/uploads\/2026\/04\/semana_bienvenida_san_felipe_9-300x200.jpg 300w, https:\/\/upla.cl\/noticias\/wp-content\/uploads\/2026\/04\/semana_bienvenida_san_felipe_9-1024x683.jpg 1024w, https:\/\/upla.cl\/noticias\/wp-content\/uploads\/2026\/04\/semana_bienvenida_san_felipe_9-150x100.jpg 150w, https:\/\/upla.cl\/noticias\/wp-content\/uploads\/2026\/04\/semana_bienvenida_san_felipe_9-768x512.jpg 768w, https:\/\/upla.cl\/noticias\/wp-content\/uploads\/2026\/04\/semana_bienvenida_san_felipe_9-1536x1024.jpg 1536w, https:\/\/upla.cl\/noticias\/wp-content\/uploads\/2026\/04\/semana_bienvenida_san_felipe_9.jpg 1920w\" sizes=\"auto, (max-width: 300px) 100vw, 300px\" \/><\/a>En ese sentido, cabe destacar que la \u00abSemana de bienvenida\u00bb finaliz\u00f3 con otra actividad que tambi\u00e9n ya se ha hecho una tradici\u00f3n, como es la <strong>jornada de limpieza<\/strong> en alg\u00fan sector del entorno del campus San Felipe de la UPLA, la que es llevada a cabo por estudiantes y se realiza en colaboraci\u00f3n con el <strong>Departamento de Medio Ambiente de la Municipalidad de San Felipe<\/strong>.<\/p>\n<p>En el marco del D\u00eda de la Tierra, celebrado el pasado 22 de abril, y como parte del Programa de Promoci\u00f3n y Sensibilizaci\u00f3n de la Educaci\u00f3n Ambiental del municipio local, este a\u00f1o se trabaj\u00f3 espec\u00edficamente en la <strong>limpieza del sector de la Villa Carlos Pezoa V\u00e9liz<\/strong> en San Felipe. All\u00ed los y las estudiantes se encargaron de podar, desmalezar y recolectar los residuos que obstaculizaban el paso de la acequia que corre por el lugar.<\/p>\n<p><a href=\"https:\/\/upla.cl\/noticias\/wp-content\/uploads\/2026\/04\/semana_bienvenida_san_felipe_4.jpg\"><img loading=\"lazy\" decoding=\"async\" class=\"alignright size-medium wp-image-196953\" src=\"https:\/\/upla.cl\/noticias\/wp-content\/uploads\/2026\/04\/semana_bienvenida_san_felipe_4-300x200.jpg\" alt=\"\" width=\"300\" height=\"200\" srcset=\"https:\/\/upla.cl\/noticias\/wp-content\/uploads\/2026\/04\/semana_bienvenida_san_felipe_4-300x200.jpg 300w, https:\/\/upla.cl\/noticias\/wp-content\/uploads\/2026\/04\/semana_bienvenida_san_felipe_4-1024x683.jpg 1024w, https:\/\/upla.cl\/noticias\/wp-content\/uploads\/2026\/04\/semana_bienvenida_san_felipe_4-150x100.jpg 150w, https:\/\/upla.cl\/noticias\/wp-content\/uploads\/2026\/04\/semana_bienvenida_san_felipe_4-768x512.jpg 768w, https:\/\/upla.cl\/noticias\/wp-content\/uploads\/2026\/04\/semana_bienvenida_san_felipe_4-1536x1024.jpg 1536w, https:\/\/upla.cl\/noticias\/wp-content\/uploads\/2026\/04\/semana_bienvenida_san_felipe_4.jpg 1920w\" sizes=\"auto, (max-width: 300px) 100vw, 300px\" \/><\/a>La <strong>coordinadora del Programa de Gesti\u00f3n Ambiental de la Municipalidad de San Felipe, Camila Tapia Carvajal,<\/strong> relev\u00f3 al respecto que \u00abresult\u00f3 bastante productiva esta jornada, con bastantes chicos entusiasmados, lo que fue bien emocionante porque todos se unen en un fin en com\u00fan, que es mantener San Felipe limpio y generar cultura en cuanto a la limpieza de los espacios ambientales que disfrutamos en comunidad\u00bb<\/p>\n<p><a href=\"https:\/\/upla.cl\/noticias\/wp-content\/uploads\/2026\/04\/semana_bienvenida_san_felipe_8.jpg\"><img loading=\"lazy\" decoding=\"async\" class=\"alignright size-medium wp-image-196958\" src=\"https:\/\/upla.cl\/noticias\/wp-content\/uploads\/2026\/04\/semana_bienvenida_san_felipe_8-300x200.jpg\" alt=\"\" width=\"300\" height=\"200\" srcset=\"https:\/\/upla.cl\/noticias\/wp-content\/uploads\/2026\/04\/semana_bienvenida_san_felipe_8-300x200.jpg 300w, https:\/\/upla.cl\/noticias\/wp-content\/uploads\/2026\/04\/semana_bienvenida_san_felipe_8-1024x683.jpg 1024w, https:\/\/upla.cl\/noticias\/wp-content\/uploads\/2026\/04\/semana_bienvenida_san_felipe_8-150x100.jpg 150w, https:\/\/upla.cl\/noticias\/wp-content\/uploads\/2026\/04\/semana_bienvenida_san_felipe_8-768x512.jpg 768w, https:\/\/upla.cl\/noticias\/wp-content\/uploads\/2026\/04\/semana_bienvenida_san_felipe_8-1536x1024.jpg 1536w, https:\/\/upla.cl\/noticias\/wp-content\/uploads\/2026\/04\/semana_bienvenida_san_felipe_8.jpg 1920w\" sizes=\"auto, (max-width: 300px) 100vw, 300px\" \/><\/a>Por su parte, <strong>Madelaine Tapia Prado, estudiante de <a href=\"https:\/\/www.upla.cl\/admision\/carreras-profesionales\/facultad-de-humanidades\/pedagogia-en-ingles-valparaiso\/\">Pedagog\u00eda en Ingl\u00e9s<\/a> del campus San Felipe,<\/strong> junto con invitar a que m\u00e1s compa\u00f1eros de Universidad se sumen a la celebraci\u00f3n de la \u201cSemana de bienvenida\u201d, sostuvo sobre la actividad de cierre que se trat\u00f3 de \u00abuna iniciativa muy buena al salir a limpiar sectores como estos, y que nos sirve para cuando seamos profesionales y tengamos que realizar actividades similares con la comunidad\u00bb.<\/p>\n<p><a href=\"https:\/\/upla.cl\/noticias\/wp-content\/uploads\/2026\/04\/semana_bienvenida_san_felipe_6.jpg\"><img loading=\"lazy\" decoding=\"async\" class=\"alignright size-medium wp-image-196957\" src=\"https:\/\/upla.cl\/noticias\/wp-content\/uploads\/2026\/04\/semana_bienvenida_san_felipe_6-300x200.jpg\" alt=\"\" width=\"300\" height=\"200\" srcset=\"https:\/\/upla.cl\/noticias\/wp-content\/uploads\/2026\/04\/semana_bienvenida_san_felipe_6-300x200.jpg 300w, https:\/\/upla.cl\/noticias\/wp-content\/uploads\/2026\/04\/semana_bienvenida_san_felipe_6-1024x683.jpg 1024w, https:\/\/upla.cl\/noticias\/wp-content\/uploads\/2026\/04\/semana_bienvenida_san_felipe_6-150x100.jpg 150w, https:\/\/upla.cl\/noticias\/wp-content\/uploads\/2026\/04\/semana_bienvenida_san_felipe_6-768x512.jpg 768w, https:\/\/upla.cl\/noticias\/wp-content\/uploads\/2026\/04\/semana_bienvenida_san_felipe_6-1536x1024.jpg 1536w, https:\/\/upla.cl\/noticias\/wp-content\/uploads\/2026\/04\/semana_bienvenida_san_felipe_6.jpg 1920w\" sizes=\"auto, (max-width: 300px) 100vw, 300px\" \/><\/a>En ese sentido, Carlos Ot\u00e1rola enfatiz\u00f3 que \u201ces grato ver a los estudiantes con un compromiso social, con una vinculaci\u00f3n grande con el territorio. Este tipo de iniciativas no son espor\u00e1dicas, sino que se han mantenido y sostenido en el tiempo junto al Departamento de Medio Ambiente de la Municipalidad de San Felipe, con quienes ya tenemos coordinaciones que vamos a comenzar a implementar durante este a\u00f1o con este y otro tipo de iniciativas que vengan a favorecer el cuidado del planeta y el bienestar personal\u201d.<\/p>\n<div id='gallery-1' class='gallery galleryid-196949 gallery-columns-3 gallery-size-medium'><figure class='gallery-item'>\n\t\t\t<div class='gallery-icon landscape'>\n\t\t\t\t<a href='https:\/\/upla.cl\/noticias\/wp-content\/uploads\/2026\/04\/semana_bienvenida_san_felipe_5.jpg'><img loading=\"lazy\" decoding=\"async\" width=\"300\" height=\"200\" src=\"https:\/\/upla.cl\/noticias\/wp-content\/uploads\/2026\/04\/semana_bienvenida_san_felipe_5-300x200.jpg\" class=\"attachment-medium size-medium\" alt=\"\" srcset=\"https:\/\/upla.cl\/noticias\/wp-content\/uploads\/2026\/04\/semana_bienvenida_san_felipe_5-300x200.jpg 300w, https:\/\/upla.cl\/noticias\/wp-content\/uploads\/2026\/04\/semana_bienvenida_san_felipe_5-1024x683.jpg 1024w, https:\/\/upla.cl\/noticias\/wp-content\/uploads\/2026\/04\/semana_bienvenida_san_felipe_5-150x100.jpg 150w, https:\/\/upla.cl\/noticias\/wp-content\/uploads\/2026\/04\/semana_bienvenida_san_felipe_5-768x512.jpg 768w, https:\/\/upla.cl\/noticias\/wp-content\/uploads\/2026\/04\/semana_bienvenida_san_felipe_5-1536x1024.jpg 1536w, https:\/\/upla.cl\/noticias\/wp-content\/uploads\/2026\/04\/semana_bienvenida_san_felipe_5.jpg 1920w\" sizes=\"auto, (max-width: 300px) 100vw, 300px\" \/><\/a>\n\t\t\t<\/div><\/figure><figure class='gallery-item'>\n\t\t\t<div class='gallery-icon landscape'>\n\t\t\t\t<a href='https:\/\/upla.cl\/noticias\/wp-content\/uploads\/2026\/04\/semana_bienvenida_san_felipe_3.jpg'><img loading=\"lazy\" decoding=\"async\" width=\"300\" height=\"200\" src=\"https:\/\/upla.cl\/noticias\/wp-content\/uploads\/2026\/04\/semana_bienvenida_san_felipe_3-300x200.jpg\" class=\"attachment-medium size-medium\" alt=\"\" srcset=\"https:\/\/upla.cl\/noticias\/wp-content\/uploads\/2026\/04\/semana_bienvenida_san_felipe_3-300x200.jpg 300w, https:\/\/upla.cl\/noticias\/wp-content\/uploads\/2026\/04\/semana_bienvenida_san_felipe_3-1024x683.jpg 1024w, https:\/\/upla.cl\/noticias\/wp-content\/uploads\/2026\/04\/semana_bienvenida_san_felipe_3-150x100.jpg 150w, https:\/\/upla.cl\/noticias\/wp-content\/uploads\/2026\/04\/semana_bienvenida_san_felipe_3-768x512.jpg 768w, https:\/\/upla.cl\/noticias\/wp-content\/uploads\/2026\/04\/semana_bienvenida_san_felipe_3-1536x1024.jpg 1536w, https:\/\/upla.cl\/noticias\/wp-content\/uploads\/2026\/04\/semana_bienvenida_san_felipe_3.jpg 1920w\" sizes=\"auto, (max-width: 300px) 100vw, 300px\" \/><\/a>\n\t\t\t<\/div><\/figure><figure class='gallery-item'>\n\t\t\t<div class='gallery-icon landscape'>\n\t\t\t\t<a href='https:\/\/upla.cl\/noticias\/wp-content\/uploads\/2026\/04\/semana_bienvenida_san_felipe_1.jpg'><img loading=\"lazy\" decoding=\"async\" width=\"300\" height=\"200\" src=\"https:\/\/upla.cl\/noticias\/wp-content\/uploads\/2026\/04\/semana_bienvenida_san_felipe_1-300x200.jpg\" class=\"attachment-medium size-medium\" alt=\"\" srcset=\"https:\/\/upla.cl\/noticias\/wp-content\/uploads\/2026\/04\/semana_bienvenida_san_felipe_1-300x200.jpg 300w, https:\/\/upla.cl\/noticias\/wp-content\/uploads\/2026\/04\/semana_bienvenida_san_felipe_1-1024x683.jpg 1024w, https:\/\/upla.cl\/noticias\/wp-content\/uploads\/2026\/04\/semana_bienvenida_san_felipe_1-150x100.jpg 150w, https:\/\/upla.cl\/noticias\/wp-content\/uploads\/2026\/04\/semana_bienvenida_san_felipe_1-768x512.jpg 768w, https:\/\/upla.cl\/noticias\/wp-content\/uploads\/2026\/04\/semana_bienvenida_san_felipe_1-1536x1024.jpg 1536w, https:\/\/upla.cl\/noticias\/wp-content\/uploads\/2026\/04\/semana_bienvenida_san_felipe_1.jpg 1920w\" sizes=\"auto, (max-width: 300px) 100vw, 300px\" \/><\/a>\n\t\t\t<\/div><\/figure>\n\t\t<\/div>\n\n<p><em>Fuente: Daniel Labb\u00e9 Y., periodista Direcci\u00f3n General de Vinculaci\u00f3n con el Medio \/ Campus San Felipe<\/em><\/p>\n","protected":false},"excerpt":{"rendered":"<p>Junto a las actividades llevadas a cabo en la sede de la UPLA, se realiz\u00f3 una jornada de limpieza en un sector exterior, en colaboraci\u00f3n con el municipio local.<\/p>\n","protected":false},"author":10,"featured_media":196955,"comment_status":"closed","ping_status":"open","sticky":false,"template":"","format":"standard","meta":{"footnotes":""},"categories":[91,60,42,201,40,97],"tags":[],"class_list":["post-196949","post","type-post","status-publish","format-standard","has-post-thumbnail","","category-vinculacion-con-el-medio","category-campus-san-felipe","category-deportes","category-desarrollo-estudiantil","category-destacados","category-estudiantes"],"_links":{"self":[{"href":"https:\/\/upla.cl\/noticias\/wp-json\/wp\/v2\/posts\/196949","targetHints":{"allow":["GET"]}}],"collection":[{"href":"https:\/\/upla.cl\/noticias\/wp-json\/wp\/v2\/posts"}],"about":[{"href":"https:\/\/upla.cl\/noticias\/wp-json\/wp\/v2\/types\/post"}],"author":[{"embeddable":true,"href":"https:\/\/upla.cl\/noticias\/wp-json\/wp\/v2\/users\/10"}],"replies":[{"embeddable":true,"href":"https:\/\/upla.cl\/noticias\/wp-json\/wp\/v2\/comments?post=196949"}],"version-history":[{"count":5,"href":"https:\/\/upla.cl\/noticias\/wp-json\/wp\/v2\/posts\/196949\/revisions"}],"predecessor-version":[{"id":196963,"href":"https:\/\/upla.cl\/noticias\/wp-json\/wp\/v2\/posts\/196949\/revisions\/196963"}],"wp:featuredmedia":[{"embeddable":true,"href":"https:\/\/upla.cl\/noticias\/wp-json\/wp\/v2\/media\/196955"}],"wp:attachment":[{"href":"https:\/\/upla.cl\/noticias\/wp-json\/wp\/v2\/media?parent=196949"}],"wp:term":[{"taxonomy":"category","embeddable":true,"href":"https:\/\/upla.cl\/noticias\/wp-json\/wp\/v2\/categories?post=196949"},{"taxonomy":"post_tag","embeddable":true,"href":"https:\/\/upla.cl\/noticias\/wp-json\/wp\/v2\/tags?post=196949"}],"curies":[{"name":"wp","href":"https:\/\/api.w.org\/{rel}","templated":true}]}}