{"id":196964,"date":"2026-04-28T16:58:07","date_gmt":"2026-04-28T20:58:07","guid":{"rendered":"https:\/\/upla.cl\/noticias\/?p=196964"},"modified":"2026-04-28T18:06:45","modified_gmt":"2026-04-28T22:06:45","slug":"la-federacion-nacional-universitaria-de-deportes-inauguro-la-temporada-2026","status":"publish","type":"post","link":"https:\/\/upla.cl\/noticias\/2026\/04\/28\/la-federacion-nacional-universitaria-de-deportes-inauguro-la-temporada-2026\/","title":{"rendered":"La Federaci\u00f3n Nacional Universitaria de Deportes inaugur\u00f3 la temporada 2026"},"content":{"rendered":"<figure id=\"attachment_196968\" aria-describedby=\"caption-attachment-196968\" style=\"width: 618px\" class=\"wp-caption aligncenter\"><a href=\"https:\/\/upla.cl\/noticias\/wp-content\/uploads\/2026\/04\/delegacion_upla_inauguracion_fenaude_2026.jpeg\"><img loading=\"lazy\" decoding=\"async\" class=\"wp-image-196968 size-large\" src=\"https:\/\/upla.cl\/noticias\/wp-content\/uploads\/2026\/04\/delegacion_upla_inauguracion_fenaude_2026-1024x423.jpeg\" alt=\"\" width=\"618\" height=\"255\" srcset=\"https:\/\/upla.cl\/noticias\/wp-content\/uploads\/2026\/04\/delegacion_upla_inauguracion_fenaude_2026-1024x423.jpeg 1024w, https:\/\/upla.cl\/noticias\/wp-content\/uploads\/2026\/04\/delegacion_upla_inauguracion_fenaude_2026-300x124.jpeg 300w, https:\/\/upla.cl\/noticias\/wp-content\/uploads\/2026\/04\/delegacion_upla_inauguracion_fenaude_2026-150x62.jpeg 150w, https:\/\/upla.cl\/noticias\/wp-content\/uploads\/2026\/04\/delegacion_upla_inauguracion_fenaude_2026-768x317.jpeg 768w, https:\/\/upla.cl\/noticias\/wp-content\/uploads\/2026\/04\/delegacion_upla_inauguracion_fenaude_2026.jpeg 1080w\" sizes=\"auto, (max-width: 618px) 100vw, 618px\" \/><\/a><figcaption id=\"caption-attachment-196968\" class=\"wp-caption-text\">Cr\u00e9dito: FENAUDE ZONA Costa<\/figcaption><\/figure>\n<p>El esp\u00edritu competitivo y la vida saludable volvieron a encenderse en la Regi\u00f3n de Valpara\u00edso con la inauguraci\u00f3n de la <strong>Plataforma Deportiva Universitaria FENAUDE 2026<\/strong>. El evento, organizado por la Federaci\u00f3n Nacional Universitaria de Deportes (FENAUDE) en la Pontificia Universidad Cat\u00f3lica de Valpara\u00edso, marca el comienzo de un a\u00f1o que promete un alto nivel de competencia para las 27 instituciones de educaci\u00f3n superior adscritas a nivel nacional.<\/p>\n<p>FENAUDE Zona Costa ser\u00e1 la encargada de coordinar 21 disciplinas deportivas en la regi\u00f3n de Valpara\u00edso, estimando la participaci\u00f3n en las competencias de cerca de 2000 deportistas que representar\u00e1n a la Universidad de Playa Ancha (UPLA), la Universidad de Valpara\u00edso (UV), la Pontificia Universidad Cat\u00f3lica de Valpara\u00edso (PUCV), la Universidad Federico Santa Mar\u00eda (UTFSM) Casa Central y Vi\u00f1a del Mar, la Universidad Vi\u00f1a del Mar (UVM), y a las casas de estudio invitadas: Universidad Andr\u00e9s Bello (UNAB) y Universidad Adolfo Ib\u00e1\u00f1ez (UAI).<\/p>\n<p>Para esta temporada, la <strong>UPLA ser\u00e1 sede oficial<\/strong> de los <strong>campeonatos regionales de<\/strong> <strong>Atletismo,\u00a0Karate,\u00a0Levantamiento de Pesas y\u00a0F\u00fatbol Femenino<\/strong>.<\/p>\n<p><a href=\"https:\/\/upla.cl\/noticias\/wp-content\/uploads\/2026\/04\/ballet_gimnastico_en_fenaude_2026.jpeg\"><img loading=\"lazy\" decoding=\"async\" class=\"alignright size-medium wp-image-196965\" src=\"https:\/\/upla.cl\/noticias\/wp-content\/uploads\/2026\/04\/ballet_gimnastico_en_fenaude_2026-300x206.jpeg\" alt=\"\" width=\"300\" height=\"206\" srcset=\"https:\/\/upla.cl\/noticias\/wp-content\/uploads\/2026\/04\/ballet_gimnastico_en_fenaude_2026-300x206.jpeg 300w, https:\/\/upla.cl\/noticias\/wp-content\/uploads\/2026\/04\/ballet_gimnastico_en_fenaude_2026-1024x702.jpeg 1024w, https:\/\/upla.cl\/noticias\/wp-content\/uploads\/2026\/04\/ballet_gimnastico_en_fenaude_2026-150x103.jpeg 150w, https:\/\/upla.cl\/noticias\/wp-content\/uploads\/2026\/04\/ballet_gimnastico_en_fenaude_2026-768x527.jpeg 768w, https:\/\/upla.cl\/noticias\/wp-content\/uploads\/2026\/04\/ballet_gimnastico_en_fenaude_2026-110x75.jpeg 110w, https:\/\/upla.cl\/noticias\/wp-content\/uploads\/2026\/04\/ballet_gimnastico_en_fenaude_2026.jpeg 1435w\" sizes=\"auto, (max-width: 300px) 100vw, 300px\" \/><\/a>La delegaci\u00f3n institucional estuvo encabezada por el <strong>director de Deportes y Recreaci\u00f3n, Jorge Guzm\u00e1n Jim\u00e9nez<\/strong>, el <strong>coordinador de Deportes de Representaci\u00f3n Institucional, Carlos Villagr\u00e1n Infante, y la coordinadora del \u00c1rea Recreaci\u00f3n y Actividad F\u00edsica Masiva, Liset Iligaray Ulloa.<\/strong><\/p>\n<p>Adem\u00e1s, la ceremonia cont\u00f3 con la presentaci\u00f3n del <strong>Ballet Gimn\u00e1stico UPLA<\/strong>, elenco art\u00edstico con 43 a\u00f1os de trayectoria, que simboliza la tradici\u00f3n y el arte en el contexto universitario.<\/p>\n<h4><strong>Voces que inspiran<\/strong><\/h4>\n<p><a href=\"https:\/\/upla.cl\/noticias\/wp-content\/uploads\/2026\/04\/inauguracion_fenaude_2026.jpeg\"><img loading=\"lazy\" decoding=\"async\" class=\"alignright wp-image-196967 size-medium\" src=\"https:\/\/upla.cl\/noticias\/wp-content\/uploads\/2026\/04\/inauguracion_fenaude_2026-300x174.jpeg\" alt=\"\" width=\"300\" height=\"174\" srcset=\"https:\/\/upla.cl\/noticias\/wp-content\/uploads\/2026\/04\/inauguracion_fenaude_2026-300x174.jpeg 300w, https:\/\/upla.cl\/noticias\/wp-content\/uploads\/2026\/04\/inauguracion_fenaude_2026-1024x595.jpeg 1024w, https:\/\/upla.cl\/noticias\/wp-content\/uploads\/2026\/04\/inauguracion_fenaude_2026-150x87.jpeg 150w, https:\/\/upla.cl\/noticias\/wp-content\/uploads\/2026\/04\/inauguracion_fenaude_2026-768x446.jpeg 768w, https:\/\/upla.cl\/noticias\/wp-content\/uploads\/2026\/04\/inauguracion_fenaude_2026.jpeg 1467w\" sizes=\"auto, (max-width: 300px) 100vw, 300px\" \/><\/a>Durante el evento, el presidente de FENAUDE Chile, Ignacio G\u00f3mez P\u00e9rez, entreg\u00f3 el respaldo nacional a la gesti\u00f3n local, mientras que el <strong>presidente de FENAUDE Zona Costa, Jean Carlo Mu\u00f1oz Molina<\/strong>, dio el \u00abvamos\u00bb oficial a las competencias.<\/p>\n<p>Uno de los momentos m\u00e1s emotivos fue el discurso\u00a0 de la <strong>seleccionada de levantamiento de pesas y estudiante de <a href=\"https:\/\/upla.cl\/facultad\/humanidades\/pedagogia-en-castellano\/\">Pedagog\u00eda en Castellano<\/a> de la UPLA, Monserrat Herrera Fuentes<\/strong>. En representaci\u00f3n de las y los deportistas, Herrera invit\u00f3 a sus pares a vivir esta experiencia con entusiasmo, a superarse y a disfrutar cada competencia, e hizo un llamado al juego limpio y a la erradicaci\u00f3n de la violencia.<\/p>\n<p><a href=\"https:\/\/upla.cl\/noticias\/wp-content\/uploads\/2026\/04\/monserrat_herrera_levantadora_de_pesas_upla.jpeg\"><img loading=\"lazy\" decoding=\"async\" class=\"alignright wp-image-196966 size-medium\" src=\"https:\/\/upla.cl\/noticias\/wp-content\/uploads\/2026\/04\/monserrat_herrera_levantadora_de_pesas_upla-300x239.jpeg\" alt=\"\" width=\"300\" height=\"239\" srcset=\"https:\/\/upla.cl\/noticias\/wp-content\/uploads\/2026\/04\/monserrat_herrera_levantadora_de_pesas_upla-300x239.jpeg 300w, https:\/\/upla.cl\/noticias\/wp-content\/uploads\/2026\/04\/monserrat_herrera_levantadora_de_pesas_upla-1024x817.jpeg 1024w, https:\/\/upla.cl\/noticias\/wp-content\/uploads\/2026\/04\/monserrat_herrera_levantadora_de_pesas_upla-150x120.jpeg 150w, https:\/\/upla.cl\/noticias\/wp-content\/uploads\/2026\/04\/monserrat_herrera_levantadora_de_pesas_upla-768x613.jpeg 768w, https:\/\/upla.cl\/noticias\/wp-content\/uploads\/2026\/04\/monserrat_herrera_levantadora_de_pesas_upla.jpeg 1319w\" sizes=\"auto, (max-width: 300px) 100vw, 300px\" \/><\/a>Sobre el impacto del deporte universitario en la formaci\u00f3n integral de quienes se forman en la educaci\u00f3n superior, sostuvo: \u00abMi acercamiento al levantamiento de pesas fue gracias al deporte universitario. A partir de esa oportunidad, he podido crecer y alcanzar logros como ser campeona regional, subcampeona nacional y ser nominada a los Juegos FISU Am\u00e9rica en Lima. Esto demuestra el impacto real que tienen estas instancias en nuestras trayectorias\u00bb, destac\u00f3 la atleta.<\/p>\n<p>La seleccionada UPLA tambi\u00e9n dedic\u00f3 palabras de reconocimiento a las madres deportistas, destacando el doble esfuerzo que realizan para compatibilizar la crianza, el estudio y el alto rendimiento. \u00abSabemos que su camino no es f\u00e1cil. Entrenar, estudiar, cuidar, sostener y, aun as\u00ed, competir, representando y dejando en alto a sus universidades. Su esfuerzo no solo es admirable, es un ejemplo de fuerza, compromiso y amor que merece todo nuestro respeto\u00bb.<\/p>\n<p>De esta forma, las universidades que son parte de FENAUDE Zona Costa reafirman su compromiso no solo con la formaci\u00f3n de profesionales, sino tambi\u00e9n de ciudadanos \u00edntegros que encuentran en el deporte una herramienta de transformaci\u00f3n social y superaci\u00f3n personal.<\/p>\n","protected":false},"excerpt":{"rendered":"<p>Para este a\u00f1o la Universidad de Playa Ancha ser\u00e1 sede oficial de los campeonatos regionales de atletismo,\u00a0karate,\u00a0levantamiento de pesas y\u00a0f\u00fatbol femenino.<\/p>\n","protected":false},"author":10,"featured_media":196968,"comment_status":"closed","ping_status":"open","sticky":false,"template":"","format":"standard","meta":{"footnotes":""},"categories":[91,42,201,40,97,634,113],"tags":[],"class_list":["post-196964","post","type-post","status-publish","format-standard","has-post-thumbnail","","category-vinculacion-con-el-medio","category-deportes","category-desarrollo-estudiantil","category-destacados","category-estudiantes","category-pedagogia-en-castellano","category-universidades-en-red"],"_links":{"self":[{"href":"https:\/\/upla.cl\/noticias\/wp-json\/wp\/v2\/posts\/196964","targetHints":{"allow":["GET"]}}],"collection":[{"href":"https:\/\/upla.cl\/noticias\/wp-json\/wp\/v2\/posts"}],"about":[{"href":"https:\/\/upla.cl\/noticias\/wp-json\/wp\/v2\/types\/post"}],"author":[{"embeddable":true,"href":"https:\/\/upla.cl\/noticias\/wp-json\/wp\/v2\/users\/10"}],"replies":[{"embeddable":true,"href":"https:\/\/upla.cl\/noticias\/wp-json\/wp\/v2\/comments?post=196964"}],"version-history":[{"count":5,"href":"https:\/\/upla.cl\/noticias\/wp-json\/wp\/v2\/posts\/196964\/revisions"}],"predecessor-version":[{"id":196979,"href":"https:\/\/upla.cl\/noticias\/wp-json\/wp\/v2\/posts\/196964\/revisions\/196979"}],"wp:featuredmedia":[{"embeddable":true,"href":"https:\/\/upla.cl\/noticias\/wp-json\/wp\/v2\/media\/196968"}],"wp:attachment":[{"href":"https:\/\/upla.cl\/noticias\/wp-json\/wp\/v2\/media?parent=196964"}],"wp:term":[{"taxonomy":"category","embeddable":true,"href":"https:\/\/upla.cl\/noticias\/wp-json\/wp\/v2\/categories?post=196964"},{"taxonomy":"post_tag","embeddable":true,"href":"https:\/\/upla.cl\/noticias\/wp-json\/wp\/v2\/tags?post=196964"}],"curies":[{"name":"wp","href":"https:\/\/api.w.org\/{rel}","templated":true}]}}