{"id":196981,"date":"2026-04-29T12:12:53","date_gmt":"2026-04-29T16:12:53","guid":{"rendered":"https:\/\/upla.cl\/noticias\/?p=196981"},"modified":"2026-04-29T12:30:06","modified_gmt":"2026-04-29T16:30:06","slug":"alianza-upla-y-universidad-autonoma-del-estado-de-mexico-culmina-en-libro-sobre-cultura-del-agua-y-territorio","status":"publish","type":"post","link":"https:\/\/upla.cl\/noticias\/2026\/04\/29\/alianza-upla-y-universidad-autonoma-del-estado-de-mexico-culmina-en-libro-sobre-cultura-del-agua-y-territorio\/","title":{"rendered":"Alianza UPLA y Universidad Aut\u00f3noma del Estado de M\u00e9xico culmina en libro sobre cultura del agua y territorio"},"content":{"rendered":"<p><a href=\"https:\/\/upla.cl\/noticias\/wp-content\/uploads\/2026\/04\/portada_libro_cultura_del_agua.png\"><img loading=\"lazy\" decoding=\"async\" class=\"alignright size-medium wp-image-196982\" src=\"https:\/\/upla.cl\/noticias\/wp-content\/uploads\/2026\/04\/portada_libro_cultura_del_agua-230x300.png\" alt=\"\" width=\"230\" height=\"300\" srcset=\"https:\/\/upla.cl\/noticias\/wp-content\/uploads\/2026\/04\/portada_libro_cultura_del_agua-230x300.png 230w, https:\/\/upla.cl\/noticias\/wp-content\/uploads\/2026\/04\/portada_libro_cultura_del_agua-115x150.png 115w, https:\/\/upla.cl\/noticias\/wp-content\/uploads\/2026\/04\/portada_libro_cultura_del_agua.png 452w\" sizes=\"auto, (max-width: 230px) 100vw, 230px\" \/><\/a>\u00abAgua, Territorio e Identidad Cultural: Conceptos b\u00e1sicos y marco te\u00f3rico\u00bb, es el libro que result\u00f3 de la colaboraci\u00f3n acad\u00e9mica entre el <strong>ge\u00f3grafo de la <a href=\"https:\/\/upla.cl\/facultad\/cienciasnaturalesyexactas\/\">Facultad de Ciencias Naturales y Exactas<\/a> de la Universidad de Playa Ancha, Mg. Gast\u00f3n Gaete Coddou<\/strong>, y los <strong>investigadores<\/strong> de la <strong>Universidad Aut\u00f3noma del Estado de M\u00e9xico, doctores Agust\u00edn Olmos Cruz y Fernando Carreto Bernal<\/strong>.<\/p>\n<p>La obra ofrece un marco conceptual y te\u00f3rico integral sobre la cultura del agua, entendida como el conjunto de valores, pr\u00e1cticas, normas y representaciones sociales que definen la relaci\u00f3n de las comunidades con este recurso vital. Se plantea como un texto interdisciplinario que articula geograf\u00eda, antropolog\u00eda, historia, urbanismo, gesti\u00f3n ambiental y ciencias sociales, con el objetivo de comprender c\u00f3mo el agua se convierte en eje de identidad cultural y territorial.<\/p>\n<p><a href=\"https:\/\/upla.cl\/noticias\/wp-content\/uploads\/2023\/11\/gaston_gaete-1.jpg\"><img loading=\"lazy\" decoding=\"async\" class=\"alignright size-medium wp-image-166420\" src=\"https:\/\/upla.cl\/noticias\/wp-content\/uploads\/2023\/11\/gaston_gaete-1-300x233.jpg\" alt=\"\" width=\"300\" height=\"233\" srcset=\"https:\/\/upla.cl\/noticias\/wp-content\/uploads\/2023\/11\/gaston_gaete-1-300x233.jpg 300w, https:\/\/upla.cl\/noticias\/wp-content\/uploads\/2023\/11\/gaston_gaete-1.jpg 640w\" sizes=\"auto, (max-width: 300px) 100vw, 300px\" \/><\/a>El <strong>profesor Gaete<\/strong> aporta su experiencia en las l\u00edneas de territorio, patrimonio e interculturalidad, as\u00ed como su rol como <strong>Vicepresidente de la Red Latinoamericana de Institutos e Investigadores en Geograf\u00eda. <\/strong>Su contribuci\u00f3n es clave en la elaboraci\u00f3n de los marcos anal\u00edticos y tablas comparativas que estructuran el libro, especialmente en lo referido a la s\u00edntesis de definiciones y la evoluci\u00f3n hist\u00f3rica del concepto.<\/p>\n<p>A lo largo del documento, los autores exploran la evoluci\u00f3n hist\u00f3rica de la gesti\u00f3n del agua desde el siglo XIX hasta la actualidad, destacando la transici\u00f3n de un enfoque puramente t\u00e9cnico hacia una \u00e9tica de sostenibilidad y derechos humanos. Se analiza profundamente el caso de M\u00e9xico, donde los saberes ancestrales e ind\u00edgenas convergen con pol\u00edticas modernas para enfrentar desaf\u00edos como la escasez y el cambio clim\u00e1tico.<\/p>\n<p>Asimismo, la obra propone un\u00a0dec\u00e1logo \u00e9tico\u00a0que promueve el uso racional, la justicia h\u00eddrica y la participaci\u00f3n comunitaria como pilares fundamentales.<\/p>\n<p>Finalmente, se vincula el acceso al agua con conceptos sociol\u00f3gicos clave como la calidad de vida, los estilos y los modos de vida, subrayando su impacto en el bienestar social.\u00a0En conjunto, los autores defienden que la preservaci\u00f3n de este recurso vital depende de una\u00a0transformaci\u00f3n cultural\u00a0profunda y de la solidaridad intergeneracional.<\/p>\n<p>Como afirma Gaete Coddou \u00abel texto\u00a0<span class=\"highlighted ng-star-inserted\" data-start-index=\"6027\">aspira a ser una herramienta \u00fatil para estudiantes, <\/span><span class=\"highlighted ng-star-inserted\" data-start-index=\"6106\">investigadores, docentes, gestores ambientales y cualquier persona interesada en\u00a0<\/span><span class=\"highlighted ng-star-inserted\" data-start-index=\"6187\">comprender la profunda conexi\u00f3n entre el agua y la vida social, <\/span>reafirmando que la sostenibilidad h\u00eddrica comienza con la cultura\u00bb.<\/p>\n<p><strong>Accede al<\/strong> <a href=\"https:\/\/upla.cl\/noticias\/wp-content\/uploads\/2026\/04\/Agua-Territorios-e-Identidad-Cultural.-Conceptos-basicos-y-marco-teorico.pdf\"><strong>texto en PDF aqu\u00ed<\/strong><\/a><\/p>\n","protected":false},"excerpt":{"rendered":"<p>El acad\u00e9mico de la Universidad de Playa Ancha, Mg. Gast\u00f3n Gaete Coddou, junto a investigadores mexicanos, lanzan una obra interdisciplinaria que propone un dec\u00e1logo \u00e9tico y una nueva cultura del agua como herramientas ante el cambio clim\u00e1tico. Aspira a ser una gu\u00eda esencial para estudiantes, acad\u00e9micos y gestores ambientales.<\/p>\n","protected":false},"author":10,"featured_media":196990,"comment_status":"closed","ping_status":"open","sticky":false,"template":"","format":"standard","meta":{"footnotes":""},"categories":[91,51,96,40,101,97,75,43,86],"tags":[],"class_list":["post-196981","post","type-post","status-publish","format-standard","has-post-thumbnail","","category-vinculacion-con-el-medio","category-academia","category-academicos","category-destacados","category-docencia","category-estudiantes","category-facultad-de-ciencias-naturales-y-exactas","category-investigacion","category-relaciones-internacionales"],"_links":{"self":[{"href":"https:\/\/upla.cl\/noticias\/wp-json\/wp\/v2\/posts\/196981","targetHints":{"allow":["GET"]}}],"collection":[{"href":"https:\/\/upla.cl\/noticias\/wp-json\/wp\/v2\/posts"}],"about":[{"href":"https:\/\/upla.cl\/noticias\/wp-json\/wp\/v2\/types\/post"}],"author":[{"embeddable":true,"href":"https:\/\/upla.cl\/noticias\/wp-json\/wp\/v2\/users\/10"}],"replies":[{"embeddable":true,"href":"https:\/\/upla.cl\/noticias\/wp-json\/wp\/v2\/comments?post=196981"}],"version-history":[{"count":5,"href":"https:\/\/upla.cl\/noticias\/wp-json\/wp\/v2\/posts\/196981\/revisions"}],"predecessor-version":[{"id":196996,"href":"https:\/\/upla.cl\/noticias\/wp-json\/wp\/v2\/posts\/196981\/revisions\/196996"}],"wp:featuredmedia":[{"embeddable":true,"href":"https:\/\/upla.cl\/noticias\/wp-json\/wp\/v2\/media\/196990"}],"wp:attachment":[{"href":"https:\/\/upla.cl\/noticias\/wp-json\/wp\/v2\/media?parent=196981"}],"wp:term":[{"taxonomy":"category","embeddable":true,"href":"https:\/\/upla.cl\/noticias\/wp-json\/wp\/v2\/categories?post=196981"},{"taxonomy":"post_tag","embeddable":true,"href":"https:\/\/upla.cl\/noticias\/wp-json\/wp\/v2\/tags?post=196981"}],"curies":[{"name":"wp","href":"https:\/\/api.w.org\/{rel}","templated":true}]}}