{"id":196983,"date":"2026-04-28T12:02:08","date_gmt":"2026-04-28T16:02:08","guid":{"rendered":"https:\/\/upla.cl\/noticias\/?p=196983"},"modified":"2026-04-29T12:13:34","modified_gmt":"2026-04-29T16:13:34","slug":"los-latidos-del-olvido-el-arte-de-fusionar-fotografia-analoga-con-muebles-domesticos-antiguos","status":"publish","type":"post","link":"https:\/\/upla.cl\/noticias\/2026\/04\/28\/los-latidos-del-olvido-el-arte-de-fusionar-fotografia-analoga-con-muebles-domesticos-antiguos\/","title":{"rendered":"\u201cLos Latidos del Olvido\u2026\u201d: El arte de fusionar fotograf\u00eda an\u00e1loga con muebles dom\u00e9sticos antiguos"},"content":{"rendered":"<p><a href=\"https:\/\/upla.cl\/noticias\/wp-content\/uploads\/2026\/04\/Latidos1.jpg\"><img loading=\"lazy\" decoding=\"async\" class=\"alignright  wp-image-196984\" src=\"https:\/\/upla.cl\/noticias\/wp-content\/uploads\/2026\/04\/Latidos1-1024x629.jpg\" alt=\"\" width=\"350\" height=\"215\" srcset=\"https:\/\/upla.cl\/noticias\/wp-content\/uploads\/2026\/04\/Latidos1-1024x629.jpg 1024w, https:\/\/upla.cl\/noticias\/wp-content\/uploads\/2026\/04\/Latidos1-300x184.jpg 300w, https:\/\/upla.cl\/noticias\/wp-content\/uploads\/2026\/04\/Latidos1-150x92.jpg 150w, https:\/\/upla.cl\/noticias\/wp-content\/uploads\/2026\/04\/Latidos1-768x472.jpg 768w, https:\/\/upla.cl\/noticias\/wp-content\/uploads\/2026\/04\/Latidos1-1536x944.jpg 1536w, https:\/\/upla.cl\/noticias\/wp-content\/uploads\/2026\/04\/Latidos1.jpg 1920w\" sizes=\"auto, (max-width: 350px) 100vw, 350px\" \/><\/a>Un archivo fotogr\u00e1fico \u00edntimo, im\u00e1genes de familia producidas anal\u00f3gicamente en Vi\u00f1a del Mar y su posterior fusi\u00f3n con muebles dom\u00e9sticos antiguos es el punto de partida de la <strong>Exposici\u00f3n \u201cLos Latidos del Olvido\u2026\u201d, muestra del acad\u00e9mico de la Facultad de Arte de la UPLA, Patricio Caldera Gaete, y que fue expuesta recientemente en la Galer\u00eda Yala del Barrio Rep\u00fablica de Santiago.<\/strong><\/p>\n<p><strong>La propuesta art\u00edstica present\u00f3 en el espacio cultural santiaguino las \u00faltimas obras del artista vi\u00f1amarino, que consisten en un conjunto de pinturas e intervenciones sobre mobiliario dom\u00e9stico con fotograf\u00edas an\u00e1logas,<\/strong> generando con ello una lectura de la memoria como t\u00e9cnica y territorio y el traslado de genealog\u00edas privadas desde Vi\u00f1a del Mar hacia Santiago.<\/p>\n<p><a href=\"https:\/\/upla.cl\/noticias\/wp-content\/uploads\/2026\/04\/Latidos4.jpg\"><img loading=\"lazy\" decoding=\"async\" class=\"alignright size-medium wp-image-196985\" src=\"https:\/\/upla.cl\/noticias\/wp-content\/uploads\/2026\/04\/Latidos4-300x233.jpg\" alt=\"\" width=\"300\" height=\"233\" srcset=\"https:\/\/upla.cl\/noticias\/wp-content\/uploads\/2026\/04\/Latidos4-300x233.jpg 300w, https:\/\/upla.cl\/noticias\/wp-content\/uploads\/2026\/04\/Latidos4-1024x797.jpg 1024w, https:\/\/upla.cl\/noticias\/wp-content\/uploads\/2026\/04\/Latidos4-150x117.jpg 150w, https:\/\/upla.cl\/noticias\/wp-content\/uploads\/2026\/04\/Latidos4-768x598.jpg 768w, https:\/\/upla.cl\/noticias\/wp-content\/uploads\/2026\/04\/Latidos4-1536x1195.jpg 1536w, https:\/\/upla.cl\/noticias\/wp-content\/uploads\/2026\/04\/Latidos4.jpg 1920w\" sizes=\"auto, (max-width: 300px) 100vw, 300px\" \/><\/a><strong>Para el curador<\/strong> de la muestra, <strong>el licenciado en arte formado en la UPLA, Samuel Toro Contreras, \u201cLos Latidos del Olvido\u2026\u201d es una exposici\u00f3n que no necesita de recursos grandilocuentes para operar con densidad. Le basta con un closet viejo, un tocador intervenido, una m\u00e1quina de coser y un conjunto de fotos de familia<\/strong> para plantear la pregunta sobre qu\u00e9 hace la materia con el tiempo cuando ya no hay nadie que la use.<\/p>\n<p>\u201cEn el borrador curatorial que redact\u00e9, \u2018Imitaciones transductivas\u2019. \u00c9stas pueden \u2018leerse\u2019 como operaciones de transferencia, donde <strong>la fotograf\u00eda no se reproduce ni se ampl\u00eda, sino que se \u2018traslada\u2019 a otro sistema material, activando en ese tr\u00e1nsito nuevas capas de lectura\u201d, agreg\u00f3.<\/strong><\/p>\n<p>Asimismo, dijo que \u201c<strong>las fotograf\u00edas de familia que el artista trae de Vi\u00f1a del Mar son retratos de principios de siglo, fotos escolares, grupos deportivos de pueblo donde \u00e9l jug\u00f3, parejas de reci\u00e9n casados. Son im\u00e1genes de \u2018alta carga indicial\u2019<\/strong> (en el sentido peirciano). Son documentos de cuerpos que existieron, de relaciones sociales que se dieron, de momentos que alguien sinti\u00f3 o consider\u00f3 <a href=\"https:\/\/upla.cl\/noticias\/wp-content\/uploads\/2026\/04\/Latidos5.jpg\"><img loading=\"lazy\" decoding=\"async\" class=\"alignright size-medium wp-image-196986\" src=\"https:\/\/upla.cl\/noticias\/wp-content\/uploads\/2026\/04\/Latidos5-300x225.jpg\" alt=\"\" width=\"300\" height=\"225\" srcset=\"https:\/\/upla.cl\/noticias\/wp-content\/uploads\/2026\/04\/Latidos5-300x225.jpg 300w, https:\/\/upla.cl\/noticias\/wp-content\/uploads\/2026\/04\/Latidos5-1024x768.jpg 1024w, https:\/\/upla.cl\/noticias\/wp-content\/uploads\/2026\/04\/Latidos5-150x113.jpg 150w, https:\/\/upla.cl\/noticias\/wp-content\/uploads\/2026\/04\/Latidos5-768x576.jpg 768w, https:\/\/upla.cl\/noticias\/wp-content\/uploads\/2026\/04\/Latidos5-1536x1152.jpg 1536w, https:\/\/upla.cl\/noticias\/wp-content\/uploads\/2026\/04\/Latidos5.jpg 1920w\" sizes=\"auto, (max-width: 300px) 100vw, 300px\" \/><\/a>importantes. <strong>Al trasladarlas a la madera y pintarlas encima con esa gestualidad \u2018cuasi violenta\u2019, Patricio no las destruye ni las preserva, sino que las \u2018prolonga en otro estado\u2019.<\/strong> Y en ese estado intermedio -entre la fotograf\u00eda y la pintura, entre el documento y la obra, entre el pasado y el presente- es donde reside la productividad documental de su propuesta\u201d.<\/p>\n<p>En s\u00edntesis: <strong>\u201cLa madera no es solo soporte, es \u2018contexto hist\u00f3rico activo\u2019, pues esos muebles acumularon d\u00e9cadas de uso antes de que Caldera los interviniese.<\/strong> Las capas de pintura que lo cubren ahora dialogan con las capas de historia que el objeto ya portaba. La memoria familiar se introyecta con la memoria material del mueble, como se\u00f1al\u00e9 en el texto de muro, y genera una fantasmagor\u00eda que opera en tres pasos t\u00e9cnicos sucesivos e inseparables\u201d, plante\u00f3.<\/p>\n","protected":false},"excerpt":{"rendered":"<p>Exposici\u00f3n, del acad\u00e9mico de la Facultad de Arte UPLA Patricio Caldera, expuesta recientemente en la Galer\u00eda Yala de Santiago traslad\u00f3 genealog\u00edas privadas desde Vi\u00f1a del Mar hacia la capital.<\/p>\n","protected":false},"author":21,"featured_media":196984,"comment_status":"closed","ping_status":"open","sticky":false,"template":"","format":"standard","meta":{"footnotes":""},"categories":[96,52,40,69,97,71,153,139,91],"tags":[215,850,848,847,849,428],"class_list":["post-196983","post","type-post","status-publish","format-standard","has-post-thumbnail","","category-academicos","category-cultura","category-destacados","category-egresados","category-estudiantes","category-facultad-de-arte","category-galeria-crearte","category-sibupla","category-vinculacion-con-el-medio","tag-facultad-de-arte","tag-fotografias","tag-galeria-yala","tag-latidos-del-olvido","tag-muebles","tag-patricio-caldera"],"_links":{"self":[{"href":"https:\/\/upla.cl\/noticias\/wp-json\/wp\/v2\/posts\/196983","targetHints":{"allow":["GET"]}}],"collection":[{"href":"https:\/\/upla.cl\/noticias\/wp-json\/wp\/v2\/posts"}],"about":[{"href":"https:\/\/upla.cl\/noticias\/wp-json\/wp\/v2\/types\/post"}],"author":[{"embeddable":true,"href":"https:\/\/upla.cl\/noticias\/wp-json\/wp\/v2\/users\/21"}],"replies":[{"embeddable":true,"href":"https:\/\/upla.cl\/noticias\/wp-json\/wp\/v2\/comments?post=196983"}],"version-history":[{"count":3,"href":"https:\/\/upla.cl\/noticias\/wp-json\/wp\/v2\/posts\/196983\/revisions"}],"predecessor-version":[{"id":196989,"href":"https:\/\/upla.cl\/noticias\/wp-json\/wp\/v2\/posts\/196983\/revisions\/196989"}],"wp:featuredmedia":[{"embeddable":true,"href":"https:\/\/upla.cl\/noticias\/wp-json\/wp\/v2\/media\/196984"}],"wp:attachment":[{"href":"https:\/\/upla.cl\/noticias\/wp-json\/wp\/v2\/media?parent=196983"}],"wp:term":[{"taxonomy":"category","embeddable":true,"href":"https:\/\/upla.cl\/noticias\/wp-json\/wp\/v2\/categories?post=196983"},{"taxonomy":"post_tag","embeddable":true,"href":"https:\/\/upla.cl\/noticias\/wp-json\/wp\/v2\/tags?post=196983"}],"curies":[{"name":"wp","href":"https:\/\/api.w.org\/{rel}","templated":true}]}}