{"id":196999,"date":"2026-04-29T16:10:39","date_gmt":"2026-04-29T20:10:39","guid":{"rendered":"https:\/\/upla.cl\/noticias\/?p=196999"},"modified":"2026-04-29T16:12:05","modified_gmt":"2026-04-29T20:12:05","slug":"la-universidad-de-playa-ancha-se-integra-a-la-alianza-estrategica-valparaiso-region-de-impacto-para-potenciar-el-desarrollo-regional","status":"publish","type":"post","link":"https:\/\/upla.cl\/noticias\/2026\/04\/29\/la-universidad-de-playa-ancha-se-integra-a-la-alianza-estrategica-valparaiso-region-de-impacto-para-potenciar-el-desarrollo-regional\/","title":{"rendered":"La Universidad de Playa Ancha se integra a la alianza estrat\u00e9gica \u00abValpara\u00edso Regi\u00f3n de Impacto\u00bb para potenciar el desarrollo regional"},"content":{"rendered":"<p><a href=\"https:\/\/upla.cl\/noticias\/wp-content\/uploads\/2026\/04\/Region-de-impacto-1.jpg\"><img loading=\"lazy\" decoding=\"async\" class=\"alignleft size-medium wp-image-197001\" src=\"https:\/\/upla.cl\/noticias\/wp-content\/uploads\/2026\/04\/Region-de-impacto-1-300x169.jpg\" alt=\"\" width=\"300\" height=\"169\" srcset=\"https:\/\/upla.cl\/noticias\/wp-content\/uploads\/2026\/04\/Region-de-impacto-1-300x169.jpg 300w, https:\/\/upla.cl\/noticias\/wp-content\/uploads\/2026\/04\/Region-de-impacto-1-1024x576.jpg 1024w, https:\/\/upla.cl\/noticias\/wp-content\/uploads\/2026\/04\/Region-de-impacto-1-150x84.jpg 150w, https:\/\/upla.cl\/noticias\/wp-content\/uploads\/2026\/04\/Region-de-impacto-1-768x432.jpg 768w, https:\/\/upla.cl\/noticias\/wp-content\/uploads\/2026\/04\/Region-de-impacto-1-1536x864.jpg 1536w, https:\/\/upla.cl\/noticias\/wp-content\/uploads\/2026\/04\/Region-de-impacto-1.jpg 1920w\" sizes=\"auto, (max-width: 300px) 100vw, 300px\" \/><\/a>La <strong>Universidad de Playa Ancha (UPLA)<\/strong> reafirm\u00f3 su compromiso con el progreso del territorio al integrarse oficialmente a <strong>\u00abValpara\u00edso Regi\u00f3n de Impacto\u00bb<\/strong>, un innovador espacio de articulaci\u00f3n multiactor. A trav\u00e9s de la participaci\u00f3n activa de su <a href=\"https:\/\/www.upla.cl\/institutotecnologico\/\"><strong>Instituto Tecnol\u00f3gico UPLA<\/strong><\/a>, nuestra casa de estudios se suma a esta hoja de ruta compartida que re\u00fane a los sectores p\u00fablico, privado, la academia y la sociedad civil. Esta alianza busca establecer una estrategia com\u00fan que permita enfrentar los desaf\u00edos actuales, transformando a la zona en un referente de eficiencia y colaboraci\u00f3n productiva.<\/p>\n<p><a href=\"https:\/\/upla.cl\/noticias\/wp-content\/uploads\/2026\/04\/Regon-de-ipacto-3.jpg\"><img loading=\"lazy\" decoding=\"async\" class=\"alignright size-medium wp-image-197002\" src=\"https:\/\/upla.cl\/noticias\/wp-content\/uploads\/2026\/04\/Regon-de-ipacto-3-300x169.jpg\" alt=\"\" width=\"300\" height=\"169\" srcset=\"https:\/\/upla.cl\/noticias\/wp-content\/uploads\/2026\/04\/Regon-de-ipacto-3-300x169.jpg 300w, https:\/\/upla.cl\/noticias\/wp-content\/uploads\/2026\/04\/Regon-de-ipacto-3-1024x576.jpg 1024w, https:\/\/upla.cl\/noticias\/wp-content\/uploads\/2026\/04\/Regon-de-ipacto-3-150x84.jpg 150w, https:\/\/upla.cl\/noticias\/wp-content\/uploads\/2026\/04\/Regon-de-ipacto-3-768x432.jpg 768w, https:\/\/upla.cl\/noticias\/wp-content\/uploads\/2026\/04\/Regon-de-ipacto-3-1536x864.jpg 1536w, https:\/\/upla.cl\/noticias\/wp-content\/uploads\/2026\/04\/Regon-de-ipacto-3.jpg 1920w\" sizes=\"auto, (max-width: 300px) 100vw, 300px\" \/><\/a>La incorporaci\u00f3n de la UPLA en este ecosistema resulta fundamental para aportar la mirada t\u00e9cnica y acad\u00e9mica necesaria en la construcci\u00f3n de una regi\u00f3n m\u00e1s competitiva y resiliente. Al alinear sus capacidades con otros actores clave, la universidad contribuye directamente a fortalecer sectores estrat\u00e9gicos y a potenciar el sistema de innovaci\u00f3n local. Esta sinergia institucional permite que el conocimiento generado en nuestras aulas y laboratorios se traduzca en acciones concretas que promuevan una econom\u00eda regenerativa y conecten el crecimiento con el bienestar social.<\/p>\n<p><a href=\"https:\/\/upla.cl\/noticias\/wp-content\/uploads\/2026\/04\/Region-de-ipacto-2.jpg\"><img loading=\"lazy\" decoding=\"async\" class=\"alignright size-medium wp-image-197003\" src=\"https:\/\/upla.cl\/noticias\/wp-content\/uploads\/2026\/04\/Region-de-ipacto-2-300x169.jpg\" alt=\"\" width=\"300\" height=\"169\" srcset=\"https:\/\/upla.cl\/noticias\/wp-content\/uploads\/2026\/04\/Region-de-ipacto-2-300x169.jpg 300w, https:\/\/upla.cl\/noticias\/wp-content\/uploads\/2026\/04\/Region-de-ipacto-2-1024x576.jpg 1024w, https:\/\/upla.cl\/noticias\/wp-content\/uploads\/2026\/04\/Region-de-ipacto-2-150x84.jpg 150w, https:\/\/upla.cl\/noticias\/wp-content\/uploads\/2026\/04\/Region-de-ipacto-2-768x432.jpg 768w, https:\/\/upla.cl\/noticias\/wp-content\/uploads\/2026\/04\/Region-de-ipacto-2-1536x864.jpg 1536w, https:\/\/upla.cl\/noticias\/wp-content\/uploads\/2026\/04\/Region-de-ipacto-2.jpg 1920w\" sizes=\"auto, (max-width: 300px) 100vw, 300px\" \/><\/a>En este contexto, la participaci\u00f3n de la <strong>Universidad de Playa Ancha<\/strong> destaca por su vocaci\u00f3n de servicio p\u00fablico y su enfoque en el desarrollo sostenible. Al formar parte de esta agenda de colaboraci\u00f3n que incluye a gremios como ASIVA y delegaciones internacionales, la instituci\u00f3n asegura que la formaci\u00f3n tecnol\u00f3gica y profesional responda a las necesidades reales del entorno. El objetivo es claro: consolidar un bloque conjunto que proyecte el talento regional hacia mercados globales, asegurando que el avance tecnol\u00f3gico vaya siempre de la mano con el cuidado del medioambiente y el impacto social positivo.<\/p>\n<p>Este significativo encuentro, que congreg\u00f3 a m\u00e1s de 70 representantes en el Palacio Quinta Vergara, fue impulsado por el <strong>HUB de Negocios Sostenibles de la Facultad de Econom\u00eda y Negocios de la Universidad Andr\u00e9s Bello (UNAB)<\/strong>. Bajo este liderazgo, se logr\u00f3 formalizar un compromiso sin precedentes donde la academia, encabezada por instituciones de la relevancia de la UPLA y la UNAB, asume un rol protag\u00f3nico en la direcci\u00f3n de pol\u00edticas que buscan recuperar la esencia innovadora de Valpara\u00edso y mejorar la calidad de vida de todos sus habitantes.<\/p>\n","protected":false},"excerpt":{"rendered":"<p>A trav\u00e9s de su Instituto Tecnol\u00f3gico, la instituci\u00f3n se integra a una alianza estrat\u00e9gica entre los sectores p\u00fablico, privado y la sociedad civil. El objetivo es impulsar una hoja de ruta com\u00fan que fortalezca la resiliencia y la competitividad regional mediante la innovaci\u00f3n sostenible.<\/p>\n","protected":false},"author":3,"featured_media":197001,"comment_status":"closed","ping_status":"open","sticky":false,"template":"","format":"standard","meta":{"footnotes":""},"categories":[51,40,98,83,178],"tags":[],"class_list":["post-196999","post","type-post","status-publish","format-standard","has-post-thumbnail","","category-academia","category-destacados","category-gestion","category-instituto-tecnologico","category-rectoria"],"_links":{"self":[{"href":"https:\/\/upla.cl\/noticias\/wp-json\/wp\/v2\/posts\/196999","targetHints":{"allow":["GET"]}}],"collection":[{"href":"https:\/\/upla.cl\/noticias\/wp-json\/wp\/v2\/posts"}],"about":[{"href":"https:\/\/upla.cl\/noticias\/wp-json\/wp\/v2\/types\/post"}],"author":[{"embeddable":true,"href":"https:\/\/upla.cl\/noticias\/wp-json\/wp\/v2\/users\/3"}],"replies":[{"embeddable":true,"href":"https:\/\/upla.cl\/noticias\/wp-json\/wp\/v2\/comments?post=196999"}],"version-history":[{"count":1,"href":"https:\/\/upla.cl\/noticias\/wp-json\/wp\/v2\/posts\/196999\/revisions"}],"predecessor-version":[{"id":197004,"href":"https:\/\/upla.cl\/noticias\/wp-json\/wp\/v2\/posts\/196999\/revisions\/197004"}],"wp:featuredmedia":[{"embeddable":true,"href":"https:\/\/upla.cl\/noticias\/wp-json\/wp\/v2\/media\/197001"}],"wp:attachment":[{"href":"https:\/\/upla.cl\/noticias\/wp-json\/wp\/v2\/media?parent=196999"}],"wp:term":[{"taxonomy":"category","embeddable":true,"href":"https:\/\/upla.cl\/noticias\/wp-json\/wp\/v2\/categories?post=196999"},{"taxonomy":"post_tag","embeddable":true,"href":"https:\/\/upla.cl\/noticias\/wp-json\/wp\/v2\/tags?post=196999"}],"curies":[{"name":"wp","href":"https:\/\/api.w.org\/{rel}","templated":true}]}}