{"id":197020,"date":"2026-04-30T13:21:23","date_gmt":"2026-04-30T17:21:23","guid":{"rendered":"https:\/\/upla.cl\/noticias\/?p=197020"},"modified":"2026-04-30T14:41:44","modified_gmt":"2026-04-30T18:41:44","slug":"clinica-juridica-upla-participo-en-operativo-interuniversitario-que-brindo-asesoria-legal-gratuita-a-la-comunidad","status":"publish","type":"post","link":"https:\/\/upla.cl\/noticias\/2026\/04\/30\/clinica-juridica-upla-participo-en-operativo-interuniversitario-que-brindo-asesoria-legal-gratuita-a-la-comunidad\/","title":{"rendered":"Cl\u00ednica Jur\u00eddica UPLA particip\u00f3 en operativo interuniversitario que brind\u00f3 asesor\u00eda legal gratuita a la comunidad"},"content":{"rendered":"<p><span style=\"font-weight: 400;\"><a href=\"https:\/\/upla.cl\/noticias\/wp-content\/uploads\/2026\/04\/clinicajuridica7-scaled.jpg\"><img loading=\"lazy\" decoding=\"async\" class=\" wp-image-197034 alignleft\" src=\"https:\/\/upla.cl\/noticias\/wp-content\/uploads\/2026\/04\/clinicajuridica7-300x200.jpg\" alt=\"\" width=\"404\" height=\"269\" srcset=\"https:\/\/upla.cl\/noticias\/wp-content\/uploads\/2026\/04\/clinicajuridica7-300x200.jpg 300w, https:\/\/upla.cl\/noticias\/wp-content\/uploads\/2026\/04\/clinicajuridica7-1024x683.jpg 1024w, https:\/\/upla.cl\/noticias\/wp-content\/uploads\/2026\/04\/clinicajuridica7-150x100.jpg 150w, https:\/\/upla.cl\/noticias\/wp-content\/uploads\/2026\/04\/clinicajuridica7-768x512.jpg 768w, https:\/\/upla.cl\/noticias\/wp-content\/uploads\/2026\/04\/clinicajuridica7-1536x1024.jpg 1536w, https:\/\/upla.cl\/noticias\/wp-content\/uploads\/2026\/04\/clinicajuridica7-2048x1365.jpg 2048w, https:\/\/upla.cl\/noticias\/wp-content\/uploads\/2026\/04\/clinicajuridica7-310x205.jpg 310w\" sizes=\"auto, (max-width: 404px) 100vw, 404px\" \/><\/a>Con la finalidad de ofrecer orientaci\u00f3n legal y representaci\u00f3n judicial gratuita, las <\/span><b>Cl\u00ednicas Jur\u00eddicas <\/b><span style=\"font-weight: 400;\">de las universidades de <\/span><b>Valpara\u00edso; de las Am\u00e9ricas; Vi\u00f1a del Mar; Santo Tom\u00e1s; de Playa Ancha; y la Pontificia Universidad Cat\u00f3lica de Valpara\u00edso<\/b><span style=\"font-weight: 400;\">, efectuaron un <strong>operativo<\/strong> conjunto en la Plaza C\u00edvica de Valpara\u00edso. La iniciativa fortaleci\u00f3 el trabajo interuniversitario con impacto social y territorial, tras facilitar el acceso a la justicia a la ciudadan\u00eda, respondiendo consultas en diversas \u00e1reas del Derecho y entregando apoyo oportuno a personas y organizaciones.<\/span><\/p>\n<p><span style=\"font-weight: 400;\">Por primera vez y de forma in\u00e9dita a nivel pa\u00eds, estas cl\u00ednicas se instalaron con sus equipos profesionales y estudiantiles de la carrera de Derecho, a disposici\u00f3n de la comunidad. Y en la instancia, tambi\u00e9n se hizo presente el <strong>Servicio de Registro Civil e Identificaci\u00f3n de Valpara\u00edso<\/strong>, para facilitar los tr\u00e1mites de obtenci\u00f3n o renovaci\u00f3n de la c\u00e9dula de identidad, el pasaporte y la Clave \u00danica.<\/span><\/p>\n<p><span style=\"font-weight: 400;\">La <strong>Cl\u00ednica Jur\u00eddica de la UPLA<\/strong> (que atiende de lunes a viernes, desde las 10.00 hasta las 13.30 horas, en calle Condell 1190, oficina 81, Valpara\u00edso), recibe a personas con un Registro Social de Hogares de hasta 60%, a quienes se les permite acceder a asesor\u00edas gratuitas, a la defensa de un abogado o abogada, realizar tr\u00e1mites administrativos como compras, ventas o posesiones efectivas, entre otros. Pero de manera espec\u00edfica en el operativo, la cl\u00ednica atendi\u00f3 causas de polic\u00eda local (como fraudes bancarios a personas mayores), Ley del Consumidor y accidentes de tr\u00e1nsito.<\/span><\/p>\n<p><span style=\"font-weight: 400;\"><a href=\"https:\/\/upla.cl\/noticias\/wp-content\/uploads\/2026\/04\/clinicajuridica11-scaled.jpg\"><img loading=\"lazy\" decoding=\"async\" class=\"size-medium wp-image-197036 alignright\" src=\"https:\/\/upla.cl\/noticias\/wp-content\/uploads\/2026\/04\/clinicajuridica11-300x225.jpg\" alt=\"\" width=\"300\" height=\"225\" srcset=\"https:\/\/upla.cl\/noticias\/wp-content\/uploads\/2026\/04\/clinicajuridica11-300x225.jpg 300w, https:\/\/upla.cl\/noticias\/wp-content\/uploads\/2026\/04\/clinicajuridica11-1024x768.jpg 1024w, https:\/\/upla.cl\/noticias\/wp-content\/uploads\/2026\/04\/clinicajuridica11-150x113.jpg 150w, https:\/\/upla.cl\/noticias\/wp-content\/uploads\/2026\/04\/clinicajuridica11-768x576.jpg 768w, https:\/\/upla.cl\/noticias\/wp-content\/uploads\/2026\/04\/clinicajuridica11-1536x1152.jpg 1536w, https:\/\/upla.cl\/noticias\/wp-content\/uploads\/2026\/04\/clinicajuridica11-2048x1536.jpg 2048w\" sizes=\"auto, (max-width: 300px) 100vw, 300px\" \/><\/a>Sobre este hito, el Seremi de Justicia y Derechos Humanos de la Regi\u00f3n de Valpara\u00edso, <\/span><b>Rafael Gonz\u00e1lez Camus, <\/b><span style=\"font-weight: 400;\">coment\u00f3:<\/span> <span style=\"font-weight: 400;\">\u201cDesde nuestro ministerio, como parte de los lineamientos que se han establecido para la presente gesti\u00f3n, se ha puesto \u00e9nfasis en propiciar y promover el acceso a la justicia. Por ello, no solo hemos estado presentes en este despliegue destacando la importancia de la actividad coordinada por las cl\u00ednicas jur\u00eddicas de la regi\u00f3n, sino que, adem\u00e1s, nos ha parecido de suma importancia apoyar la iniciativa procurando la presencia del Servicio de Registro Civil e Identificaci\u00f3n, un servicio relacionado con el Ministerio de Justicia y Derechos Humanos que es vital dentro de cualquier proceso legal, partiendo por la emisi\u00f3n de c\u00e9dulas de identidad y continuando con la diversa gama de certificados que se obtienen a trav\u00e9s de este organismo y que pueden ser requeridos\u201d.<\/span><\/p>\n<p><span style=\"font-weight: 400;\">En torno a c\u00f3mo esta colaboraci\u00f3n interuniversitaria fortalece el impacto social y territorial en la comunidad de Valpara\u00edso, el<\/span> <span style=\"font-weight: 400;\">director regional del Registro Civil e Identificaci\u00f3n de Valpara\u00edso, <\/span><b>Carlos Loyola Jouannet,<\/b><span style=\"font-weight: 400;\"> consider\u00f3 que \u201ces muy fuerte, porque hay muchas personas que tienen dudas respecto a los tr\u00e1mites jur\u00eddicos. Y el hecho de que est\u00e9n apoyando las y los alumnos de los \u00faltimos a\u00f1os y las universidades, llegan directamente a las personas m\u00e1s necesitadas. Entonces, creo que es muy relevante que est\u00e9n aqu\u00ed para poder dar respuesta a las consultas que las personas y la comunidad tienen constantemente\u201d.\u00a0<\/span><\/p>\n<p><span style=\"font-weight: 400;\">Por su parte, <\/span><b>Consuelo Requena B\u00e1ez<\/b><span style=\"font-weight: 400;\">, directora de la Cl\u00ednica Jur\u00eddica de la UPLA, declar\u00f3: \u201cEs una instancia en que se fortalece la educaci\u00f3n de las y los estudiantes, porque les exige estar m\u00e1s atentas y atentos a las preguntas, dar una respuesta r\u00e1pida, contener (muchas veces), entonces, despliegan todas sus habilidades, tanto jur\u00eddicas como blandas. Nos llena de orgullo la calidad humana que han demostrado las y los estudiantes respecto a las atenciones que est\u00e1n haciendo, la forma en que abordan a las personas, con mucha empat\u00eda, delicadeza y respeto. Creo que ha sido una una bonita experiencia todo lo que implica el enriquecimiento educacional que puedan tener con esto\u201d.\u00a0<\/span><\/p>\n<p><span style=\"font-weight: 400;\"><a href=\"https:\/\/upla.cl\/noticias\/wp-content\/uploads\/2026\/04\/clinicajuridica6-scaled.jpg\"><img loading=\"lazy\" decoding=\"async\" class=\"size-medium wp-image-197033 alignleft\" src=\"https:\/\/upla.cl\/noticias\/wp-content\/uploads\/2026\/04\/clinicajuridica6-300x200.jpg\" alt=\"\" width=\"300\" height=\"200\" srcset=\"https:\/\/upla.cl\/noticias\/wp-content\/uploads\/2026\/04\/clinicajuridica6-300x200.jpg 300w, https:\/\/upla.cl\/noticias\/wp-content\/uploads\/2026\/04\/clinicajuridica6-1024x683.jpg 1024w, https:\/\/upla.cl\/noticias\/wp-content\/uploads\/2026\/04\/clinicajuridica6-150x100.jpg 150w, https:\/\/upla.cl\/noticias\/wp-content\/uploads\/2026\/04\/clinicajuridica6-768x512.jpg 768w, https:\/\/upla.cl\/noticias\/wp-content\/uploads\/2026\/04\/clinicajuridica6-1536x1024.jpg 1536w, https:\/\/upla.cl\/noticias\/wp-content\/uploads\/2026\/04\/clinicajuridica6-2048x1365.jpg 2048w\" sizes=\"auto, (max-width: 300px) 100vw, 300px\" \/><\/a>Sobre la posibilidad de formar parte del operativo, la estudiante de quinto a\u00f1o de Derecho e integrante de la Cl\u00ednica Jur\u00eddica UPLA, <\/span><b>Fabiana Gamboa<\/b><span style=\"font-weight: 400;\">, asever\u00f3 que esto es enriquecedor tanto para las personas como para una misma. \u201cYa no estamos con casos simulados, de sal\u00f3n de clases, estamos viendo la vida pr\u00e1ctica, lo que le ocurre a la gente, y eso tambi\u00e9n nos ayuda involucrarnos a\u00fan m\u00e1s (&#8230;) Lo que m\u00e1s quiere una como abogada, es ayudar a las personas y, en este sentido, es un beneficio mutuo\u201d.<\/span><\/p>\n<p><span style=\"font-weight: 400;\">Adem\u00e1s, puso \u00e9nfasis en que la cl\u00ednica es una instancia gratificante, \u201cporque simplemente tenemos la posibilidad de hacer cosas que es posible lograr. Una puede presentar una demanda y darle cumplimiento. Y es tan satisfactorio el logro de que la gente por fin pueda ver soluci\u00f3n a sus problemas\u201d. Incluso, destac\u00f3 el apoyo docente en estos procesos: \u201cNunca estamos solos\u201d.<\/span><\/p>\n<p><span style=\"font-weight: 400;\">Finalmente, <\/span><b>Patricio Cury Pastene<\/b><span style=\"font-weight: 400;\">, acad\u00e9mico de la carrera de Derecho UPLA, concluy\u00f3: \u201cLa idea de esta cl\u00ednica y de este operativo es justamente colaborar con la vinculaci\u00f3n con el medio y la responsabilidad social que le corresponde a la Universidad de Playa Ancha. Y, en ese sentido, nosotros como cl\u00ednica (que tenemos una existencia relativamente reciente, que estamos dentro de un proceso, de un proyecto, que necesitamos una mayor estabilizaci\u00f3n), es una tremenda oportunidad para demostrar c\u00f3mo la universidad brinda una ense\u00f1anza pr\u00e1ctica con la realidad misma, en la calle, en los territorios\u201d.\u00a0<\/span><\/p>\n<div id='gallery-1' class='gallery galleryid-197020 gallery-columns-3 gallery-size-thumbnail'><figure class='gallery-item'>\n\t\t\t<div class='gallery-icon landscape'>\n\t\t\t\t<a href='https:\/\/upla.cl\/noticias\/wp-content\/uploads\/2026\/04\/clinicajuridica5-scaled.jpg'><img loading=\"lazy\" decoding=\"async\" width=\"150\" height=\"100\" src=\"https:\/\/upla.cl\/noticias\/wp-content\/uploads\/2026\/04\/clinicajuridica5-150x100.jpg\" class=\"attachment-thumbnail size-thumbnail\" alt=\"\" srcset=\"https:\/\/upla.cl\/noticias\/wp-content\/uploads\/2026\/04\/clinicajuridica5-150x100.jpg 150w, https:\/\/upla.cl\/noticias\/wp-content\/uploads\/2026\/04\/clinicajuridica5-300x200.jpg 300w, https:\/\/upla.cl\/noticias\/wp-content\/uploads\/2026\/04\/clinicajuridica5-1024x683.jpg 1024w, https:\/\/upla.cl\/noticias\/wp-content\/uploads\/2026\/04\/clinicajuridica5-768x512.jpg 768w, https:\/\/upla.cl\/noticias\/wp-content\/uploads\/2026\/04\/clinicajuridica5-1536x1024.jpg 1536w, https:\/\/upla.cl\/noticias\/wp-content\/uploads\/2026\/04\/clinicajuridica5-2048x1365.jpg 2048w, https:\/\/upla.cl\/noticias\/wp-content\/uploads\/2026\/04\/clinicajuridica5-310x205.jpg 310w\" sizes=\"auto, (max-width: 150px) 100vw, 150px\" \/><\/a>\n\t\t\t<\/div><\/figure><figure class='gallery-item'>\n\t\t\t<div class='gallery-icon landscape'>\n\t\t\t\t<a href='https:\/\/upla.cl\/noticias\/wp-content\/uploads\/2026\/04\/clinicajuridica10-scaled.jpg'><img loading=\"lazy\" decoding=\"async\" width=\"150\" height=\"113\" src=\"https:\/\/upla.cl\/noticias\/wp-content\/uploads\/2026\/04\/clinicajuridica10-150x113.jpg\" class=\"attachment-thumbnail size-thumbnail\" alt=\"\" srcset=\"https:\/\/upla.cl\/noticias\/wp-content\/uploads\/2026\/04\/clinicajuridica10-150x113.jpg 150w, https:\/\/upla.cl\/noticias\/wp-content\/uploads\/2026\/04\/clinicajuridica10-300x225.jpg 300w, https:\/\/upla.cl\/noticias\/wp-content\/uploads\/2026\/04\/clinicajuridica10-1024x768.jpg 1024w, https:\/\/upla.cl\/noticias\/wp-content\/uploads\/2026\/04\/clinicajuridica10-768x576.jpg 768w, https:\/\/upla.cl\/noticias\/wp-content\/uploads\/2026\/04\/clinicajuridica10-1536x1152.jpg 1536w, https:\/\/upla.cl\/noticias\/wp-content\/uploads\/2026\/04\/clinicajuridica10-2048x1536.jpg 2048w\" sizes=\"auto, (max-width: 150px) 100vw, 150px\" \/><\/a>\n\t\t\t<\/div><\/figure><figure class='gallery-item'>\n\t\t\t<div class='gallery-icon landscape'>\n\t\t\t\t<a href='https:\/\/upla.cl\/noticias\/wp-content\/uploads\/2026\/04\/clinicajuridica4-scaled.jpg'><img loading=\"lazy\" decoding=\"async\" width=\"150\" height=\"100\" src=\"https:\/\/upla.cl\/noticias\/wp-content\/uploads\/2026\/04\/clinicajuridica4-150x100.jpg\" class=\"attachment-thumbnail size-thumbnail\" alt=\"\" srcset=\"https:\/\/upla.cl\/noticias\/wp-content\/uploads\/2026\/04\/clinicajuridica4-150x100.jpg 150w, https:\/\/upla.cl\/noticias\/wp-content\/uploads\/2026\/04\/clinicajuridica4-300x200.jpg 300w, https:\/\/upla.cl\/noticias\/wp-content\/uploads\/2026\/04\/clinicajuridica4-1024x683.jpg 1024w, https:\/\/upla.cl\/noticias\/wp-content\/uploads\/2026\/04\/clinicajuridica4-768x512.jpg 768w, https:\/\/upla.cl\/noticias\/wp-content\/uploads\/2026\/04\/clinicajuridica4-1536x1024.jpg 1536w, https:\/\/upla.cl\/noticias\/wp-content\/uploads\/2026\/04\/clinicajuridica4-2048x1365.jpg 2048w, https:\/\/upla.cl\/noticias\/wp-content\/uploads\/2026\/04\/clinicajuridica4-310x205.jpg 310w\" sizes=\"auto, (max-width: 150px) 100vw, 150px\" \/><\/a>\n\t\t\t<\/div><\/figure><figure class='gallery-item'>\n\t\t\t<div class='gallery-icon landscape'>\n\t\t\t\t<a href='https:\/\/upla.cl\/noticias\/wp-content\/uploads\/2026\/04\/clinicajuridica3-scaled.jpg'><img loading=\"lazy\" decoding=\"async\" width=\"150\" height=\"100\" src=\"https:\/\/upla.cl\/noticias\/wp-content\/uploads\/2026\/04\/clinicajuridica3-150x100.jpg\" class=\"attachment-thumbnail size-thumbnail\" alt=\"\" srcset=\"https:\/\/upla.cl\/noticias\/wp-content\/uploads\/2026\/04\/clinicajuridica3-150x100.jpg 150w, https:\/\/upla.cl\/noticias\/wp-content\/uploads\/2026\/04\/clinicajuridica3-300x200.jpg 300w, https:\/\/upla.cl\/noticias\/wp-content\/uploads\/2026\/04\/clinicajuridica3-1024x683.jpg 1024w, https:\/\/upla.cl\/noticias\/wp-content\/uploads\/2026\/04\/clinicajuridica3-768x512.jpg 768w, https:\/\/upla.cl\/noticias\/wp-content\/uploads\/2026\/04\/clinicajuridica3-1536x1024.jpg 1536w, https:\/\/upla.cl\/noticias\/wp-content\/uploads\/2026\/04\/clinicajuridica3-2048x1365.jpg 2048w, https:\/\/upla.cl\/noticias\/wp-content\/uploads\/2026\/04\/clinicajuridica3-310x205.jpg 310w\" sizes=\"auto, (max-width: 150px) 100vw, 150px\" \/><\/a>\n\t\t\t<\/div><\/figure><figure class='gallery-item'>\n\t\t\t<div class='gallery-icon landscape'>\n\t\t\t\t<a href='https:\/\/upla.cl\/noticias\/wp-content\/uploads\/2026\/04\/clinicajuridica2-scaled.jpg'><img loading=\"lazy\" decoding=\"async\" width=\"150\" height=\"100\" src=\"https:\/\/upla.cl\/noticias\/wp-content\/uploads\/2026\/04\/clinicajuridica2-150x100.jpg\" class=\"attachment-thumbnail size-thumbnail\" alt=\"\" srcset=\"https:\/\/upla.cl\/noticias\/wp-content\/uploads\/2026\/04\/clinicajuridica2-150x100.jpg 150w, https:\/\/upla.cl\/noticias\/wp-content\/uploads\/2026\/04\/clinicajuridica2-300x200.jpg 300w, https:\/\/upla.cl\/noticias\/wp-content\/uploads\/2026\/04\/clinicajuridica2-1024x683.jpg 1024w, https:\/\/upla.cl\/noticias\/wp-content\/uploads\/2026\/04\/clinicajuridica2-768x512.jpg 768w, https:\/\/upla.cl\/noticias\/wp-content\/uploads\/2026\/04\/clinicajuridica2-1536x1024.jpg 1536w, https:\/\/upla.cl\/noticias\/wp-content\/uploads\/2026\/04\/clinicajuridica2-2048x1365.jpg 2048w, https:\/\/upla.cl\/noticias\/wp-content\/uploads\/2026\/04\/clinicajuridica2-310x205.jpg 310w\" sizes=\"auto, (max-width: 150px) 100vw, 150px\" \/><\/a>\n\t\t\t<\/div><\/figure><figure class='gallery-item'>\n\t\t\t<div class='gallery-icon landscape'>\n\t\t\t\t<a href='https:\/\/upla.cl\/noticias\/wp-content\/uploads\/2026\/04\/clinicajuridica1-scaled.jpg'><img loading=\"lazy\" decoding=\"async\" width=\"150\" height=\"100\" src=\"https:\/\/upla.cl\/noticias\/wp-content\/uploads\/2026\/04\/clinicajuridica1-150x100.jpg\" class=\"attachment-thumbnail size-thumbnail\" alt=\"\" srcset=\"https:\/\/upla.cl\/noticias\/wp-content\/uploads\/2026\/04\/clinicajuridica1-150x100.jpg 150w, https:\/\/upla.cl\/noticias\/wp-content\/uploads\/2026\/04\/clinicajuridica1-300x200.jpg 300w, https:\/\/upla.cl\/noticias\/wp-content\/uploads\/2026\/04\/clinicajuridica1-1024x683.jpg 1024w, https:\/\/upla.cl\/noticias\/wp-content\/uploads\/2026\/04\/clinicajuridica1-768x512.jpg 768w, https:\/\/upla.cl\/noticias\/wp-content\/uploads\/2026\/04\/clinicajuridica1-1536x1024.jpg 1536w, https:\/\/upla.cl\/noticias\/wp-content\/uploads\/2026\/04\/clinicajuridica1-2048x1365.jpg 2048w, https:\/\/upla.cl\/noticias\/wp-content\/uploads\/2026\/04\/clinicajuridica1-310x205.jpg 310w\" sizes=\"auto, (max-width: 150px) 100vw, 150px\" \/><\/a>\n\t\t\t<\/div><\/figure>\n\t\t<\/div>\n\n","protected":false},"excerpt":{"rendered":"<p>Por primera vez y de forma in\u00e9dita a nivel pa\u00eds, las cl\u00ednicas de la Regi\u00f3n de Valpara\u00edso se instalaron con sus equipos profesionales y estudiantiles de la carrera de Derecho, a disposici\u00f3n de la comunidad. <\/p>\n","protected":false},"author":18,"featured_media":197034,"comment_status":"closed","ping_status":"open","sticky":false,"template":"","format":"standard","meta":{"footnotes":""},"categories":[51,96,40,76,1],"tags":[],"class_list":["post-197020","post","type-post","status-publish","format-standard","has-post-thumbnail","","category-academia","category-academicos","category-destacados","category-facultad-de-ciencias-sociales","category-sin-categoria"],"_links":{"self":[{"href":"https:\/\/upla.cl\/noticias\/wp-json\/wp\/v2\/posts\/197020","targetHints":{"allow":["GET"]}}],"collection":[{"href":"https:\/\/upla.cl\/noticias\/wp-json\/wp\/v2\/posts"}],"about":[{"href":"https:\/\/upla.cl\/noticias\/wp-json\/wp\/v2\/types\/post"}],"author":[{"embeddable":true,"href":"https:\/\/upla.cl\/noticias\/wp-json\/wp\/v2\/users\/18"}],"replies":[{"embeddable":true,"href":"https:\/\/upla.cl\/noticias\/wp-json\/wp\/v2\/comments?post=197020"}],"version-history":[{"count":5,"href":"https:\/\/upla.cl\/noticias\/wp-json\/wp\/v2\/posts\/197020\/revisions"}],"predecessor-version":[{"id":197056,"href":"https:\/\/upla.cl\/noticias\/wp-json\/wp\/v2\/posts\/197020\/revisions\/197056"}],"wp:featuredmedia":[{"embeddable":true,"href":"https:\/\/upla.cl\/noticias\/wp-json\/wp\/v2\/media\/197034"}],"wp:attachment":[{"href":"https:\/\/upla.cl\/noticias\/wp-json\/wp\/v2\/media?parent=197020"}],"wp:term":[{"taxonomy":"category","embeddable":true,"href":"https:\/\/upla.cl\/noticias\/wp-json\/wp\/v2\/categories?post=197020"},{"taxonomy":"post_tag","embeddable":true,"href":"https:\/\/upla.cl\/noticias\/wp-json\/wp\/v2\/tags?post=197020"}],"curies":[{"name":"wp","href":"https:\/\/api.w.org\/{rel}","templated":true}]}}