{"id":197021,"date":"2026-04-30T16:23:32","date_gmt":"2026-04-30T20:23:32","guid":{"rendered":"https:\/\/upla.cl\/noticias\/?p=197021"},"modified":"2026-04-30T16:23:32","modified_gmt":"2026-04-30T20:23:32","slug":"editorial-puntangeles-realizo-el-lanzamiento-del-libro-valparaiso-auge-y-ocaso-del-viejo-pancho","status":"publish","type":"post","link":"https:\/\/upla.cl\/noticias\/2026\/04\/30\/editorial-puntangeles-realizo-el-lanzamiento-del-libro-valparaiso-auge-y-ocaso-del-viejo-pancho\/","title":{"rendered":"Editorial Punt\u00e1ngeles realiz\u00f3 el lanzamiento del libro \u201cValpara\u00edso, auge y ocaso del viejo Pancho\u201d"},"content":{"rendered":"<p><a href=\"https:\/\/upla.cl\/noticias\/wp-content\/uploads\/2026\/04\/foto_grupal_presentacion_del_libro.jpg\"><img loading=\"lazy\" decoding=\"async\" class=\"aligncenter wp-image-197060 size-full\" src=\"https:\/\/upla.cl\/noticias\/wp-content\/uploads\/2026\/04\/foto_grupal_presentacion_del_libro-e1777579878143.jpg\" alt=\"\" width=\"799\" height=\"453\" srcset=\"https:\/\/upla.cl\/noticias\/wp-content\/uploads\/2026\/04\/foto_grupal_presentacion_del_libro-e1777579878143.jpg 799w, https:\/\/upla.cl\/noticias\/wp-content\/uploads\/2026\/04\/foto_grupal_presentacion_del_libro-e1777579878143-300x170.jpg 300w, https:\/\/upla.cl\/noticias\/wp-content\/uploads\/2026\/04\/foto_grupal_presentacion_del_libro-e1777579878143-150x85.jpg 150w, https:\/\/upla.cl\/noticias\/wp-content\/uploads\/2026\/04\/foto_grupal_presentacion_del_libro-e1777579878143-768x435.jpg 768w\" sizes=\"auto, (max-width: 799px) 100vw, 799px\" \/><\/a><\/p>\n<p>En la Biblioteca Central de la Universidad de Playa Ancha, la Editorial Punt\u00e1ngeles llev\u00f3 a cabo el lanzamiento de la reedici\u00f3n del libro \u201cValpara\u00edso, auge y ocaso del viejo Pancho, 1830-1930\u201d del historiador chilote Rodolfo Urbina Burgos (1940-2024); un proyecto editorial financiado por el Fondo Nacional de Fomento del Libro y la Lectura 2025.<\/p>\n<p>El libro, editado por primera vez en 1999, es una revisi\u00f3n de 100 a\u00f1os de historia de Valpara\u00edso, explorando dimensiones econ\u00f3micas, demogr\u00e1ficas, arquitect\u00f3nicas y sociales, entre otras, aportando a la lectura de una ciudad-puerto que experiment\u00f3 profundas transformaciones de la mano del auge portuario en el siglo XIX.<\/p>\n<p>El lanzamiento cont\u00f3 con la presentaci\u00f3n del <strong>acad\u00e9mico de la carrera de<\/strong> <a href=\"https:\/\/upla.cl\/facultad\/humanidades\/pedagogia-en-historia-y-geografia\/\"><strong>Pedagog\u00eda en Historia y Geograf\u00eda<\/strong><\/a> de la <a href=\"https:\/\/upla.cl\/facultad\/humanidades\/\"><strong>Facultad de Humanidades<\/strong> <\/a><strong>UPLA, Jorge Galleguillos Jorquera<\/strong>, y de la <strong>doctora en Historia y acad\u00e9mica titular de la Pontificia Universidad Cat\u00f3lica de Valpara\u00edso, Mar\u00eda Ximena Urbina Carrasco<\/strong>, quien adem\u00e1s es hija de Urbina Burgos.<\/p>\n<p><a href=\"https:\/\/upla.cl\/noticias\/wp-content\/uploads\/2026\/04\/gonzalo_saez_presentacion_musical.jpg\"><img loading=\"lazy\" decoding=\"async\" class=\"alignright size-medium wp-image-197058\" src=\"https:\/\/upla.cl\/noticias\/wp-content\/uploads\/2026\/04\/gonzalo_saez_presentacion_musical-300x200.jpg\" alt=\"\" width=\"300\" height=\"200\" srcset=\"https:\/\/upla.cl\/noticias\/wp-content\/uploads\/2026\/04\/gonzalo_saez_presentacion_musical-300x200.jpg 300w, https:\/\/upla.cl\/noticias\/wp-content\/uploads\/2026\/04\/gonzalo_saez_presentacion_musical-150x100.jpg 150w, https:\/\/upla.cl\/noticias\/wp-content\/uploads\/2026\/04\/gonzalo_saez_presentacion_musical-768x512.jpg 768w, https:\/\/upla.cl\/noticias\/wp-content\/uploads\/2026\/04\/gonzalo_saez_presentacion_musical.jpg 800w\" sizes=\"auto, (max-width: 300px) 100vw, 300px\" \/><\/a>Para culminar, el cantautor porte\u00f1o Gonzalo S\u00e1ez (@gonzalosaezmusica) se hizo parte del evento interpretando tres de sus canciones sobre Valpara\u00edso: \u201cLa Carvallo\u201d, \u201cUna noche en M\u00e1scara\u201d y \u201cGente de Valpo.\u201d, un cover porte\u00f1o de la canci\u00f3n \u201cCommon people\u201d de la banda de rock brit\u00e1nica Pulp.<\/p>\n<p><a href=\"https:\/\/upla.cl\/noticias\/wp-content\/uploads\/2026\/04\/ximena_urbina_carrasco_presentacion.jpg\"><img loading=\"lazy\" decoding=\"async\" class=\"alignright size-medium wp-image-197059\" src=\"https:\/\/upla.cl\/noticias\/wp-content\/uploads\/2026\/04\/ximena_urbina_carrasco_presentacion-300x200.jpg\" alt=\"\" width=\"300\" height=\"200\" srcset=\"https:\/\/upla.cl\/noticias\/wp-content\/uploads\/2026\/04\/ximena_urbina_carrasco_presentacion-300x200.jpg 300w, https:\/\/upla.cl\/noticias\/wp-content\/uploads\/2026\/04\/ximena_urbina_carrasco_presentacion-150x100.jpg 150w, https:\/\/upla.cl\/noticias\/wp-content\/uploads\/2026\/04\/ximena_urbina_carrasco_presentacion-768x512.jpg 768w, https:\/\/upla.cl\/noticias\/wp-content\/uploads\/2026\/04\/ximena_urbina_carrasco_presentacion.jpg 800w\" sizes=\"auto, (max-width: 300px) 100vw, 300px\" \/><\/a>Sobre la reedici\u00f3n, <strong>Ximena Urbina<\/strong> se\u00f1al\u00f3 que es una buena noticia que no hubiese sido posible sin el inter\u00e9s de la Editorial Punt\u00e1ngeles en postular a este fondo del Ministerio de las Artes, las Culturas y el Patrimonio: \u201cPor fin est\u00e1 disponible en f\u00edsico, para todo aquel p\u00fablico general que quiera disfrutar de un libro bien escrito sobre la historia de Valpara\u00edso, que cubre cien a\u00f1os, pero tambi\u00e9n para investigadores que lo utilicen como base para sus estudios en distintas \u00e1reas\u00bb.<\/p>\n<h4><strong>Una mirada hist\u00f3rica a la situaci\u00f3n actual de Valpara\u00edso<\/strong><\/h4>\n<p><a href=\"https:\/\/upla.cl\/noticias\/wp-content\/uploads\/2026\/04\/publico_asistente.jpg\"><img loading=\"lazy\" decoding=\"async\" class=\"alignright size-medium wp-image-197061\" src=\"https:\/\/upla.cl\/noticias\/wp-content\/uploads\/2026\/04\/publico_asistente-300x200.jpg\" alt=\"\" width=\"300\" height=\"200\" srcset=\"https:\/\/upla.cl\/noticias\/wp-content\/uploads\/2026\/04\/publico_asistente-300x200.jpg 300w, https:\/\/upla.cl\/noticias\/wp-content\/uploads\/2026\/04\/publico_asistente-150x100.jpg 150w, https:\/\/upla.cl\/noticias\/wp-content\/uploads\/2026\/04\/publico_asistente-768x512.jpg 768w, https:\/\/upla.cl\/noticias\/wp-content\/uploads\/2026\/04\/publico_asistente.jpg 800w\" sizes=\"auto, (max-width: 300px) 100vw, 300px\" \/><\/a>Por su parte, <strong>Jorge Galleguillos<\/strong> se\u00f1al\u00f3 que lo interesante de esta obra es \u201cque aborda la historia de las mentalidades; o sea, no solamente son datos econ\u00f3micos, pol\u00edticos, en realidad ni siquiera entran en un \u00e1mbito pol\u00edtico, sino que lo que trabajan es fundamentalmente sociedad, mentalidad, comercio. Y eso le da una visi\u00f3n de conjunto que, te aseguro, no hay otro libro, hasta ahora editado, de un periodo tan amplio como un siglo, que tenga esa mirada\u201d.<\/p>\n<p>Para el acad\u00e9mico, el libro posee una profunda conexi\u00f3n con la coyuntura de la ciudad puerto, tal como ocurri\u00f3 hacia mediados del siglo XIX con el desarrollo portuario: \u201choy d\u00eda Valpara\u00edso, o se reinventa, o sencillamente va a caer en un ocaso, yo dir\u00eda que definitivo. Y en ese sentido tiene Valpara\u00edso no solamente el patrimonio, tiene la poblaci\u00f3n lo suficientemente activa como para poder dar un cambio al puerto de Valpara\u00edso\u201d.<\/p>\n<p><a href=\"https:\/\/upla.cl\/noticias\/wp-content\/uploads\/2026\/04\/jorge_galleguillos_jorquera_presentacion.jpg\"><img loading=\"lazy\" decoding=\"async\" class=\"alignright size-medium wp-image-197062\" src=\"https:\/\/upla.cl\/noticias\/wp-content\/uploads\/2026\/04\/jorge_galleguillos_jorquera_presentacion-300x200.jpg\" alt=\"\" width=\"300\" height=\"200\" srcset=\"https:\/\/upla.cl\/noticias\/wp-content\/uploads\/2026\/04\/jorge_galleguillos_jorquera_presentacion-300x200.jpg 300w, https:\/\/upla.cl\/noticias\/wp-content\/uploads\/2026\/04\/jorge_galleguillos_jorquera_presentacion-150x100.jpg 150w, https:\/\/upla.cl\/noticias\/wp-content\/uploads\/2026\/04\/jorge_galleguillos_jorquera_presentacion-768x512.jpg 768w, https:\/\/upla.cl\/noticias\/wp-content\/uploads\/2026\/04\/jorge_galleguillos_jorquera_presentacion.jpg 800w\" sizes=\"auto, (max-width: 300px) 100vw, 300px\" \/><\/a>\u201cEs fundamental que Valpara\u00edso se reinvente, que le saque partido al turismo a su patrimonio, pero eso no es tarea de algunos, es tarea de todos. (&#8230;) Y por lo tanto hay que cuidar el patrimonio, hay que ser amable tambi\u00e9n con los turistas, y tener un horizonte y una mirada amplia como para poder proyectar la ciudad en lo que nos queda del siglo XXI\u201d, concluy\u00f3 <strong>Galleguillos Jorquera.<\/strong><\/p>\n<p>La jornada concluy\u00f3 con la venta del libro de manera presencial, consolid\u00e1ndose como un texto que aporta a la revisi\u00f3n hist\u00f3rica de la ciudad puerto en un contexto marcado por los desaf\u00edos que enfrenta para reinventarse y proyectarse en el futuro. Para las personas interesadas en adquirirlo, deben enviar un correo electr\u00f3nico a <strong>contacto.editorial@upla.cl<\/strong> indicando el nombre del libro.<\/p>\n<p><iframe loading=\"lazy\" title=\"YouTube video player\" src=\"https:\/\/www.youtube.com\/embed\/PaYKUYOuc0E?si=tr6ep994sYOfpM5s\" width=\"560\" height=\"315\" frameborder=\"0\" allowfullscreen=\"allowfullscreen\"><\/iframe><\/p>\n","protected":false},"excerpt":{"rendered":"<p>Tras 26 a\u00f1os de su primera publicaci\u00f3n, la editorial universitaria reedit\u00f3 este libro del historiador Rodolfo Urbina Burgos, una obra que recorre un siglo de transformaciones de la ciudad puerto y que ofrece claves para entender el momento cr\u00edtico que vive Valpara\u00edso.<\/p>\n","protected":false},"author":10,"featured_media":197060,"comment_status":"closed","ping_status":"open","sticky":false,"template":"","format":"standard","meta":{"footnotes":""},"categories":[51,96,40,210,91],"tags":[],"class_list":["post-197021","post","type-post","status-publish","format-standard","has-post-thumbnail","","category-academia","category-academicos","category-destacados","category-editorial-puntangeles","category-vinculacion-con-el-medio"],"_links":{"self":[{"href":"https:\/\/upla.cl\/noticias\/wp-json\/wp\/v2\/posts\/197021","targetHints":{"allow":["GET"]}}],"collection":[{"href":"https:\/\/upla.cl\/noticias\/wp-json\/wp\/v2\/posts"}],"about":[{"href":"https:\/\/upla.cl\/noticias\/wp-json\/wp\/v2\/types\/post"}],"author":[{"embeddable":true,"href":"https:\/\/upla.cl\/noticias\/wp-json\/wp\/v2\/users\/10"}],"replies":[{"embeddable":true,"href":"https:\/\/upla.cl\/noticias\/wp-json\/wp\/v2\/comments?post=197021"}],"version-history":[{"count":5,"href":"https:\/\/upla.cl\/noticias\/wp-json\/wp\/v2\/posts\/197021\/revisions"}],"predecessor-version":[{"id":197067,"href":"https:\/\/upla.cl\/noticias\/wp-json\/wp\/v2\/posts\/197021\/revisions\/197067"}],"wp:featuredmedia":[{"embeddable":true,"href":"https:\/\/upla.cl\/noticias\/wp-json\/wp\/v2\/media\/197060"}],"wp:attachment":[{"href":"https:\/\/upla.cl\/noticias\/wp-json\/wp\/v2\/media?parent=197021"}],"wp:term":[{"taxonomy":"category","embeddable":true,"href":"https:\/\/upla.cl\/noticias\/wp-json\/wp\/v2\/categories?post=197021"},{"taxonomy":"post_tag","embeddable":true,"href":"https:\/\/upla.cl\/noticias\/wp-json\/wp\/v2\/tags?post=197021"}],"curies":[{"name":"wp","href":"https:\/\/api.w.org\/{rel}","templated":true}]}}