{"id":197026,"date":"2026-04-30T12:59:37","date_gmt":"2026-04-30T16:59:37","guid":{"rendered":"https:\/\/upla.cl\/noticias\/?p=197026"},"modified":"2026-04-30T16:48:36","modified_gmt":"2026-04-30T20:48:36","slug":"encuentro-con-intelectual-ticio-escobar-inicia-actividades-conmemorativas-de-los-40-anos-de-la-facultad-de-arte","status":"publish","type":"post","link":"https:\/\/upla.cl\/noticias\/2026\/04\/30\/encuentro-con-intelectual-ticio-escobar-inicia-actividades-conmemorativas-de-los-40-anos-de-la-facultad-de-arte\/","title":{"rendered":"Encuentro con intelectual Ticio Escobar inicia actividades conmemorativas de los 40 a\u00f1os de la Facultad de Arte"},"content":{"rendered":"<p><a href=\"https:\/\/upla.cl\/noticias\/wp-content\/uploads\/2026\/04\/TicioEscobar4.jpg\"><img loading=\"lazy\" decoding=\"async\" class=\"alignright wp-image-197037\" src=\"https:\/\/upla.cl\/noticias\/wp-content\/uploads\/2026\/04\/TicioEscobar4-1024x681.jpg\" alt=\"\" width=\"350\" height=\"233\" srcset=\"https:\/\/upla.cl\/noticias\/wp-content\/uploads\/2026\/04\/TicioEscobar4-1024x681.jpg 1024w, https:\/\/upla.cl\/noticias\/wp-content\/uploads\/2026\/04\/TicioEscobar4-300x200.jpg 300w, https:\/\/upla.cl\/noticias\/wp-content\/uploads\/2026\/04\/TicioEscobar4-150x100.jpg 150w, https:\/\/upla.cl\/noticias\/wp-content\/uploads\/2026\/04\/TicioEscobar4-768x511.jpg 768w, https:\/\/upla.cl\/noticias\/wp-content\/uploads\/2026\/04\/TicioEscobar4-1536x1022.jpg 1536w, https:\/\/upla.cl\/noticias\/wp-content\/uploads\/2026\/04\/TicioEscobar4-310x205.jpg 310w, https:\/\/upla.cl\/noticias\/wp-content\/uploads\/2026\/04\/TicioEscobar4.jpg 1920w\" sizes=\"auto, (max-width: 350px) 100vw, 350px\" \/><\/a>La Sala de Arte Esc\u00e9nico fue el espacio escogido para recibir en la Universidad de Playa Ancha al <strong>intelectual y director del Centro de Artes Visuales Museo del Barro de Asunci\u00f3n (Paraguay), Ticio Escobar Arga\u00f1a.<\/strong> Su visita se dio en el contexto del inicio de las actividades por la <strong>conmemoraci\u00f3n de los 40 a\u00f1os (1986-2026) de Facultad de Arte de la UPLA.<\/strong><\/p>\n<p>En torno a la charla <strong>\u201cEl extra\u00f1o oficio del curador\u201d<\/strong> el encuentro <strong>convoc\u00f3 a estudiantes, cuerpo acad\u00e9mico y autoridades de la comunidad universitaria, quienes junto al escritor y cr\u00edtico de arte dialogaron respecto de la curaduria como oficio, de las expresiones art\u00edsticas ind\u00edgenas y populares, del arte contempor\u00e1neo propiamente tal y de la cultura relacionada con la formaci\u00f3n acad\u00e9mica y art\u00edstica.<\/strong><\/p>\n<p><a href=\"https:\/\/upla.cl\/noticias\/wp-content\/uploads\/2026\/04\/TicioEscobar6.jpg\"><img loading=\"lazy\" decoding=\"async\" class=\"alignright size-medium wp-image-197040\" src=\"https:\/\/upla.cl\/noticias\/wp-content\/uploads\/2026\/04\/TicioEscobar6-300x200.jpg\" alt=\"\" width=\"300\" height=\"200\" srcset=\"https:\/\/upla.cl\/noticias\/wp-content\/uploads\/2026\/04\/TicioEscobar6-300x200.jpg 300w, https:\/\/upla.cl\/noticias\/wp-content\/uploads\/2026\/04\/TicioEscobar6-1024x681.jpg 1024w, https:\/\/upla.cl\/noticias\/wp-content\/uploads\/2026\/04\/TicioEscobar6-150x100.jpg 150w, https:\/\/upla.cl\/noticias\/wp-content\/uploads\/2026\/04\/TicioEscobar6-768x511.jpg 768w, https:\/\/upla.cl\/noticias\/wp-content\/uploads\/2026\/04\/TicioEscobar6-1536x1022.jpg 1536w, https:\/\/upla.cl\/noticias\/wp-content\/uploads\/2026\/04\/TicioEscobar6.jpg 1920w\" sizes=\"auto, (max-width: 300px) 100vw, 300px\" \/><\/a>Respecto a la socializaci\u00f3n de estas tem\u00e1ticas <strong>el fil\u00f3sofo paraguayo plante\u00f3 que es necesario hacer el ejercicio de dialogarlas porque son acontecimientos fundamentales para mantener, no solo la ense\u00f1anza en el sentido tradicional, sino que tambi\u00e9n propende su expansi\u00f3n.<\/strong> Por lo mismo -dijo- es un desaf\u00edo estar siguiendo siempre en qu\u00e9 situaci\u00f3n se encuentran, ya que es muy complejo y requiere muchas aptitudes y tambi\u00e9n muchos conocimientos fuera del arte mismo.<\/p>\n<p>En cuanto a su participaci\u00f3n en este encuentro conmemorativo de la Facultad de Arte <strong>expres\u00f3 que cumplir 40 a\u00f1os de por s\u00ed ya significa un triunfo enorme y la consolidaci\u00f3n de una tradici\u00f3n, ya que refleja una consistencia acad\u00e9mica y de creaci\u00f3n de una audiencia, de un p\u00fablico y de una presencia en su territorio.<\/strong> \u201cTraer e invitar a la gente a estas actividades es fundamental, tomando en cuenta que Chile tiene una institucionalidad muy fuerte en el plano acad\u00e9mico relativo a la curadur\u00eda, la creaci\u00f3n, la formaci\u00f3n, el estudio y la pr\u00e1ctica del arte. Pienso que las escuelas de arte y las universidades son sedes important\u00edsimas para eso\u201d.<\/p>\n<p><a href=\"https:\/\/upla.cl\/noticias\/wp-content\/uploads\/2026\/04\/TicioEscobar5.jpg\"><img loading=\"lazy\" decoding=\"async\" class=\"alignright size-medium wp-image-197041\" src=\"https:\/\/upla.cl\/noticias\/wp-content\/uploads\/2026\/04\/TicioEscobar5-300x200.jpg\" alt=\"\" width=\"300\" height=\"200\" srcset=\"https:\/\/upla.cl\/noticias\/wp-content\/uploads\/2026\/04\/TicioEscobar5-300x200.jpg 300w, https:\/\/upla.cl\/noticias\/wp-content\/uploads\/2026\/04\/TicioEscobar5-1024x681.jpg 1024w, https:\/\/upla.cl\/noticias\/wp-content\/uploads\/2026\/04\/TicioEscobar5-150x100.jpg 150w, https:\/\/upla.cl\/noticias\/wp-content\/uploads\/2026\/04\/TicioEscobar5-768x511.jpg 768w, https:\/\/upla.cl\/noticias\/wp-content\/uploads\/2026\/04\/TicioEscobar5-1536x1022.jpg 1536w, https:\/\/upla.cl\/noticias\/wp-content\/uploads\/2026\/04\/TicioEscobar5.jpg 1920w\" sizes=\"auto, (max-width: 300px) 100vw, 300px\" \/><\/a><strong>Alberto Madrid Letelier,<\/strong> decano de la Facultad en Arte, al ser consultado por la visita de Ticio Escobar a este acto de conmemoraci\u00f3n <strong>valor\u00f3 que su presentaci\u00f3n se alinear\u00e1 con lo que hace la Facultad de Arte, en el sentido que abord\u00f3 aspectos diversos como la dimensi\u00f3n filos\u00f3fica est\u00e9tica, el trabajo de apreciaci\u00f3n de obras y el rol que juega la curadur\u00eda<\/strong> en t\u00e9rminos de ser una narrativa que se construye a partir de la disposici\u00f3n de las obras en el espacio.<\/p>\n<p><strong>Para celebrar los 40 a\u00f1os de la Facultad de Arte, Madrid Letelier, expres\u00f3 que la charla de Ticio Escobar fue el comienzo de una serie de actividades que considera exposiciones, presentaciones de libros y de obras<\/strong>, que den cuenta realmente de lo que se ha venido desarrollando en todas estas d\u00e9cadas y de qu\u00e9 modo se proyecta.<\/p>\n<p><a href=\"https:\/\/upla.cl\/noticias\/wp-content\/uploads\/2026\/04\/TicioEscobar1.jpg\"><img loading=\"lazy\" decoding=\"async\" class=\"alignright size-medium wp-image-197042\" src=\"https:\/\/upla.cl\/noticias\/wp-content\/uploads\/2026\/04\/TicioEscobar1-300x200.jpg\" alt=\"\" width=\"300\" height=\"200\" srcset=\"https:\/\/upla.cl\/noticias\/wp-content\/uploads\/2026\/04\/TicioEscobar1-300x200.jpg 300w, https:\/\/upla.cl\/noticias\/wp-content\/uploads\/2026\/04\/TicioEscobar1-1024x681.jpg 1024w, https:\/\/upla.cl\/noticias\/wp-content\/uploads\/2026\/04\/TicioEscobar1-150x100.jpg 150w, https:\/\/upla.cl\/noticias\/wp-content\/uploads\/2026\/04\/TicioEscobar1-768x511.jpg 768w, https:\/\/upla.cl\/noticias\/wp-content\/uploads\/2026\/04\/TicioEscobar1-1536x1022.jpg 1536w, https:\/\/upla.cl\/noticias\/wp-content\/uploads\/2026\/04\/TicioEscobar1.jpg 1920w\" sizes=\"auto, (max-width: 300px) 100vw, 300px\" \/><\/a>\u201cAl ser parte de una instituci\u00f3n, la Universidad de Playa Ancha, que tiene una misi\u00f3n, visi\u00f3n con el territorio, nosotros <strong>como Facultad de Arte aportamos en la dimensi\u00f3n de la producci\u00f3n simb\u00f3lica de las diferentes pr\u00e1cticas art\u00edsticas.<\/strong> Por esta raz\u00f3n, y cuando se va desarrollando una trayectoria en el tiempo es motivo de desarrollar acciones para celebrar\u201d, finaliz\u00f3.<\/p>\n<p><strong>Registro audiovisual en<\/strong> <strong><a href=\"https:\/\/www.instagram.com\/p\/DXptvxoEf3l\/\" target=\"_blank\" rel=\"noopener\">Instagram\u00a0<\/a><\/strong><\/p>\n","protected":false},"excerpt":{"rendered":"<p>El fil\u00f3sofo y director del Centro de Artes Visuales Museo del Barro de Asunci\u00f3n, ofreci\u00f3 la charla \u201cEl extra\u00f1o oficio del curador\u201d, actividad que reuni\u00f3 en la Sala UPLA a estudiantes, cuerpo acad\u00e9mico y autoridades de la comunidad universitaria.<\/p>\n","protected":false},"author":21,"featured_media":197037,"comment_status":"closed","ping_status":"open","sticky":false,"template":"","format":"standard","meta":{"footnotes":""},"categories":[51,52,201,40,97,71,208,139,91],"tags":[846,693,851,215,191,845,222],"class_list":["post-197026","post","type-post","status-publish","format-standard","has-post-thumbnail","","category-academia","category-cultura","category-desarrollo-estudiantil","category-destacados","category-estudiantes","category-facultad-de-arte","category-sala-upla","category-sibupla","category-vinculacion-con-el-medio","tag-40-anos","tag-aniversario","tag-curador","tag-facultad-de-arte","tag-sala-upla","tag-ticio-escobar","tag-valpo"],"_links":{"self":[{"href":"https:\/\/upla.cl\/noticias\/wp-json\/wp\/v2\/posts\/197026","targetHints":{"allow":["GET"]}}],"collection":[{"href":"https:\/\/upla.cl\/noticias\/wp-json\/wp\/v2\/posts"}],"about":[{"href":"https:\/\/upla.cl\/noticias\/wp-json\/wp\/v2\/types\/post"}],"author":[{"embeddable":true,"href":"https:\/\/upla.cl\/noticias\/wp-json\/wp\/v2\/users\/21"}],"replies":[{"embeddable":true,"href":"https:\/\/upla.cl\/noticias\/wp-json\/wp\/v2\/comments?post=197026"}],"version-history":[{"count":5,"href":"https:\/\/upla.cl\/noticias\/wp-json\/wp\/v2\/posts\/197026\/revisions"}],"predecessor-version":[{"id":197071,"href":"https:\/\/upla.cl\/noticias\/wp-json\/wp\/v2\/posts\/197026\/revisions\/197071"}],"wp:featuredmedia":[{"embeddable":true,"href":"https:\/\/upla.cl\/noticias\/wp-json\/wp\/v2\/media\/197037"}],"wp:attachment":[{"href":"https:\/\/upla.cl\/noticias\/wp-json\/wp\/v2\/media?parent=197026"}],"wp:term":[{"taxonomy":"category","embeddable":true,"href":"https:\/\/upla.cl\/noticias\/wp-json\/wp\/v2\/categories?post=197026"},{"taxonomy":"post_tag","embeddable":true,"href":"https:\/\/upla.cl\/noticias\/wp-json\/wp\/v2\/tags?post=197026"}],"curies":[{"name":"wp","href":"https:\/\/api.w.org\/{rel}","templated":true}]}}