{"id":1991,"date":"2009-04-09T17:15:36","date_gmt":"2009-04-09T21:15:36","guid":{"rendered":"http:\/\/sitios.upla.cl\/contenidos\/?p=1991"},"modified":"2014-01-16T18:33:23","modified_gmt":"2014-01-16T22:33:23","slug":"universidad-celebro-dia-de-la-educacion-rural","status":"publish","type":"post","link":"https:\/\/upla.cl\/noticias\/2009\/04\/09\/universidad-celebro-dia-de-la-educacion-rural\/","title":{"rendered":"Universidad celebr\u00f3 D\u00eda de la Educaci\u00f3n Rural"},"content":{"rendered":"<p><a href=\"http:\/\/sitios.upla.cl\/contenidos\/wp-content\/uploads\/2009\/04\/basicarural1.jpg\"><img loading=\"lazy\" decoding=\"async\" class=\"alignright size-medium wp-image-1993\" title=\"basicarural1\" src=\"http:\/\/sitios.upla.cl\/contenidos\/wp-content\/uploads\/2009\/04\/basicarural1-280x194.jpg\" alt=\"\" width=\"280\" height=\"194\" \/><\/a>La carrera de<strong> Pedagog\u00eda en Educaci\u00f3n B\u00e1sica con menci\u00f3n en Educaci\u00f3n Rural y Desarrollo<\/strong> de la Sede San Felipe de la Universidad de Playa Ancha celebr\u00f3 el 7 de abril el <strong>D\u00eda de la Educaci\u00f3n Rural<\/strong>.<\/p>\n<p>La actividad, realizada conjuntamente con la comunidad de la Escuela B\u00e1sica Carolina Ocampo Garc\u00eda del Valle de Aconcagua, tuvo por prop\u00f3sito retomar una antigua tradici\u00f3n universitaria inspirada en la idea de reconocer y poner en valor la tarea educativa que se realiza en las miles de escuelas rurales distribuidas a lo largo y ancho de nuestro pa\u00eds.<\/p>\n<p>Esta fiesta ciudadana tuvo como epicentro a la <strong>Escuela B\u00e1sica Carolina Ocampo Garc\u00eda<\/strong> -ubicada en la localidad de Bellavista- que es uno de los establecimientos m\u00e1s aislados de la comuna de San Felipe. Dicha instituci\u00f3n educativa cuenta a su haber con cincuenta a\u00f1os al servicio de la educaci\u00f3n de ni\u00f1os y ni\u00f1as rurales, con un equipo de siete maestros que atiende a 93 alumnos, con el sistema de aula graduada y multigrado.<\/p>\n<p>La carrera Pedagog\u00eda en Educaci\u00f3n B\u00e1sica con Menci\u00f3n en Educaci\u00f3n Rural y Desarrollo de la Universidad de Playa Ancha ha trabajado con estos establecimientos desde 1997, integrando a sus estudiantes mediante pr\u00e1cticas tempranas y profesionales, como tambi\u00e9n en actividades de investigaci\u00f3n y extensi\u00f3n. Es por esto, que sus estudiantes y acad\u00e9micos no pod\u00edan faltar a esta cita.<\/p>\n<p>Adem\u00e1s, los estudiantes participaron en un \u00e1mbito importante: la educaci\u00f3n rural, sus maestros, sus alumnos y sus comunidades libran dura batalla d\u00eda a d\u00eda contra muchos factores como la lejan\u00eda, el aislamiento, la pobreza, y en ocasiones, el desconocimiento respecto de su propia realidad.<\/p>\n<p>La celebraci\u00f3n de este d\u00eda representa una pausa en esa ardua tarea, para que las escuelas rurales, con la alegr\u00eda de la fiesta compartida, confirmen su identidad y su disposici\u00f3n a no rendirse en el prop\u00f3sito de llevar a los alumnos y comunidades rurales los aprendizajes de calidad en la forma y lugar en que m\u00e1s los necesitan.<\/p>\n<p><strong>Del D\u00eda de la Educaci\u00f3n Rural<br \/>\n<\/strong><br \/>\n<a href=\"http:\/\/sitios.upla.cl\/contenidos\/wp-content\/uploads\/2009\/04\/basicarural.jpg\"><img loading=\"lazy\" decoding=\"async\" class=\"alignright size-medium wp-image-1994\" title=\"basicarural\" src=\"http:\/\/sitios.upla.cl\/contenidos\/wp-content\/uploads\/2009\/04\/basicarural-280x187.jpg\" alt=\"\" width=\"280\" height=\"187\" \/><\/a>El 1998 se inici\u00f3 en el Chile la celebraci\u00f3n del D\u00eda de la Educaci\u00f3n Rural, decretado como una efem\u00e9ride por el Ministerio de Educaci\u00f3n en reconocimiento a la tarea educativa que se realiza en las miles de escuelas rurales distribuidas a lo largo y ancho de nuestro pa\u00eds, en la cordillera y en las caletas, en el valle y en zonas inh\u00f3spitas donde siempre habr\u00e1 un maestro rural cumpliendo su labor formadora.<\/p>\n<p>El d\u00eda 7 de abril fue elegido por ser el natalicio de la m\u00e1s insigne maestra rural, la Premio N\u00f3bel de Literatura, Gabriela Mistral, qui\u00e9n, antes de consagrarse de lleno a la literatura, trabaj\u00f3 durante casi veinte a\u00f1os en la docencia, desempe\u00f1\u00e1ndose varios a\u00f1os del per\u00edodo clave para su formaci\u00f3n y conocimiento del mundo, como maestra en peque\u00f1as escuelas de la Cuarta Regi\u00f3n. Sus experiencias e inquietudes de esa etapa de su vida, educando ni\u00f1os y ni\u00f1as rurales quedaron grabados en un espacio importante de su obra y sus recuerdos.<\/p>\n","protected":false},"excerpt":{"rendered":"<p>La carrera de Pedagog\u00eda en Educaci\u00f3n B\u00e1sica con menci\u00f3n en Educaci\u00f3n Rural y Desarrollo de la Sede San Felipe reconoce aporte de las escuelas rurales en el pa\u00eds.<\/p>\n","protected":false},"author":2,"featured_media":0,"comment_status":"closed","ping_status":"closed","sticky":false,"template":"","format":"standard","meta":{"footnotes":""},"categories":[51,60,91],"tags":[],"class_list":["post-1991","post","type-post","status-publish","format-standard","","category-academia","category-campus-san-felipe","category-vinculacion-con-el-medio"],"_links":{"self":[{"href":"https:\/\/upla.cl\/noticias\/wp-json\/wp\/v2\/posts\/1991","targetHints":{"allow":["GET"]}}],"collection":[{"href":"https:\/\/upla.cl\/noticias\/wp-json\/wp\/v2\/posts"}],"about":[{"href":"https:\/\/upla.cl\/noticias\/wp-json\/wp\/v2\/types\/post"}],"author":[{"embeddable":true,"href":"https:\/\/upla.cl\/noticias\/wp-json\/wp\/v2\/users\/2"}],"replies":[{"embeddable":true,"href":"https:\/\/upla.cl\/noticias\/wp-json\/wp\/v2\/comments?post=1991"}],"version-history":[{"count":0,"href":"https:\/\/upla.cl\/noticias\/wp-json\/wp\/v2\/posts\/1991\/revisions"}],"wp:attachment":[{"href":"https:\/\/upla.cl\/noticias\/wp-json\/wp\/v2\/media?parent=1991"}],"wp:term":[{"taxonomy":"category","embeddable":true,"href":"https:\/\/upla.cl\/noticias\/wp-json\/wp\/v2\/categories?post=1991"},{"taxonomy":"post_tag","embeddable":true,"href":"https:\/\/upla.cl\/noticias\/wp-json\/wp\/v2\/tags?post=1991"}],"curies":[{"name":"wp","href":"https:\/\/api.w.org\/{rel}","templated":true}]}}