{"id":200887,"date":"2026-08-31T18:11:10","date_gmt":"2026-08-31T22:11:10","guid":{"rendered":"https:\/\/upla.cl\/noticias\/?p=200887"},"modified":"2026-08-31T18:18:49","modified_gmt":"2026-08-31T22:18:49","slug":"las-fiestas-patrias-llegan-al-upla-ramada-la-previa-triestamental","status":"publish","type":"post","link":"https:\/\/upla.cl\/noticias\/2026\/08\/31\/las-fiestas-patrias-llegan-al-upla-ramada-la-previa-triestamental\/","title":{"rendered":"Las Fiestas Patrias llegan al \u201cUPLA Ramada: La previa triestamental\u201d"},"content":{"rendered":"<p><a href=\"https:\/\/upla.cl\/noticias\/wp-content\/uploads\/2026\/08\/uplaramada-valpo-26-2.jpg\"><img loading=\"lazy\" decoding=\"async\" class=\"alignright size-medium wp-image-200891\" src=\"https:\/\/upla.cl\/noticias\/wp-content\/uploads\/2026\/08\/uplaramada-valpo-26-2-240x300.jpg\" alt=\"\" width=\"240\" height=\"300\" srcset=\"https:\/\/upla.cl\/noticias\/wp-content\/uploads\/2026\/08\/uplaramada-valpo-26-2-240x300.jpg 240w, https:\/\/upla.cl\/noticias\/wp-content\/uploads\/2026\/08\/uplaramada-valpo-26-2-819x1024.jpg 819w, https:\/\/upla.cl\/noticias\/wp-content\/uploads\/2026\/08\/uplaramada-valpo-26-2-120x150.jpg 120w, https:\/\/upla.cl\/noticias\/wp-content\/uploads\/2026\/08\/uplaramada-valpo-26-2-768x960.jpg 768w, https:\/\/upla.cl\/noticias\/wp-content\/uploads\/2026\/08\/uplaramada-valpo-26-2-1229x1536.jpg 1229w, https:\/\/upla.cl\/noticias\/wp-content\/uploads\/2026\/08\/uplaramada-valpo-26-2.jpg 1536w\" sizes=\"auto, (max-width: 240px) 100vw, 240px\" \/><\/a>La comunidad de la Universidad de Playa Ancha se prepara para celebrar las Fiestas Patrias en un espacio de encuentro, tradici\u00f3n y disfrute en el \u00abUPLA Ramada: La previa triestamental\u00bb, un evento abierto a estudiantes, acad\u00e9micos, acad\u00e9micas, funcionarios y funcionarias, destinado a rescatar, difundir y valorar las costumbres y expresiones culturales que componen la identidad nacional.<\/p>\n<p>La actividad se desarrollar\u00e1 el <strong>4 de septiembre desde las 12:00 a 15:00 horas<\/strong>, en calle Hontaneda.<\/p>\n<p>La iniciativa es impulsada de manera conjunta por la Direcci\u00f3n de Deportes y Recreaci\u00f3n, dependiente de la Direcci\u00f3n General de Desarrollo Estudiantil, el Comit\u00e9 de Estudiantes Uplaolimpiadas y el Servicio de Bienestar del Personal.<\/p>\n<h4><strong>Inscripciones y participaci\u00f3n abierta<\/strong><\/h4>\n<p>Un <a href=\"https:\/\/drive.google.com\/file\/d\/1PRde2orfDhPegLyYuP6LCf3c-ER_3VAv\/view\" target=\"_blank\" rel=\"noopener\"><strong>programa con variadas actividades<\/strong><\/a> considera la celebraci\u00f3n, entre ellas, \u00a0juegos t\u00edpicos, presentaciones folcl\u00f3ricas, concursos, carros gratuitos de palomitas y algodones de az\u00facar, feria de emprendimientos.<\/p>\n<p><strong>Concursos y campeonatos:<\/strong> Las bases e inscripciones para el Campeonato de Cueca, el Concurso de Payas y la Confecci\u00f3n de Volantines est\u00e1n disponibles <a href=\"https:\/\/drive.google.com\/drive\/folders\/1dEwc6Ouf4z4TE5FRgiz9T8JbLvsob5Qh\" target=\"_blank\" rel=\"noopener\"><strong>ingresando a este enlace<\/strong><\/a> o escaneando el c\u00f3digo QR ubicado en el afiche del evento.<\/p>\n<p><strong>Feria de Emprendedores\/as:<\/strong> Quienes busquen un espacio para exhibir su emprendimiento pueden completar su registro <a href=\"https:\/\/drive.google.com\/file\/d\/1IMDZ56Pfa8nGrtS7g_M6x1s4qDUzBBdO\/view\" target=\"_blank\" rel=\"noopener\"><strong>en este formulario<\/strong><\/a> dispuesto para tal fin.<\/p>\n<h4><strong>Facilidades de asistencia<\/strong><\/h4>\n<p>Habr\u00e1 horario protegido para estudiantes de todas las sedes de Valpara\u00edso, y turnos de atenci\u00f3n en las unidades administrativas en ese mismo periodo, para garantizar la m\u00e1xima participaci\u00f3n de la comunidad universitaria.<\/p>\n","protected":false},"excerpt":{"rendered":"<p>La actividad se desarrollar\u00e1 el 4 de septiembre desde las 12:00 a 15:00 horas, en calle Hontaneda.<\/p>\n","protected":false},"author":10,"featured_media":143379,"comment_status":"closed","ping_status":"open","sticky":false,"template":"","format":"standard","meta":{"footnotes":""},"categories":[42,201,40,97,99],"tags":[],"class_list":["post-200887","post","type-post","status-publish","format-standard","has-post-thumbnail","","category-deportes","category-desarrollo-estudiantil","category-destacados","category-estudiantes","category-funcionarios"],"_links":{"self":[{"href":"https:\/\/upla.cl\/noticias\/wp-json\/wp\/v2\/posts\/200887","targetHints":{"allow":["GET"]}}],"collection":[{"href":"https:\/\/upla.cl\/noticias\/wp-json\/wp\/v2\/posts"}],"about":[{"href":"https:\/\/upla.cl\/noticias\/wp-json\/wp\/v2\/types\/post"}],"author":[{"embeddable":true,"href":"https:\/\/upla.cl\/noticias\/wp-json\/wp\/v2\/users\/10"}],"replies":[{"embeddable":true,"href":"https:\/\/upla.cl\/noticias\/wp-json\/wp\/v2\/comments?post=200887"}],"version-history":[{"count":5,"href":"https:\/\/upla.cl\/noticias\/wp-json\/wp\/v2\/posts\/200887\/revisions"}],"predecessor-version":[{"id":200894,"href":"https:\/\/upla.cl\/noticias\/wp-json\/wp\/v2\/posts\/200887\/revisions\/200894"}],"wp:featuredmedia":[{"embeddable":true,"href":"https:\/\/upla.cl\/noticias\/wp-json\/wp\/v2\/media\/143379"}],"wp:attachment":[{"href":"https:\/\/upla.cl\/noticias\/wp-json\/wp\/v2\/media?parent=200887"}],"wp:term":[{"taxonomy":"category","embeddable":true,"href":"https:\/\/upla.cl\/noticias\/wp-json\/wp\/v2\/categories?post=200887"},{"taxonomy":"post_tag","embeddable":true,"href":"https:\/\/upla.cl\/noticias\/wp-json\/wp\/v2\/tags?post=200887"}],"curies":[{"name":"wp","href":"https:\/\/api.w.org\/{rel}","templated":true}]}}