{"id":200895,"date":"2026-09-01T10:00:44","date_gmt":"2026-09-01T14:00:44","guid":{"rendered":"https:\/\/upla.cl\/noticias\/?p=200895"},"modified":"2026-09-01T10:03:57","modified_gmt":"2026-09-01T14:03:57","slug":"temporada-musical-2026-continua-con-tuna-femenina-en-espacio-la-compania","status":"publish","type":"post","link":"https:\/\/upla.cl\/noticias\/2026\/09\/01\/temporada-musical-2026-continua-con-tuna-femenina-en-espacio-la-compania\/","title":{"rendered":"Temporada Musical 2026 contin\u00faa con Tuna Femenina en Espacio La Compa\u00f1\u00eda"},"content":{"rendered":"<p><a href=\"https:\/\/upla.cl\/noticias\/wp-content\/uploads\/2026\/09\/tuna_femenina_upla_2.jpg\"><img loading=\"lazy\" decoding=\"async\" class=\"aligncenter size-large wp-image-200896\" src=\"https:\/\/upla.cl\/noticias\/wp-content\/uploads\/2026\/09\/tuna_femenina_upla_2-1024x768.jpg\" alt=\"\" width=\"618\" height=\"464\" srcset=\"https:\/\/upla.cl\/noticias\/wp-content\/uploads\/2026\/09\/tuna_femenina_upla_2-1024x768.jpg 1024w, https:\/\/upla.cl\/noticias\/wp-content\/uploads\/2026\/09\/tuna_femenina_upla_2-300x225.jpg 300w, https:\/\/upla.cl\/noticias\/wp-content\/uploads\/2026\/09\/tuna_femenina_upla_2-150x113.jpg 150w, https:\/\/upla.cl\/noticias\/wp-content\/uploads\/2026\/09\/tuna_femenina_upla_2-768x576.jpg 768w, https:\/\/upla.cl\/noticias\/wp-content\/uploads\/2026\/09\/tuna_femenina_upla_2-1536x1152.jpg 1536w, https:\/\/upla.cl\/noticias\/wp-content\/uploads\/2026\/09\/tuna_femenina_upla_2.jpg 1920w\" sizes=\"auto, (max-width: 618px) 100vw, 618px\" \/><\/a>La Universidad de Playa Ancha, a trav\u00e9s del \u00e1rea de Extensi\u00f3n de la Direcci\u00f3n General de Vinculaci\u00f3n con el Medio, invita a una nueva jornada de la Temporada Musical UPLA 2026 en Espacio La Compa\u00f1\u00eda, que en esta oportunidad tendr\u00e1 como protagonista a la Tuna Femenina UPLA, elenco que este a\u00f1o celebra tres d\u00e9cadas de trayectoria.<\/p>\n<p>La presentaci\u00f3n, liberada al p\u00fablico, se realizar\u00e1 el <strong>viernes 4 de septiembre<\/strong>, a las <strong>18:30 horas<\/strong>, en <strong>Espacio la Compa\u00f1\u00eda<\/strong>, ubicado en <strong>Eusebio Lillo 387, Valpara\u00edso<\/strong>.<\/p>\n<p>Esta nueva fecha da continuidad a la Temporada Musical desarrollada por segundo a\u00f1o consecutivo gracias al convenio de colaboraci\u00f3n entre la Universidad de Playa Ancha y Espacio La Compa\u00f1\u00eda. La primera presentaci\u00f3n fue en el mes de agosto con el Coro de C\u00e1mara UPLA.<\/p>\n<p>La iniciativa busca acercar a la comunidad el trabajo de los elencos art\u00edsticos universitarios y, al mismo tiempo, fortalecer su vinculaci\u00f3n con espacios culturales de Valpara\u00edso.<\/p>\n<h2><strong>Tres d\u00e9cadas de la primera Tuna Femenina<\/strong><\/h2>\n<p><a href=\"https:\/\/upla.cl\/noticias\/wp-content\/uploads\/2026\/09\/tuna_femenina_upla.jpg\"><img loading=\"lazy\" decoding=\"async\" class=\"alignright size-medium wp-image-200897\" src=\"https:\/\/upla.cl\/noticias\/wp-content\/uploads\/2026\/09\/tuna_femenina_upla-300x225.jpg\" alt=\"\" width=\"300\" height=\"225\" srcset=\"https:\/\/upla.cl\/noticias\/wp-content\/uploads\/2026\/09\/tuna_femenina_upla-300x225.jpg 300w, https:\/\/upla.cl\/noticias\/wp-content\/uploads\/2026\/09\/tuna_femenina_upla-1024x768.jpg 1024w, https:\/\/upla.cl\/noticias\/wp-content\/uploads\/2026\/09\/tuna_femenina_upla-150x113.jpg 150w, https:\/\/upla.cl\/noticias\/wp-content\/uploads\/2026\/09\/tuna_femenina_upla-768x576.jpg 768w, https:\/\/upla.cl\/noticias\/wp-content\/uploads\/2026\/09\/tuna_femenina_upla-1536x1152.jpg 1536w, https:\/\/upla.cl\/noticias\/wp-content\/uploads\/2026\/09\/tuna_femenina_upla.jpg 1920w\" sizes=\"auto, (max-width: 300px) 100vw, 300px\" \/><\/a>Fundada en 1996, la Tuna Femenina de la Universidad de Playa Ancha fue la primera tuna femenina de Chile. A lo largo de sus treinta a\u00f1os de historia ha representado a la casa de estudios dentro y fuera del pa\u00eds, participando en diversos encuentros y obteniendo reconocimientos internacionales que la han consolidado como un referente de esta tradici\u00f3n universitaria.<\/p>\n<p>Durante 2026, el elenco se encuentra celebrando sus 30 a\u00f1os de trayectoria, manteniendo vivo un trabajo marcado por la m\u00fasica, el encuentro, la fraternidad y la transmisi\u00f3n de la tradici\u00f3n de las tunas a nuevas generaciones de estudiantes.<\/p>\n<p><em>Fuente: Valentinne Rudolphy Gahona, periodista Elencos\/Extensi\u00f3n de la Direcci\u00f3n General de Vinculaci\u00f3n con el Medio.<\/em><\/p>\n","protected":false},"excerpt":{"rendered":"<p>El hist\u00f3rico elenco universitario se presentar\u00e1 este viernes 4 de septiembre, dando continuidad al ciclo impulsado por la Universidad de Playa Ancha y Espacio La Compa\u00f1\u00eda. La actividad es gratuita y para todas las edades.<\/p>\n","protected":false},"author":10,"featured_media":200900,"comment_status":"closed","ping_status":"open","sticky":false,"template":"","format":"standard","meta":{"footnotes":""},"categories":[201,40,97,91],"tags":[],"class_list":["post-200895","post","type-post","status-publish","format-standard","has-post-thumbnail","","category-desarrollo-estudiantil","category-destacados","category-estudiantes","category-vinculacion-con-el-medio"],"_links":{"self":[{"href":"https:\/\/upla.cl\/noticias\/wp-json\/wp\/v2\/posts\/200895","targetHints":{"allow":["GET"]}}],"collection":[{"href":"https:\/\/upla.cl\/noticias\/wp-json\/wp\/v2\/posts"}],"about":[{"href":"https:\/\/upla.cl\/noticias\/wp-json\/wp\/v2\/types\/post"}],"author":[{"embeddable":true,"href":"https:\/\/upla.cl\/noticias\/wp-json\/wp\/v2\/users\/10"}],"replies":[{"embeddable":true,"href":"https:\/\/upla.cl\/noticias\/wp-json\/wp\/v2\/comments?post=200895"}],"version-history":[{"count":3,"href":"https:\/\/upla.cl\/noticias\/wp-json\/wp\/v2\/posts\/200895\/revisions"}],"predecessor-version":[{"id":200902,"href":"https:\/\/upla.cl\/noticias\/wp-json\/wp\/v2\/posts\/200895\/revisions\/200902"}],"wp:featuredmedia":[{"embeddable":true,"href":"https:\/\/upla.cl\/noticias\/wp-json\/wp\/v2\/media\/200900"}],"wp:attachment":[{"href":"https:\/\/upla.cl\/noticias\/wp-json\/wp\/v2\/media?parent=200895"}],"wp:term":[{"taxonomy":"category","embeddable":true,"href":"https:\/\/upla.cl\/noticias\/wp-json\/wp\/v2\/categories?post=200895"},{"taxonomy":"post_tag","embeddable":true,"href":"https:\/\/upla.cl\/noticias\/wp-json\/wp\/v2\/tags?post=200895"}],"curies":[{"name":"wp","href":"https:\/\/api.w.org\/{rel}","templated":true}]}}