{"id":200909,"date":"2026-09-01T11:01:12","date_gmt":"2026-09-01T15:01:12","guid":{"rendered":"https:\/\/upla.cl\/noticias\/?p=200909"},"modified":"2026-09-01T11:01:12","modified_gmt":"2026-09-01T15:01:12","slug":"emotiva-investidura-de-tecnico-en-educacion-parvularia-upla-2026","status":"publish","type":"post","link":"https:\/\/upla.cl\/noticias\/2026\/09\/01\/emotiva-investidura-de-tecnico-en-educacion-parvularia-upla-2026\/","title":{"rendered":"Emotiva investidura de T\u00e9cnico en Educaci\u00f3n Parvularia UPLA 2026"},"content":{"rendered":"<p><a href=\"https:\/\/upla.cl\/noticias\/wp-content\/uploads\/2026\/09\/Investidura-Tec.-Parcularia-1.png\"><img loading=\"lazy\" decoding=\"async\" class=\"aligncenter size-full wp-image-200911\" src=\"https:\/\/upla.cl\/noticias\/wp-content\/uploads\/2026\/09\/Investidura-Tec.-Parcularia-1.png\" alt=\"\" width=\"969\" height=\"550\" srcset=\"https:\/\/upla.cl\/noticias\/wp-content\/uploads\/2026\/09\/Investidura-Tec.-Parcularia-1.png 969w, https:\/\/upla.cl\/noticias\/wp-content\/uploads\/2026\/09\/Investidura-Tec.-Parcularia-1-300x170.png 300w, https:\/\/upla.cl\/noticias\/wp-content\/uploads\/2026\/09\/Investidura-Tec.-Parcularia-1-150x85.png 150w, https:\/\/upla.cl\/noticias\/wp-content\/uploads\/2026\/09\/Investidura-Tec.-Parcularia-1-768x436.png 768w\" sizes=\"auto, (max-width: 969px) 100vw, 969px\" \/><\/a><\/p>\n<p>En un solemne acto realizado en el <strong>Aula Dr. F\u00e9lix Morales Pettorino,<\/strong> la promoci\u00f3n 2026 de la carrera de <a href=\"https:\/\/www.upla.cl\/institutotecnologico\/tecnico-en-educacion-parvularia\/\"><strong>T\u00e9cnico en Educaci\u00f3n Parvularia<\/strong><\/a> del <a href=\"https:\/\/www.upla.cl\/institutotecnologico\/\"><strong>Instituto Tecnol\u00f3gico de la Universidad de Playa Ancha<\/strong><\/a>, vivi\u00f3 su tradicional ceremonia de investidura. La instancia marc\u00f3 un hito fundamental en el trayecto formativo de las estudiantes al vestir por primera vez su delantal y recibir el s\u00edmbolo de la luz para dar inicio a su primera etapa pr\u00e1ctica y laboral.<\/p>\n<p>La ceremonia estuvo encabezada por el <strong>director general del Instituto Tecnol\u00f3gico, Mauricio Hern\u00e1ndez Flores;<\/strong> el <strong>secretario acad\u00e9mico, Miguel Sagredo Gallardo<\/strong>; y la <strong>coordinadora de la carrera, Macarena Gallardo Sobarzo,<\/strong> acompa\u00f1ados por docentes, familiares y seres queridos de las treinta y tres estudiantes investidas.<\/p>\n<p><a href=\"https:\/\/upla.cl\/noticias\/wp-content\/uploads\/2026\/09\/Investidura-Tec-Parcularia-4.jpeg\"><img loading=\"lazy\" decoding=\"async\" class=\"alignleft size-medium wp-image-200912\" src=\"https:\/\/upla.cl\/noticias\/wp-content\/uploads\/2026\/09\/Investidura-Tec-Parcularia-4-300x225.jpeg\" alt=\"\" width=\"300\" height=\"225\" srcset=\"https:\/\/upla.cl\/noticias\/wp-content\/uploads\/2026\/09\/Investidura-Tec-Parcularia-4-300x225.jpeg 300w, https:\/\/upla.cl\/noticias\/wp-content\/uploads\/2026\/09\/Investidura-Tec-Parcularia-4-1024x768.jpeg 1024w, https:\/\/upla.cl\/noticias\/wp-content\/uploads\/2026\/09\/Investidura-Tec-Parcularia-4-150x113.jpeg 150w, https:\/\/upla.cl\/noticias\/wp-content\/uploads\/2026\/09\/Investidura-Tec-Parcularia-4-768x576.jpeg 768w, https:\/\/upla.cl\/noticias\/wp-content\/uploads\/2026\/09\/Investidura-Tec-Parcularia-4-1536x1152.jpeg 1536w, https:\/\/upla.cl\/noticias\/wp-content\/uploads\/2026\/09\/Investidura-Tec-Parcularia-4.jpeg 1600w\" sizes=\"auto, (max-width: 300px) 100vw, 300px\" \/><\/a>Durante su intervenci\u00f3n, el director general del Instituto Tecnol\u00f3gico destac\u00f3 el valor de este paso institucional y la responsabilidad que adquieren las futuras t\u00e9cnicas bajo el sello formativo de la universidad estatal, enfocado en el desarrollo, el bien com\u00fan y la dignidad de las personas. En la misma l\u00ednea, la coordinadora de la carrera dirigi\u00f3 emotivas palabras a las j\u00f3venes, inst\u00e1ndolas a asumir su vocaci\u00f3n con compromiso, cari\u00f1o y sabidur\u00eda.<\/p>\n<p>El programa acad\u00e9mico y cultural cont\u00f3 con la presentaci\u00f3n del <strong>acad\u00e9mico de la Facultad de Arte y profesor de Pedagog\u00eda en Educaci\u00f3n Musical, Daniel D\u00edaz Cerda,<\/strong> quien ameniz\u00f3 la jornada con interpretaciones musicales. Posteriormente, se desarroll\u00f3 el momento central de la cita: la investidura con el delantal a cargo de familiares y la entrega de velas por parte de las <strong>docentes Marcela Vera, Andrea Valenzuela, Yanara Alarc\u00f3n, Ana Mar\u00eda Poblete y la coordinadora Macarena Gallardo.<\/strong><\/p>\n<p>Con este acto oficial, las treinta y tres estudiantes de la promoci\u00f3n 2026 quedaron habilitadas para enfrentar sus pr\u00f3ximas pr\u00e1cticas profesionales, reafirmando el compromiso hist\u00f3rico de la Universidad de Playa Ancha con la educaci\u00f3n p\u00fablica, la equidad y la formaci\u00f3n de profesionales de excelencia.<\/p>\n<div id='gallery-1' class='gallery galleryid-200909 gallery-columns-3 gallery-size-thumbnail'><figure class='gallery-item'>\n\t\t\t<div class='gallery-icon landscape'>\n\t\t\t\t<a href='https:\/\/upla.cl\/noticias\/wp-content\/uploads\/2026\/09\/Investidura-Tec-Parvularia-3.jpeg'><img loading=\"lazy\" decoding=\"async\" width=\"150\" height=\"113\" src=\"https:\/\/upla.cl\/noticias\/wp-content\/uploads\/2026\/09\/Investidura-Tec-Parvularia-3-150x113.jpeg\" class=\"attachment-thumbnail size-thumbnail\" alt=\"\" srcset=\"https:\/\/upla.cl\/noticias\/wp-content\/uploads\/2026\/09\/Investidura-Tec-Parvularia-3-150x113.jpeg 150w, https:\/\/upla.cl\/noticias\/wp-content\/uploads\/2026\/09\/Investidura-Tec-Parvularia-3-300x225.jpeg 300w, https:\/\/upla.cl\/noticias\/wp-content\/uploads\/2026\/09\/Investidura-Tec-Parvularia-3-1024x768.jpeg 1024w, https:\/\/upla.cl\/noticias\/wp-content\/uploads\/2026\/09\/Investidura-Tec-Parvularia-3-768x576.jpeg 768w, https:\/\/upla.cl\/noticias\/wp-content\/uploads\/2026\/09\/Investidura-Tec-Parvularia-3-1536x1152.jpeg 1536w, https:\/\/upla.cl\/noticias\/wp-content\/uploads\/2026\/09\/Investidura-Tec-Parvularia-3.jpeg 1600w\" sizes=\"auto, (max-width: 150px) 100vw, 150px\" \/><\/a>\n\t\t\t<\/div><\/figure><figure class='gallery-item'>\n\t\t\t<div class='gallery-icon landscape'>\n\t\t\t\t<a href='https:\/\/upla.cl\/noticias\/wp-content\/uploads\/2026\/09\/Investidura-Tec-Parvularia-6.jpeg'><img loading=\"lazy\" decoding=\"async\" width=\"150\" height=\"113\" src=\"https:\/\/upla.cl\/noticias\/wp-content\/uploads\/2026\/09\/Investidura-Tec-Parvularia-6-150x113.jpeg\" class=\"attachment-thumbnail size-thumbnail\" alt=\"\" srcset=\"https:\/\/upla.cl\/noticias\/wp-content\/uploads\/2026\/09\/Investidura-Tec-Parvularia-6-150x113.jpeg 150w, https:\/\/upla.cl\/noticias\/wp-content\/uploads\/2026\/09\/Investidura-Tec-Parvularia-6-300x225.jpeg 300w, https:\/\/upla.cl\/noticias\/wp-content\/uploads\/2026\/09\/Investidura-Tec-Parvularia-6-1024x768.jpeg 1024w, https:\/\/upla.cl\/noticias\/wp-content\/uploads\/2026\/09\/Investidura-Tec-Parvularia-6-768x576.jpeg 768w, https:\/\/upla.cl\/noticias\/wp-content\/uploads\/2026\/09\/Investidura-Tec-Parvularia-6-1536x1152.jpeg 1536w, https:\/\/upla.cl\/noticias\/wp-content\/uploads\/2026\/09\/Investidura-Tec-Parvularia-6.jpeg 1600w\" sizes=\"auto, (max-width: 150px) 100vw, 150px\" \/><\/a>\n\t\t\t<\/div><\/figure><figure class='gallery-item'>\n\t\t\t<div class='gallery-icon landscape'>\n\t\t\t\t<a href='https:\/\/upla.cl\/noticias\/wp-content\/uploads\/2026\/09\/Investidura-Tec.-Parcularia-.jpeg'><img loading=\"lazy\" decoding=\"async\" width=\"150\" height=\"113\" src=\"https:\/\/upla.cl\/noticias\/wp-content\/uploads\/2026\/09\/Investidura-Tec.-Parcularia--150x113.jpeg\" class=\"attachment-thumbnail size-thumbnail\" alt=\"\" srcset=\"https:\/\/upla.cl\/noticias\/wp-content\/uploads\/2026\/09\/Investidura-Tec.-Parcularia--150x113.jpeg 150w, https:\/\/upla.cl\/noticias\/wp-content\/uploads\/2026\/09\/Investidura-Tec.-Parcularia--300x225.jpeg 300w, https:\/\/upla.cl\/noticias\/wp-content\/uploads\/2026\/09\/Investidura-Tec.-Parcularia--1024x768.jpeg 1024w, https:\/\/upla.cl\/noticias\/wp-content\/uploads\/2026\/09\/Investidura-Tec.-Parcularia--768x576.jpeg 768w, https:\/\/upla.cl\/noticias\/wp-content\/uploads\/2026\/09\/Investidura-Tec.-Parcularia--1536x1152.jpeg 1536w, https:\/\/upla.cl\/noticias\/wp-content\/uploads\/2026\/09\/Investidura-Tec.-Parcularia-.jpeg 1600w\" sizes=\"auto, (max-width: 150px) 100vw, 150px\" \/><\/a>\n\t\t\t<\/div><\/figure><figure class='gallery-item'>\n\t\t\t<div class='gallery-icon landscape'>\n\t\t\t\t<a href='https:\/\/upla.cl\/noticias\/wp-content\/uploads\/2026\/09\/Investidura-Tec-Parcularia-3.jpeg'><img loading=\"lazy\" decoding=\"async\" width=\"150\" height=\"113\" src=\"https:\/\/upla.cl\/noticias\/wp-content\/uploads\/2026\/09\/Investidura-Tec-Parcularia-3-150x113.jpeg\" class=\"attachment-thumbnail size-thumbnail\" alt=\"\" srcset=\"https:\/\/upla.cl\/noticias\/wp-content\/uploads\/2026\/09\/Investidura-Tec-Parcularia-3-150x113.jpeg 150w, https:\/\/upla.cl\/noticias\/wp-content\/uploads\/2026\/09\/Investidura-Tec-Parcularia-3-300x225.jpeg 300w, https:\/\/upla.cl\/noticias\/wp-content\/uploads\/2026\/09\/Investidura-Tec-Parcularia-3-1024x768.jpeg 1024w, https:\/\/upla.cl\/noticias\/wp-content\/uploads\/2026\/09\/Investidura-Tec-Parcularia-3-768x576.jpeg 768w, https:\/\/upla.cl\/noticias\/wp-content\/uploads\/2026\/09\/Investidura-Tec-Parcularia-3-1536x1152.jpeg 1536w, https:\/\/upla.cl\/noticias\/wp-content\/uploads\/2026\/09\/Investidura-Tec-Parcularia-3.jpeg 1600w\" sizes=\"auto, (max-width: 150px) 100vw, 150px\" \/><\/a>\n\t\t\t<\/div><\/figure><figure class='gallery-item'>\n\t\t\t<div class='gallery-icon landscape'>\n\t\t\t\t<a href='https:\/\/upla.cl\/noticias\/wp-content\/uploads\/2026\/09\/WhatsApp-Image-2026-08-13-at-18.01.55-1.jpeg'><img loading=\"lazy\" decoding=\"async\" width=\"150\" height=\"113\" src=\"https:\/\/upla.cl\/noticias\/wp-content\/uploads\/2026\/09\/WhatsApp-Image-2026-08-13-at-18.01.55-1-150x113.jpeg\" class=\"attachment-thumbnail size-thumbnail\" alt=\"\" srcset=\"https:\/\/upla.cl\/noticias\/wp-content\/uploads\/2026\/09\/WhatsApp-Image-2026-08-13-at-18.01.55-1-150x113.jpeg 150w, https:\/\/upla.cl\/noticias\/wp-content\/uploads\/2026\/09\/WhatsApp-Image-2026-08-13-at-18.01.55-1-300x225.jpeg 300w, https:\/\/upla.cl\/noticias\/wp-content\/uploads\/2026\/09\/WhatsApp-Image-2026-08-13-at-18.01.55-1-1024x768.jpeg 1024w, https:\/\/upla.cl\/noticias\/wp-content\/uploads\/2026\/09\/WhatsApp-Image-2026-08-13-at-18.01.55-1-768x576.jpeg 768w, https:\/\/upla.cl\/noticias\/wp-content\/uploads\/2026\/09\/WhatsApp-Image-2026-08-13-at-18.01.55-1-1536x1152.jpeg 1536w, https:\/\/upla.cl\/noticias\/wp-content\/uploads\/2026\/09\/WhatsApp-Image-2026-08-13-at-18.01.55-1.jpeg 1600w\" sizes=\"auto, (max-width: 150px) 100vw, 150px\" \/><\/a>\n\t\t\t<\/div><\/figure><figure class='gallery-item'>\n\t\t\t<div class='gallery-icon landscape'>\n\t\t\t\t<a href='https:\/\/upla.cl\/noticias\/wp-content\/uploads\/2026\/09\/Invesidura-Tec-Parcularia-5.jpeg'><img loading=\"lazy\" decoding=\"async\" width=\"150\" height=\"113\" src=\"https:\/\/upla.cl\/noticias\/wp-content\/uploads\/2026\/09\/Invesidura-Tec-Parcularia-5-150x113.jpeg\" class=\"attachment-thumbnail size-thumbnail\" alt=\"\" srcset=\"https:\/\/upla.cl\/noticias\/wp-content\/uploads\/2026\/09\/Invesidura-Tec-Parcularia-5-150x113.jpeg 150w, https:\/\/upla.cl\/noticias\/wp-content\/uploads\/2026\/09\/Invesidura-Tec-Parcularia-5-300x225.jpeg 300w, https:\/\/upla.cl\/noticias\/wp-content\/uploads\/2026\/09\/Invesidura-Tec-Parcularia-5-1024x768.jpeg 1024w, https:\/\/upla.cl\/noticias\/wp-content\/uploads\/2026\/09\/Invesidura-Tec-Parcularia-5-768x576.jpeg 768w, https:\/\/upla.cl\/noticias\/wp-content\/uploads\/2026\/09\/Invesidura-Tec-Parcularia-5-1536x1152.jpeg 1536w, https:\/\/upla.cl\/noticias\/wp-content\/uploads\/2026\/09\/Invesidura-Tec-Parcularia-5.jpeg 1600w\" sizes=\"auto, (max-width: 150px) 100vw, 150px\" \/><\/a>\n\t\t\t<\/div><\/figure>\n\t\t<\/div>\n\n","protected":false},"excerpt":{"rendered":"<p>Treinta y tres estudiantes vistieron por primera vez su delantal y recibieron la luz que simboliza el inicio de su primera etapa de pr\u00e1cticas laborales.<\/p>\n","protected":false},"author":3,"featured_media":200911,"comment_status":"closed","ping_status":"open","sticky":false,"template":"","format":"standard","meta":{"footnotes":""},"categories":[40,101,97,83],"tags":[],"class_list":["post-200909","post","type-post","status-publish","format-standard","has-post-thumbnail","","category-destacados","category-docencia","category-estudiantes","category-instituto-tecnologico"],"_links":{"self":[{"href":"https:\/\/upla.cl\/noticias\/wp-json\/wp\/v2\/posts\/200909","targetHints":{"allow":["GET"]}}],"collection":[{"href":"https:\/\/upla.cl\/noticias\/wp-json\/wp\/v2\/posts"}],"about":[{"href":"https:\/\/upla.cl\/noticias\/wp-json\/wp\/v2\/types\/post"}],"author":[{"embeddable":true,"href":"https:\/\/upla.cl\/noticias\/wp-json\/wp\/v2\/users\/3"}],"replies":[{"embeddable":true,"href":"https:\/\/upla.cl\/noticias\/wp-json\/wp\/v2\/comments?post=200909"}],"version-history":[{"count":1,"href":"https:\/\/upla.cl\/noticias\/wp-json\/wp\/v2\/posts\/200909\/revisions"}],"predecessor-version":[{"id":200919,"href":"https:\/\/upla.cl\/noticias\/wp-json\/wp\/v2\/posts\/200909\/revisions\/200919"}],"wp:featuredmedia":[{"embeddable":true,"href":"https:\/\/upla.cl\/noticias\/wp-json\/wp\/v2\/media\/200911"}],"wp:attachment":[{"href":"https:\/\/upla.cl\/noticias\/wp-json\/wp\/v2\/media?parent=200909"}],"wp:term":[{"taxonomy":"category","embeddable":true,"href":"https:\/\/upla.cl\/noticias\/wp-json\/wp\/v2\/categories?post=200909"},{"taxonomy":"post_tag","embeddable":true,"href":"https:\/\/upla.cl\/noticias\/wp-json\/wp\/v2\/tags?post=200909"}],"curies":[{"name":"wp","href":"https:\/\/api.w.org\/{rel}","templated":true}]}}