{"id":200945,"date":"2026-09-01T11:29:27","date_gmt":"2026-09-01T15:29:27","guid":{"rendered":"https:\/\/upla.cl\/noticias\/?p=200945"},"modified":"2026-09-01T12:58:23","modified_gmt":"2026-09-01T16:58:23","slug":"banda-instrumental-brasilena-panteras-negras-ofrecio-charla-magistral-en-la-facultad-de-arte","status":"publish","type":"post","link":"https:\/\/upla.cl\/noticias\/2026\/09\/01\/banda-instrumental-brasilena-panteras-negras-ofrecio-charla-magistral-en-la-facultad-de-arte\/","title":{"rendered":"Banda instrumental brasile\u00f1a \u201cPanteras Negras\u201d ofreci\u00f3 charla magistral en la Facultad de Arte"},"content":{"rendered":"<p><a href=\"https:\/\/upla.cl\/noticias\/wp-content\/uploads\/2026\/09\/Panteras1.jpg\"><img loading=\"lazy\" decoding=\"async\" class=\"alignright wp-image-200946\" src=\"https:\/\/upla.cl\/noticias\/wp-content\/uploads\/2026\/09\/Panteras1-1024x681.jpg\" alt=\"\" width=\"350\" height=\"233\" srcset=\"https:\/\/upla.cl\/noticias\/wp-content\/uploads\/2026\/09\/Panteras1-1024x681.jpg 1024w, https:\/\/upla.cl\/noticias\/wp-content\/uploads\/2026\/09\/Panteras1-300x200.jpg 300w, https:\/\/upla.cl\/noticias\/wp-content\/uploads\/2026\/09\/Panteras1-150x100.jpg 150w, https:\/\/upla.cl\/noticias\/wp-content\/uploads\/2026\/09\/Panteras1-768x511.jpg 768w, https:\/\/upla.cl\/noticias\/wp-content\/uploads\/2026\/09\/Panteras1-1536x1022.jpg 1536w, https:\/\/upla.cl\/noticias\/wp-content\/uploads\/2026\/09\/Panteras1-310x205.jpg 310w, https:\/\/upla.cl\/noticias\/wp-content\/uploads\/2026\/09\/Panteras1.jpg 1920w\" sizes=\"auto, (max-width: 350px) 100vw, 350px\" \/><\/a>En el contexto de la realizaci\u00f3n del <strong>\u201cXI Festival Internacional de Jazz de Valpara\u00edso\u201d<\/strong> y en respuesta a la alianza colaborativa entre la <strong>Universidad de Playa Ancha<\/strong> y el municipio porte\u00f1o, se present\u00f3 en la <strong>Facultad de Arte<\/strong> la <strong>agrupaci\u00f3n instrumental \u201cPanteras Negras\u201d<\/strong>, conjunto originario de Salvador de Bah\u00eda (Brasil) que ofreci\u00f3 una <strong>charla magistral ante alrededor de 60 personas<\/strong>, experiencia que permiti\u00f3 conectar sonidos, culturas y tradiciones.<\/p>\n<p>En la oportunidad la banda brasile\u00f1a ofreci\u00f3 una charla que incluy\u00f3 momentos de <strong>interpretaci\u00f3n musical mezclada con la exposici\u00f3n did\u00e1ctica de su estilo, que se caracteriza por estar centrado en la m\u00fasica instrumental, el jazz y los sonidos afrobahianos.<\/strong> Es decir, la agrupaci\u00f3n abord\u00f3 c\u00f3mo re\u00fane elementos ancestrales y de la naturaleza para explorar la sonoridad de un nuevo espect\u00e1culo, que representa actitud y autonom\u00eda en la m\u00fasica instrumental afrobrasile\u00f1a.<\/p>\n<p><a href=\"https:\/\/upla.cl\/noticias\/wp-content\/uploads\/2026\/09\/Panteras4.jpg\"><img loading=\"lazy\" decoding=\"async\" class=\"alignright size-medium wp-image-200948\" src=\"https:\/\/upla.cl\/noticias\/wp-content\/uploads\/2026\/09\/Panteras4-300x200.jpg\" alt=\"\" width=\"300\" height=\"200\" srcset=\"https:\/\/upla.cl\/noticias\/wp-content\/uploads\/2026\/09\/Panteras4-300x200.jpg 300w, https:\/\/upla.cl\/noticias\/wp-content\/uploads\/2026\/09\/Panteras4-1024x681.jpg 1024w, https:\/\/upla.cl\/noticias\/wp-content\/uploads\/2026\/09\/Panteras4-150x100.jpg 150w, https:\/\/upla.cl\/noticias\/wp-content\/uploads\/2026\/09\/Panteras4-768x511.jpg 768w, https:\/\/upla.cl\/noticias\/wp-content\/uploads\/2026\/09\/Panteras4-1536x1022.jpg 1536w, https:\/\/upla.cl\/noticias\/wp-content\/uploads\/2026\/09\/Panteras4.jpg 1920w\" sizes=\"auto, (max-width: 300px) 100vw, 300px\" \/><\/a><strong>Su presencia en la Facultad de Arte de la Universidad de Playa Ancha se sum\u00f3 a otras presentaciones que realizaron en escenarios de distintos puntos de Valpara\u00edso<\/strong>, donde artistas nacionales e internacionales se reunieron para dar vida de manera gratuita a conciertos, jam sessions, clases magistrales, cine foro, mediaciones, intervenciones callejeras, entre otras actividades.<\/p>\n<p>En ese contexto la participaci\u00f3n y presentaciones de las y los artistas en el XI Festival Internacional de Jazz reafirma el compromiso del municipio porte\u00f1o y las instituciones educacionales de Valpara\u00edso con <strong>acercar la cultura a las comunidades educativas, y as\u00ed fortalecer el acceso a las experiencias art\u00edsticas como un derecho de ni\u00f1os, ni\u00f1as y adolescentes, fortaleciendo el v\u00ednculo entre m\u00fasica, educaci\u00f3n, territorio y comunidad en general.<\/strong><\/p>\n","protected":false},"excerpt":{"rendered":"<p>La agrupaci\u00f3n de Salvador de Bah\u00eda se present\u00f3 en el marco de las actividades colaborativas entre la UPLA y la Municipalidad de Valpara\u00edso en el contexto del \u201cXI Festival Internacional de Jazz de Valpara\u00edso\u201d.<\/p>\n","protected":false},"author":21,"featured_media":200946,"comment_status":"closed","ping_status":"open","sticky":false,"template":"","format":"standard","meta":{"footnotes":""},"categories":[52,201,40,97,71,411,91],"tags":[215,920,289,919,216,222],"class_list":["post-200945","post","type-post","status-publish","format-standard","has-post-thumbnail","","category-cultura","category-desarrollo-estudiantil","category-destacados","category-estudiantes","category-facultad-de-arte","category-educacion-musical","category-vinculacion-con-el-medio","tag-facultad-de-arte","tag-jazz","tag-musica","tag-panteras-negras","tag-upla","tag-valpo"],"_links":{"self":[{"href":"https:\/\/upla.cl\/noticias\/wp-json\/wp\/v2\/posts\/200945","targetHints":{"allow":["GET"]}}],"collection":[{"href":"https:\/\/upla.cl\/noticias\/wp-json\/wp\/v2\/posts"}],"about":[{"href":"https:\/\/upla.cl\/noticias\/wp-json\/wp\/v2\/types\/post"}],"author":[{"embeddable":true,"href":"https:\/\/upla.cl\/noticias\/wp-json\/wp\/v2\/users\/21"}],"replies":[{"embeddable":true,"href":"https:\/\/upla.cl\/noticias\/wp-json\/wp\/v2\/comments?post=200945"}],"version-history":[{"count":3,"href":"https:\/\/upla.cl\/noticias\/wp-json\/wp\/v2\/posts\/200945\/revisions"}],"predecessor-version":[{"id":200950,"href":"https:\/\/upla.cl\/noticias\/wp-json\/wp\/v2\/posts\/200945\/revisions\/200950"}],"wp:featuredmedia":[{"embeddable":true,"href":"https:\/\/upla.cl\/noticias\/wp-json\/wp\/v2\/media\/200946"}],"wp:attachment":[{"href":"https:\/\/upla.cl\/noticias\/wp-json\/wp\/v2\/media?parent=200945"}],"wp:term":[{"taxonomy":"category","embeddable":true,"href":"https:\/\/upla.cl\/noticias\/wp-json\/wp\/v2\/categories?post=200945"},{"taxonomy":"post_tag","embeddable":true,"href":"https:\/\/upla.cl\/noticias\/wp-json\/wp\/v2\/tags?post=200945"}],"curies":[{"name":"wp","href":"https:\/\/api.w.org\/{rel}","templated":true}]}}