{"id":200974,"date":"2026-09-02T17:00:01","date_gmt":"2026-09-02T21:00:01","guid":{"rendered":"https:\/\/upla.cl\/noticias\/?p=200974"},"modified":"2026-09-02T17:03:16","modified_gmt":"2026-09-02T21:03:16","slug":"senado-universitario-aprueba-cuatro-nuevas-carreras-tecnicas-y-el-rediseno-de-educacion-parvularia-en-el-itec-upla","status":"publish","type":"post","link":"https:\/\/upla.cl\/noticias\/2026\/09\/02\/senado-universitario-aprueba-cuatro-nuevas-carreras-tecnicas-y-el-rediseno-de-educacion-parvularia-en-el-itec-upla\/","title":{"rendered":"Senado Universitario aprueba tres nuevas carreras t\u00e9cnicas y el redise\u00f1o de Educaci\u00f3n Parvularia en el ITEC UPLA"},"content":{"rendered":"<p data-path-to-node=\"0\"><a href=\"https:\/\/upla.cl\/noticias\/wp-content\/uploads\/2025\/01\/20250127_institutotecnolgoico_graficamatricula.jpeg\"><img loading=\"lazy\" decoding=\"async\" class=\"alignleft size-medium wp-image-182825\" src=\"https:\/\/upla.cl\/noticias\/wp-content\/uploads\/2025\/01\/20250127_institutotecnolgoico_graficamatricula-300x200.jpeg\" alt=\"Gr\u00e1fica: Estudia una carrera t\u00e9cnica en el Instituto Tecnol\u00f3gico de la Universidad de Playa Ancha\" width=\"300\" height=\"200\" srcset=\"https:\/\/upla.cl\/noticias\/wp-content\/uploads\/2025\/01\/20250127_institutotecnolgoico_graficamatricula-300x200.jpeg 300w, https:\/\/upla.cl\/noticias\/wp-content\/uploads\/2025\/01\/20250127_institutotecnolgoico_graficamatricula-1024x683.jpeg 1024w, https:\/\/upla.cl\/noticias\/wp-content\/uploads\/2025\/01\/20250127_institutotecnolgoico_graficamatricula-150x100.jpeg 150w, https:\/\/upla.cl\/noticias\/wp-content\/uploads\/2025\/01\/20250127_institutotecnolgoico_graficamatricula-768x512.jpeg 768w, https:\/\/upla.cl\/noticias\/wp-content\/uploads\/2025\/01\/20250127_institutotecnolgoico_graficamatricula-1536x1025.jpeg 1536w, https:\/\/upla.cl\/noticias\/wp-content\/uploads\/2025\/01\/20250127_institutotecnolgoico_graficamatricula.jpeg 1920w\" sizes=\"auto, (max-width: 300px) 100vw, 300px\" \/><\/a>Un importante paso hacia la modernizaci\u00f3n y pertinencia de su oferta educativa dio el <a href=\"https:\/\/www.upla.cl\/institutotecnologico\/\"><strong>Instituto Tecnol\u00f3gico de la Universidad de Playa Ancha (ITEC UPLA<\/strong>),<\/a> luego de que la <strong>Comisi\u00f3n de Docencia del Senado Universitario<\/strong>\u00a0 y del <strong>Pleno<\/strong>, aprobara un conjunto de nuevas carreras t\u00e9cnicas y el redise\u00f1o curricular de una de sus ofertas tradicionales.<\/p>\n<p data-path-to-node=\"1\">La presentaci\u00f3n de la propuesta estuvo a cargo del <strong>secretario acad\u00e9mico del ITEC UPLA, Miguel Sagredo<\/strong>, quien detall\u00f3 ante la instancia colegiada la incorporaci\u00f3n de cuatro nuevos programas formativos:<strong>\u00a0T\u00e9cnico en Anal\u00edtica y Gesti\u00f3n de Datos, T\u00e9cnico en Telecomunicaciones, redes y servicios digitales, y T\u00e9cnico en gesti\u00f3n social y territorial.<\/strong> Asimismo, la instancia dio luz verde al redise\u00f1o integral de la carrera de<strong> T\u00e9cnico en Educaci\u00f3n Parvularia,<\/strong> consolidando una malla actualizada a los requerimientos contempor\u00e1neos de la disciplina.<\/p>\n<p data-path-to-node=\"2\">La iniciativa institucional responde de manera directa a las demandas de la sociedad actual, articulando una respuesta pertinente frente a las transformaciones del mercado laboral y las necesidades de especializaci\u00f3n t\u00e9cnica en la regi\u00f3n.<\/p>\n<p data-path-to-node=\"3\">Al respecto, el <strong>director del ITEC UPLA, Mauricio Hern\u00e1ndez Flores,<\/strong> valor\u00f3 este avance estrat\u00e9gico de cara al pr\u00f3ximo ciclo formativo. \u00abEsta aprobaci\u00f3n representa un hito fundamental para nuestra instituci\u00f3n. Estamos ampliando y diversificando la oferta acad\u00e9mica del ITEC para el 2027 con carreras altamente pertinentes, dise\u00f1adas para responder con agilidad a las necesidades del entorno sociolaboral y consolidar trayectorias formativas modernas para nuestros futuros estudiantes\u00bb, sostuvo la autoridad, quien precis\u00f3 que actualmente, tanto las nuevas carreras como la actualizaci\u00f3n, est\u00e1n en pleno proceso de elaboraci\u00f3n del decreto correspondiente.<\/p>\n<p data-path-to-node=\"4\">Con esta iniciativa, la <strong>Universidad de Playa Ancha<\/strong>\u00a0fortalece su \u00e1rea t\u00e9cnico-profesional y promueve la inclusi\u00f3n educativa y la movilidad social, con lo cual aporta al desarrollo de trayectorias formativas directamente vinculadas a los desaf\u00edos del mundo laboral actual.<\/p>\n<p data-path-to-node=\"5\">Para m\u00e1s informaci\u00f3n sobre los nuevos programas y los procesos de postulaci\u00f3n, las personas interesadas pueden escribir al correo electr\u00f3nico institutotecnologico@upla.cl<\/p>\n","protected":false},"excerpt":{"rendered":"<p>La Comisi\u00f3n de Docencia dio luz verde a la propuesta presentada por el secretario acad\u00e9mico Miguel Sagredo, incorporando programas clave para el desarrollo sociolaboral y ratificando el compromiso de la instituci\u00f3n con la movilidad social de cara al 2027.<\/p>\n","protected":false},"author":3,"featured_media":182825,"comment_status":"closed","ping_status":"open","sticky":false,"template":"","format":"standard","meta":{"footnotes":""},"categories":[51,40,101,83,1],"tags":[],"class_list":["post-200974","post","type-post","status-publish","format-standard","has-post-thumbnail","","category-academia","category-destacados","category-docencia","category-instituto-tecnologico","category-sin-categoria"],"_links":{"self":[{"href":"https:\/\/upla.cl\/noticias\/wp-json\/wp\/v2\/posts\/200974","targetHints":{"allow":["GET"]}}],"collection":[{"href":"https:\/\/upla.cl\/noticias\/wp-json\/wp\/v2\/posts"}],"about":[{"href":"https:\/\/upla.cl\/noticias\/wp-json\/wp\/v2\/types\/post"}],"author":[{"embeddable":true,"href":"https:\/\/upla.cl\/noticias\/wp-json\/wp\/v2\/users\/3"}],"replies":[{"embeddable":true,"href":"https:\/\/upla.cl\/noticias\/wp-json\/wp\/v2\/comments?post=200974"}],"version-history":[{"count":5,"href":"https:\/\/upla.cl\/noticias\/wp-json\/wp\/v2\/posts\/200974\/revisions"}],"predecessor-version":[{"id":201014,"href":"https:\/\/upla.cl\/noticias\/wp-json\/wp\/v2\/posts\/200974\/revisions\/201014"}],"wp:featuredmedia":[{"embeddable":true,"href":"https:\/\/upla.cl\/noticias\/wp-json\/wp\/v2\/media\/182825"}],"wp:attachment":[{"href":"https:\/\/upla.cl\/noticias\/wp-json\/wp\/v2\/media?parent=200974"}],"wp:term":[{"taxonomy":"category","embeddable":true,"href":"https:\/\/upla.cl\/noticias\/wp-json\/wp\/v2\/categories?post=200974"},{"taxonomy":"post_tag","embeddable":true,"href":"https:\/\/upla.cl\/noticias\/wp-json\/wp\/v2\/tags?post=200974"}],"curies":[{"name":"wp","href":"https:\/\/api.w.org\/{rel}","templated":true}]}}